{"id":67212,"date":"2026-09-02T10:29:18","date_gmt":"2026-09-02T13:29:18","guid":{"rendered":"https:\/\/bonettiassociados.com.br\/?p=67212"},"modified":"2026-09-02T10:29:18","modified_gmt":"2026-09-02T13:29:18","slug":"ibs-cbs-um-so-litigio-duas-justicas","status":"publish","type":"post","link":"https:\/\/bonettiassociados.com.br\/index.php\/2026\/09\/02\/ibs-cbs-um-so-litigio-duas-justicas\/","title":{"rendered":"IBS\/CBS: UM S\u00d3 LIT\u00cdGIO, DUAS JUSTI\u00c7AS"},"content":{"rendered":"<p style=\"text-align: justify;\"><span style=\"font-family: arial, helvetica, sans-serif;\">Constitui\u00e7\u00e3o unificou a tributa\u00e7\u00e3o de consumo exatamente para garantir uniformidade.<\/span><!--more--><\/p>\n<p style=\"text-align: justify;\"><span style=\"font-family: arial, helvetica, sans-serif;\">Enquanto n\u00e3o vier uma\u00a0emenda constitucional\u00a0do processo judicial tribut\u00e1rio, o ordenamento j\u00e1 responde \u00e0 pergunta que a<strong>\u00a0reforma\u00a0tribut\u00e1ria<\/strong>\u00a0deixou em aberto: quando a empresa discute em ju\u00edzo a cobran\u00e7a de\u00a0<strong>CBS<\/strong>\u00a0e de\u00a0<strong>IBS<\/strong>\u00a0sobre a mesma opera\u00e7\u00e3o, as duas a\u00e7\u00f5es devem ser reunidas e julgadas conjuntamente \u2014 na Justi\u00e7a Federal.<\/span><\/p>\n<p style=\"text-align: justify;\"><span style=\"font-family: arial, helvetica, sans-serif;\">A\u00a0<a href=\"https:\/\/www.planalto.gov.br\/ccivil_03\/constituicao\/emendas\/emc\/emc132.htm\">EC 132\/2023<\/a>\u00a0criou dois tributos, mas um \u00fanico fato gerador. O art. 149-B da Constitui\u00e7\u00e3o obriga CBS e IBS a seguirem as mesmas regras de incid\u00eancia, base de c\u00e1lculo, imunidade e cr\u00e9dito. Muda o credor \u2014 a Uni\u00e3o, de um lado; Estados e Munic\u00edpios, reunidos no\u00a0<strong>Comit\u00ea Gestor<\/strong>, de outro. \u00c9, na pr\u00e1tica, um s\u00f3\u00a0tributo\u00a0sobre o consumo, partido em dois para repartir a receita.<\/span><\/p>\n<p style=\"text-align: justify;\"><span style=\"font-family: arial, helvetica, sans-serif;\">Da\u00ed o problema. Como a Uni\u00e3o s\u00f3 \u00e9 demandada na Justi\u00e7a Federal e os entes subnacionais na Justi\u00e7a Estadual, a mesma discuss\u00e3o \u2014 se determinada verba entra na base de c\u00e1lculo, se a opera\u00e7\u00e3o \u00e9 imune, se o cr\u00e9dito pode ser aproveitado \u2014 pode ser levada a dois ramos do Judici\u00e1rio. E respondida de duas formas opostas.<\/span><\/p>\n<p style=\"text-align: justify;\"><span style=\"font-family: arial, helvetica, sans-serif;\">A empresa pode ganhar na CBS e perder no IBS sobre a mesm\u00edssima nota fiscal.\u00a0Ora, isso \u00e9 totalmente dissonante do esp\u00edrito da reforma tribut\u00e1ria,\u00a0que pretendeu justamente centralizar a compet\u00eancia tribut\u00e1ria, visando alcan\u00e7ar efici\u00eancia ao fixar um padr\u00e3o nacional de tributa\u00e7\u00e3o de consumo, ou seja, mirando uniformidade.<\/span><\/p>\n<p style=\"text-align: justify;\"><span style=\"font-family: arial, helvetica, sans-serif;\">De fato,\u00a0se a Constitui\u00e7\u00e3o unificou a tributa\u00e7\u00e3o de consumo e nacionalizou a gest\u00e3o exatamente para garantir uniformidade, tanto que a Constitui\u00e7\u00e3o veda que as regras de qualifica\u00e7\u00e3o entre Uni\u00e3o (CBS) e o Comit\u00ea Gestor do IBS divirjam, seria contradit\u00f3rio que o Poder Judici\u00e1rio pulverizasse a interpreta\u00e7\u00e3o dessas mesmas regras entre Justi\u00e7as distintas.<\/span><\/p>\n<p style=\"text-align: justify;\"><span style=\"font-family: arial, helvetica, sans-serif;\">Por\u00e9m, o\u00a0sistema\u00a0jur\u00eddico\u00a0vigente resolve\u00a0esse problema. O\u00a0<strong>CPC<\/strong>\u00a0manda reunir processos que corram risco de decis\u00f5es conflitantes (art. 55, \u00a7 3\u00ba). A obje\u00e7\u00e3o conhecida \u00e9 que a compet\u00eancia da Justi\u00e7a Federal vem da Constitui\u00e7\u00e3o e n\u00e3o se altera por conex\u00e3o. Ela n\u00e3o prospera aqui: quando a decis\u00e3o tem de ser necessariamente igual para todos \u2014 o litiscons\u00f3rcio unit\u00e1rio \u2014, a presen\u00e7a da Uni\u00e3o atrai toda a causa para o ju\u00edzo federal.<\/span><\/p>\n<p style=\"text-align: justify;\"><span style=\"font-family: arial, helvetica, sans-serif;\">Mas ainda resta a raz\u00e3o que fala mais de perto a quem litiga: julgar em separado \u00e9 caro.<\/span><\/p>\n<p style=\"text-align: justify;\"><span style=\"font-family: arial, helvetica, sans-serif;\">A t\u00edtulo meramente ilustrativo, tome-se como par\u00e2metro o custo m\u00ednimo de um processo de execu\u00e7\u00e3o fiscal \u2014 R$ 9.277,00, segundo Notas T\u00e9cnicas 06\/2023 e 08\/2023 elaboradas pelo N\u00facleo de Processos Estruturais e Complexos do\u00a0<strong>STF<\/strong>. Em 2025, conforme o painel DataJud\/BI do\u00a0<strong>CNJ<\/strong>, a Justi\u00e7a Estadual recebeu 86 mil novos processos relativos ao ICMS. Considerando que o IBS substituir\u00e1 o ICMS e que a CBS apresenta hip\u00f3tese de incid\u00eancia id\u00eantica, a replica\u00e7\u00e3o desse contencioso perante a Justi\u00e7a Federal implicaria gasto adicional aproximado de R$ 797 milh\u00f5es.<\/span><\/p>\n<p style=\"text-align: justify;\"><span style=\"font-family: arial, helvetica, sans-serif;\">Nesse cen\u00e1rio, dois ramos do Poder Judici\u00e1rio julgariam mat\u00e9ria substancialmente id\u00eantica, em verdadeira &#8220;duplicidade&#8221;, o que revela o car\u00e1ter manifestamente antiecon\u00f4mico do processamento e do julgamento separados das demandas.<\/span><\/p>\n<p style=\"text-align: justify;\"><span style=\"font-family: arial, helvetica, sans-serif;\">N\u00e3o menos grave \u00e9 o \u00f4nus imposto ao contribuinte, sobre quem recai, em \u00faltima an\u00e1lise, o custo da fragmenta\u00e7\u00e3o. Obrigado a discutir a mesma opera\u00e7\u00e3o econ\u00f4mica perante dois ramos de Justi\u00e7a, o empres\u00e1rio v\u00ea duplicados \u2014 e n\u00e3o apenas acrescidos \u2014 os disp\u00eandios do lit\u00edgio: honor\u00e1rios advocat\u00edcios contratuais para o patroc\u00ednio de duas demandas aut\u00f4nomas; custas judiciais recolhidas segundo normativos estaduais e federais que n\u00e3o se comunicam; honor\u00e1rios periciais em duplicidade, com risco de laudos divergentes sobre a mesma escritura\u00e7\u00e3o fiscal; garantias do ju\u00edzo prestadas duas vezes, imobilizando capital de giro e comprometendo o limite de cr\u00e9dito da empresa; e dupla sucumb\u00eancia nos honor\u00e1rios ao cabo de dois itiner\u00e1rios recursais paralelos.<\/span><\/p>\n<p style=\"text-align: justify;\"><span style=\"font-family: arial, helvetica, sans-serif;\">Tudo isso contraria o esp\u00edrito da Emenda Constitucional 132\/2023, cujo prop\u00f3sito declarado foi desburocratizar e simplificar a tributa\u00e7\u00e3o sobre o consumo \u2014 sob os princ\u00edpios da simplicidade, da transpar\u00eancia e da coopera\u00e7\u00e3o \u2014 reduzindo o custo de conformidade do contribuinte. Seria contradit\u00f3rio que a unifica\u00e7\u00e3o material dos tributos, concebida para alivi\u00e1-lo, viesse a oner\u00e1-lo justamente na fase em que mais necessita de previsibilidade.<\/span><\/p>\n<p style=\"text-align: justify;\"><span style=\"font-family: arial, helvetica, sans-serif;\">Permitir que dois ramos do Poder Judici\u00e1rio decidam isoladamente a mesma quest\u00e3o constitucionalmente unificada equivaleria a recriar, no plano jurisdicional, a fragmenta\u00e7\u00e3o que a EC 132\/2023 sepultou no plano normativo.<\/span><\/p>\n<p style=\"text-align: justify;\"><span style=\"font-family: arial, helvetica, sans-serif;\">Os artigos publicados pelo JOTA n\u00e3o refletem necessariamente a opini\u00e3o do site. Os textos buscam estimular o debate sobre temas importantes para o pa\u00eds, sempre prestigiando a pluralidade de ideias.<\/span><\/p>\n<p style=\"text-align: justify;\"><span style=\"font-family: arial, helvetica, sans-serif;\"><strong>FONTE: JOTA &#8211; POR LUIZ CL\u00c1UDIO ALLEMAND E AYLTON BONOMO J\u00daNIOR<\/strong><\/span><\/p>\n<p><strong>\u00a0<\/strong><\/p>\n<p><strong>\u00a0<\/strong><\/p>\n","protected":false},"excerpt":{"rendered":"<p>Constitui\u00e7\u00e3o unificou a tributa\u00e7\u00e3o de consumo exatamente para garantir uniformidade.<\/p>\n","protected":false},"author":6,"featured_media":0,"comment_status":"closed","ping_status":"open","sticky":false,"template":"","format":"standard","meta":{"jetpack_post_was_ever_published":false,"_jetpack_newsletter_access":"","_jetpack_dont_email_post_to_subs":false,"_jetpack_newsletter_tier_id":0,"_jetpack_memberships_contains_paywalled_content":false,"footnotes":"","_jetpack_memberships_contains_paid_content":false,"jetpack_publicize_message":"","jetpack_publicize_feature_enabled":true,"jetpack_social_post_already_shared":true,"jetpack_social_options":{"image_generator_settings":{"template":"highway","enabled":false}}},"categories":[9],"tags":[],"jetpack_publicize_connections":[],"jetpack_featured_media_url":"","jetpack_sharing_enabled":true,"jetpack_shortlink":"https:\/\/wp.me\/paFpWR-hu4","_links":{"self":[{"href":"https:\/\/bonettiassociados.com.br\/index.php\/wp-json\/wp\/v2\/posts\/67212"}],"collection":[{"href":"https:\/\/bonettiassociados.com.br\/index.php\/wp-json\/wp\/v2\/posts"}],"about":[{"href":"https:\/\/bonettiassociados.com.br\/index.php\/wp-json\/wp\/v2\/types\/post"}],"author":[{"embeddable":true,"href":"https:\/\/bonettiassociados.com.br\/index.php\/wp-json\/wp\/v2\/users\/6"}],"replies":[{"embeddable":true,"href":"https:\/\/bonettiassociados.com.br\/index.php\/wp-json\/wp\/v2\/comments?post=67212"}],"version-history":[{"count":1,"href":"https:\/\/bonettiassociados.com.br\/index.php\/wp-json\/wp\/v2\/posts\/67212\/revisions"}],"predecessor-version":[{"id":67213,"href":"https:\/\/bonettiassociados.com.br\/index.php\/wp-json\/wp\/v2\/posts\/67212\/revisions\/67213"}],"wp:attachment":[{"href":"https:\/\/bonettiassociados.com.br\/index.php\/wp-json\/wp\/v2\/media?parent=67212"}],"wp:term":[{"taxonomy":"category","embeddable":true,"href":"https:\/\/bonettiassociados.com.br\/index.php\/wp-json\/wp\/v2\/categories?post=67212"},{"taxonomy":"post_tag","embeddable":true,"href":"https:\/\/bonettiassociados.com.br\/index.php\/wp-json\/wp\/v2\/tags?post=67212"}],"curies":[{"name":"wp","href":"https:\/\/api.w.org\/{rel}","templated":true}]}}