{"id":67182,"date":"2026-09-01T11:14:05","date_gmt":"2026-09-01T14:14:05","guid":{"rendered":"https:\/\/bonettiassociados.com.br\/?p=67182"},"modified":"2026-09-01T11:45:47","modified_gmt":"2026-09-01T14:45:47","slug":"stj-define-inicio-do-prazo-para-cobrar-iss-em-autuacoes-contra-bancos","status":"publish","type":"post","link":"https:\/\/bonettiassociados.com.br\/index.php\/2026\/09\/01\/stj-define-inicio-do-prazo-para-cobrar-iss-em-autuacoes-contra-bancos\/","title":{"rendered":"STJ DEFINE IN\u00cdCIO DO PRAZO PARA COBRAR ISS EM AUTUA\u00c7\u00d5ES CONTRA BANCOS"},"content":{"rendered":"<p style=\"text-align: justify;\"><span style=\"font-family: arial, helvetica, sans-serif;\">A decad\u00eancia do direito de cobrar o ISS deve ser contada a partir do fato gerador, nos casos em que o tributo \u00e9 recolhido a partir de lan\u00e7amento por homologa\u00e7\u00e3o, mesmo que o contribuinte tenha feito o pagamento de forma parcial.<\/span><\/p>\n<p style=\"text-align: justify;\"><!--more--><\/p>\n<p style=\"text-align: justify;\"><span style=\"font-family: arial, helvetica, sans-serif;\">Com esse entendimento, a 1\u00aa Turma do Superior Tribunal de Justi\u00e7a deu provimento ao recurso especial ajuizado por um banco, contra autua\u00e7\u00f5es feitas pelo munic\u00edpio de S\u00e3o Paulo.<\/span><\/p>\n<p style=\"text-align: justify;\"><span style=\"font-family: arial, helvetica, sans-serif;\">A decis\u00e3o \u00e9 relevante porque impacta positivamente as institui\u00e7\u00f5es financeiras, que se submetem a uma sistem\u00e1tica complexa de apura\u00e7\u00e3o do imposto municipal, baseada em um padr\u00e3o cont\u00e1bil.<\/span><\/p>\n<p style=\"text-align: justify;\"><span style=\"font-family: arial, helvetica, sans-serif;\">Todas as opera\u00e7\u00f5es praticadas, que individualmente configuram servi\u00e7o, s\u00e3o apuradas por meio da Declara\u00e7\u00e3o de Servi\u00e7os das Institui\u00e7\u00f5es Financeiras, com rela\u00e7\u00e3o das receitas registradas e sujeitas \u00e0 tributa\u00e7\u00e3o do ISS.<\/span><\/p>\n<p style=\"text-align: justify;\"><span style=\"font-family: arial, helvetica, sans-serif;\">S\u00e3o constantes as diverg\u00eancias entre Fiscos municipais e contribuintes quanto \u00e0 submiss\u00e3o de determinadas verbas ao ISS. Quando o tributo \u00e9 pago a menor, ele \u00e9 cobrado por lan\u00e7amento de of\u00edcio feito pelo munic\u00edpio.<\/span><\/p>\n<p style=\"text-align: justify;\"><span style=\"font-family: arial, helvetica, sans-serif;\">O STJ decidiu que o prazo de cinco anos para fazer essa cobran\u00e7a come\u00e7a no m\u00eas em que houve o fato gerador do ISS, conforme previsto no artigo 150, par\u00e1grafo 4\u00ba, do\u00a0<strong>C\u00f3digo Tribut\u00e1rio Nacional<\/strong>.<\/span><\/p>\n<p style=\"text-align: justify;\"><span style=\"font-family: arial, helvetica, sans-serif;\">A alternativa seria iniciar a decad\u00eancia no primeiro dia do exerc\u00edcio seguinte \u00e0quele em que o lan\u00e7amento poderia ter sido efetuado, como prev\u00ea o artigo 173, inciso I do CTN. Nesse caso, os Fiscos teriam prazo potencialmente mais extenso.<\/span><\/p>\n<p style=\"text-align: justify;\"><span style=\"font-family: arial, helvetica, sans-serif;\"><strong>Decad\u00eancia do ISS<\/strong><\/span><\/p>\n<p style=\"text-align: justify;\"><span style=\"font-family: arial, helvetica, sans-serif;\">A posi\u00e7\u00e3o da 1\u00aa Turma do STJ foi constru\u00edda em voto do relator, ministro Gurgel de Faria. Para ele, incide o artigo 150, par\u00e1grafo 4\u00ba, do CTN quando o contribuinte fez o pagamento do ISS de boa-f\u00e9 a tempo e modo, embora em valor inferior ao devido.<\/span><\/p>\n<p style=\"text-align: justify;\"><span style=\"font-family: arial, helvetica, sans-serif;\">A atividade exercida pelo contribuinte de apurar e recolher o tributo fica sujeita \u00e0 verifica\u00e7\u00e3o pelo ente p\u00fablico no prazo de cinco anos. Se n\u00e3o houver revis\u00e3o, considera-se homologa\u00e7\u00e3o t\u00e1cita.<\/span><\/p>\n<p style=\"text-align: justify;\"><span style=\"font-family: arial, helvetica, sans-serif;\">\u201cO objeto da homologa\u00e7\u00e3o \u00e9 o pagamento efetuado. Assim, quando o recolhimento se refere a determinado per\u00edodo de apura\u00e7\u00e3o, sua homologa\u00e7\u00e3o alcan\u00e7a todos os fatos geradores ocorridos nesse intervalo\u201d, explicou o relator.<\/span><\/p>\n<p style=\"text-align: justify;\"><span style=\"font-family: arial, helvetica, sans-serif;\">Dessa forma, n\u00e3o \u00e9 correto condicionar a aplica\u00e7\u00e3o do artigo 150, par\u00e1grafo 4\u00ba, do CTN \u00e0 exist\u00eancia de pagamento do espec\u00edfico cr\u00e9dito tribut\u00e1rio objeto do lan\u00e7amento substitutivo de of\u00edcio.<\/span><\/p>\n<p style=\"text-align: justify;\"><span style=\"font-family: arial, helvetica, sans-serif;\">\u201cA contagem da decad\u00eancia por cada fato gerador isolado, e n\u00e3o pelo pagamento efetuado no per\u00edodo de apura\u00e7\u00e3o, destoa da sistem\u00e1tica do lan\u00e7amento por homologa\u00e7\u00e3o e esvazia a regra prevista no art. 150, \u00a7 4\u00ba, do CTN\u201d, conclui o ministro.\u00a0<\/span><\/p>\n<p style=\"text-align: justify;\"><span style=\"font-family: arial, helvetica, sans-serif;\"><strong>Clique\u00a0<a href=\"https:\/\/conjur.com.br\/wp-content\/uploads\/2026\/08\/STJ-define-inicio-da-decadencia-do-ISS-em-atuacoes-contra-bancos.pdf\">aqui<\/a>\u00a0para ler o ac\u00f3rd\u00e3o<\/strong><\/span><\/p>\n<p style=\"text-align: justify;\"><span style=\"font-family: arial, helvetica, sans-serif;\"><strong>REsp 2.162.837<\/strong><\/span><\/p>\n<p style=\"text-align: justify;\"><span style=\"font-family: arial, helvetica, sans-serif;\"><strong>FONTE: CONSULTOR JUR\u00cdDICO &#8211; POR DANILO VITAL<\/strong><\/span><\/p>\n<p><strong>\u00a0<\/strong><\/p>\n<p><strong>\u00a0<\/strong><\/p>\n","protected":false},"excerpt":{"rendered":"<p>A decad\u00eancia do direito de cobrar o ISS deve ser [&hellip;]<\/p>\n","protected":false},"author":6,"featured_media":0,"comment_status":"closed","ping_status":"open","sticky":false,"template":"","format":"standard","meta":{"jetpack_post_was_ever_published":false,"_jetpack_newsletter_access":"","_jetpack_dont_email_post_to_subs":false,"_jetpack_newsletter_tier_id":0,"_jetpack_memberships_contains_paywalled_content":false,"footnotes":"","_jetpack_memberships_contains_paid_content":false,"jetpack_publicize_message":"","jetpack_publicize_feature_enabled":true,"jetpack_social_post_already_shared":true,"jetpack_social_options":{"image_generator_settings":{"template":"highway","enabled":false}}},"categories":[2],"tags":[],"jetpack_publicize_connections":[],"jetpack_featured_media_url":"","jetpack_sharing_enabled":true,"jetpack_shortlink":"https:\/\/wp.me\/paFpWR-htA","_links":{"self":[{"href":"https:\/\/bonettiassociados.com.br\/index.php\/wp-json\/wp\/v2\/posts\/67182"}],"collection":[{"href":"https:\/\/bonettiassociados.com.br\/index.php\/wp-json\/wp\/v2\/posts"}],"about":[{"href":"https:\/\/bonettiassociados.com.br\/index.php\/wp-json\/wp\/v2\/types\/post"}],"author":[{"embeddable":true,"href":"https:\/\/bonettiassociados.com.br\/index.php\/wp-json\/wp\/v2\/users\/6"}],"replies":[{"embeddable":true,"href":"https:\/\/bonettiassociados.com.br\/index.php\/wp-json\/wp\/v2\/comments?post=67182"}],"version-history":[{"count":2,"href":"https:\/\/bonettiassociados.com.br\/index.php\/wp-json\/wp\/v2\/posts\/67182\/revisions"}],"predecessor-version":[{"id":67186,"href":"https:\/\/bonettiassociados.com.br\/index.php\/wp-json\/wp\/v2\/posts\/67182\/revisions\/67186"}],"wp:attachment":[{"href":"https:\/\/bonettiassociados.com.br\/index.php\/wp-json\/wp\/v2\/media?parent=67182"}],"wp:term":[{"taxonomy":"category","embeddable":true,"href":"https:\/\/bonettiassociados.com.br\/index.php\/wp-json\/wp\/v2\/categories?post=67182"},{"taxonomy":"post_tag","embeddable":true,"href":"https:\/\/bonettiassociados.com.br\/index.php\/wp-json\/wp\/v2\/tags?post=67182"}],"curies":[{"name":"wp","href":"https:\/\/api.w.org\/{rel}","templated":true}]}}