{"id":67157,"date":"2026-09-01T10:04:12","date_gmt":"2026-09-01T13:04:12","guid":{"rendered":"https:\/\/bonettiassociados.com.br\/?p=67157"},"modified":"2026-09-01T10:04:12","modified_gmt":"2026-09-01T13:04:12","slug":"prazo-para-opcao-pelo-simples-nacional-comeca-nesta-terca-feira-1o","status":"publish","type":"post","link":"https:\/\/bonettiassociados.com.br\/index.php\/2026\/09\/01\/prazo-para-opcao-pelo-simples-nacional-comeca-nesta-terca-feira-1o\/","title":{"rendered":"PRAZO PARA OP\u00c7\u00c3O PELO SIMPLES NACIONAL COME\u00c7A NESTA TER\u00c7A-FEIRA (1\u00ba)"},"content":{"rendered":"<p style=\"text-align: justify;\"><span style=\"font-family: arial, helvetica, sans-serif;\">Empresas j\u00e1 constitu\u00eddas que desejam ingressar ou retornar ao regime t\u00eam at\u00e9 30 de setembro para formalizar a op\u00e7\u00e3o, que produzir\u00e1 efeitos a partir de janeiro de 2027.<\/span><\/p>\n<p style=\"text-align: justify;\"><!--more--><\/p>\n<p style=\"text-align: justify;\"><span style=\"font-family: arial, helvetica, sans-serif;\">Come\u00e7a nesta ter\u00e7a-feira (1\u00ba) o prazo para que empresas j\u00e1 constitu\u00eddas solicitem a op\u00e7\u00e3o pelo Simples Nacional para o ano de 2027. O per\u00edodo vai at\u00e9 30 de setembro e a solicita\u00e7\u00e3o deve ser realizada pelo Portal do Simples Nacional ou pelo e-CAC. Se deferida, a op\u00e7\u00e3o produzir\u00e1 efeitos a partir de 1\u00ba de janeiro de 2027.<\/span><\/p>\n<p style=\"text-align: justify;\"><span style=\"font-family: arial, helvetica, sans-serif;\">A mesma janela de setembro tamb\u00e9m se aplica \u00e0s empresas que foram exclu\u00eddas do Simples Nacional com efeitos a partir de 1\u00ba de janeiro de 2027 e desejam retornar ao regime.<\/span><\/p>\n<p style=\"text-align: justify;\"><span style=\"font-family: arial, helvetica, sans-serif;\">A mudan\u00e7a altera o calend\u00e1rio tradicional de ades\u00e3o. At\u00e9 ent\u00e3o, a op\u00e7\u00e3o pelo Simples Nacional era realizada em janeiro, assim como o prazo para regulariza\u00e7\u00e3o de eventuais pend\u00eancias.<\/span><\/p>\n<p style=\"text-align: justify;\"><span style=\"font-family: arial, helvetica, sans-serif;\">Antes da confirma\u00e7\u00e3o do pedido, o sistema realizar\u00e1 uma an\u00e1lise para identificar poss\u00edveis pend\u00eancias que impe\u00e7am o ingresso no regime. Por isso, a orienta\u00e7\u00e3o \u00e9 que as empresas n\u00e3o deixem a solicita\u00e7\u00e3o para os \u00faltimos dias do prazo, mesmo que existam irregularidades a serem regularizadas posteriormente, dentro do per\u00edodo estabelecido.<\/span><\/p>\n<p style=\"text-align: justify;\"><span style=\"font-family: arial, helvetica, sans-serif;\">Em caso de indeferimento, o contribuinte poder\u00e1 regularizar as pend\u00eancias ou contestar o Termo de Indeferimento. Quando o termo for emitido pela Receita Federal, a impugna\u00e7\u00e3o dever\u00e1 ser apresentada no prazo de at\u00e9 20 dias \u00fateis.<\/span><\/p>\n<p style=\"text-align: justify;\"><span style=\"font-family: arial, helvetica, sans-serif;\"><strong>Mudan\u00e7a ocorre no contexto da Reforma Tribut\u00e1ria<\/strong><\/span><\/p>\n<p style=\"text-align: justify;\"><span style=\"font-family: arial, helvetica, sans-serif;\">A altera\u00e7\u00e3o do calend\u00e1rio est\u00e1 relacionada \u00e0 implanta\u00e7\u00e3o da Reforma Tribut\u00e1ria do Consumo e \u00e0 adapta\u00e7\u00e3o do Simples Nacional \u00e0s novas regras do Imposto sobre Bens e Servi\u00e7os (IBS) e da Contribui\u00e7\u00e3o sobre Bens e Servi\u00e7os (CBS).<\/span><\/p>\n<p style=\"text-align: justify;\"><span style=\"font-family: arial, helvetica, sans-serif;\">Al\u00e9m da op\u00e7\u00e3o pelo regime, as empresas optantes pelo Simples Nacional dever\u00e3o observar as novas regras e os prazos relacionados \u00e0 forma de recolhimento do IBS e da CBS.<\/span><\/p>\n<p style=\"text-align: justify;\"><span style=\"font-family: arial, helvetica, sans-serif;\">A Secretaria-Executiva do Comit\u00ea Gestor do Simples Nacional (CGSN) divulgou orienta\u00e7\u00f5es espec\u00edficas para a op\u00e7\u00e3o pelo regime em 2027, incluindo procedimentos para empresas n\u00e3o optantes, empresas exclu\u00eddas e contribuintes em in\u00edcio de atividade.<\/span><\/p>\n<p style=\"text-align: justify;\"><span style=\"font-family: arial, helvetica, sans-serif;\"><a href=\"https:\/\/fenacon.org.br\/noticias\/comite-gestor-divulga-orientacoes-para-a-opcao-pelo-simples-nacional-em-2027\/\">Confira as orienta\u00e7\u00f5es para a op\u00e7\u00e3o pelo Simples Nacional em 2027<\/a><\/span><\/p>\n<p style=\"text-align: justify;\"><span style=\"font-family: arial, helvetica, sans-serif;\"><strong>FONTE: FENACON &#8211; POR FERNADO OLIVAN <\/strong><\/span><\/p>\n<p><strong>\u00a0<\/strong><\/p>\n<p><strong>\u00a0<\/strong><\/p>\n","protected":false},"excerpt":{"rendered":"<p>Empresas j\u00e1 constitu\u00eddas que desejam ingressar ou retornar ao regime [&hellip;]<\/p>\n","protected":false},"author":6,"featured_media":0,"comment_status":"closed","ping_status":"open","sticky":false,"template":"","format":"standard","meta":{"jetpack_post_was_ever_published":false,"_jetpack_newsletter_access":"","_jetpack_dont_email_post_to_subs":false,"_jetpack_newsletter_tier_id":0,"_jetpack_memberships_contains_paywalled_content":false,"footnotes":"","_jetpack_memberships_contains_paid_content":false,"jetpack_publicize_message":"","jetpack_publicize_feature_enabled":true,"jetpack_social_post_already_shared":true,"jetpack_social_options":{"image_generator_settings":{"template":"highway","enabled":false}}},"categories":[9],"tags":[],"jetpack_publicize_connections":[],"jetpack_featured_media_url":"","jetpack_sharing_enabled":true,"jetpack_shortlink":"https:\/\/wp.me\/paFpWR-htb","_links":{"self":[{"href":"https:\/\/bonettiassociados.com.br\/index.php\/wp-json\/wp\/v2\/posts\/67157"}],"collection":[{"href":"https:\/\/bonettiassociados.com.br\/index.php\/wp-json\/wp\/v2\/posts"}],"about":[{"href":"https:\/\/bonettiassociados.com.br\/index.php\/wp-json\/wp\/v2\/types\/post"}],"author":[{"embeddable":true,"href":"https:\/\/bonettiassociados.com.br\/index.php\/wp-json\/wp\/v2\/users\/6"}],"replies":[{"embeddable":true,"href":"https:\/\/bonettiassociados.com.br\/index.php\/wp-json\/wp\/v2\/comments?post=67157"}],"version-history":[{"count":1,"href":"https:\/\/bonettiassociados.com.br\/index.php\/wp-json\/wp\/v2\/posts\/67157\/revisions"}],"predecessor-version":[{"id":67158,"href":"https:\/\/bonettiassociados.com.br\/index.php\/wp-json\/wp\/v2\/posts\/67157\/revisions\/67158"}],"wp:attachment":[{"href":"https:\/\/bonettiassociados.com.br\/index.php\/wp-json\/wp\/v2\/media?parent=67157"}],"wp:term":[{"taxonomy":"category","embeddable":true,"href":"https:\/\/bonettiassociados.com.br\/index.php\/wp-json\/wp\/v2\/categories?post=67157"},{"taxonomy":"post_tag","embeddable":true,"href":"https:\/\/bonettiassociados.com.br\/index.php\/wp-json\/wp\/v2\/tags?post=67157"}],"curies":[{"name":"wp","href":"https:\/\/api.w.org\/{rel}","templated":true}]}}