{"id":67138,"date":"2026-08-31T10:42:27","date_gmt":"2026-08-31T13:42:27","guid":{"rendered":"https:\/\/bonettiassociados.com.br\/?p=67138"},"modified":"2026-08-31T10:42:27","modified_gmt":"2026-08-31T13:42:27","slug":"destaque-do-relator-zera-placar-no-stf-sobre-tributacao-do-lucro-de-controladas-no-exterior","status":"publish","type":"post","link":"https:\/\/bonettiassociados.com.br\/index.php\/2026\/08\/31\/destaque-do-relator-zera-placar-no-stf-sobre-tributacao-do-lucro-de-controladas-no-exterior\/","title":{"rendered":"DESTAQUE DO RELATOR ZERA PLACAR NO STF SOBRE TRIBUTA\u00c7\u00c3O DO LUCRO DE CONTROLADAS NO EXTERIOR"},"content":{"rendered":"<p style=\"text-align: justify;\"><span style=\"font-family: arial, helvetica, sans-serif;\">Antes do pedido de Mendon\u00e7a, vencia a corrente puxada pelo ministro Gilmar Mendes, de que a\u00a0tributa\u00e7\u00e3o\u00a0\u00e9 constitucional.<\/span><\/p>\n<p style=\"text-align: justify;\"><!--more--><\/p>\n<p style=\"text-align: justify;\"><span style=\"font-family: arial, helvetica, sans-serif;\">O ministro relator\u00a0<strong>Andr\u00e9<\/strong> <strong>Mendon\u00e7a<\/strong>\u00a0pediu destaque e levar\u00e1 ao plen\u00e1rio f\u00edsico o julgamento sobre a incid\u00eancia de\u00a0<strong>IRPJ<\/strong>\u00a0e\u00a0<strong>CSLL<\/strong>, no Brasil, sobre o lucro de\u00a0controladas\u00a0e coligadas no\u00a0exterior. Com isso, o placar de at\u00e9 ent\u00e3o seis votos desfavor\u00e1veis aos contribuintes ser\u00e1 zerado. N\u00e3o h\u00e1 data para o novo julgamento, que depender\u00e1 da indica\u00e7\u00e3o do presidente da Corte, ministro Edson Fachin, para ser pautado.<\/span><\/p>\n<p style=\"text-align: justify;\"><span style=\"font-family: arial, helvetica, sans-serif;\">O caso estava na pauta do plen\u00e1rio virtual da Corte at\u00e9 esta sexta-feira (28\/8) e somava tr\u00eas propostas de tese. Faltava somente o voto de Fachin.<\/span><\/p>\n<p style=\"text-align: justify;\"><span style=\"font-family: arial, helvetica, sans-serif;\">Antes do pedido de destaque, vencia a corrente puxada pelo ministro\u00a0<strong>Gilmar Mendes<\/strong>. Ele entende que a\u00a0tributa\u00e7\u00e3o\u00a0\u00e9 constitucional, considerando que os lucros pertencem \u00e0 companhia nacional e que a discuss\u00e3o n\u00e3o envolve a interpreta\u00e7\u00e3o ou aplica\u00e7\u00e3o de tratados internacionais, porque eles n\u00e3o se aplicariam ao caso espec\u00edfico, j\u00e1 que os tributos s\u00e3o cobrados sobre a renda da empresa brasileira e n\u00e3o da subsidi\u00e1ria estrangeira.<\/span><\/p>\n<p style=\"text-align: justify;\"><span style=\"font-family: arial, helvetica, sans-serif;\">O entendimento foi acompanhado pelos ministros\u00a0<strong>Alexandre de Moraes,\u00a0Nunes Marques,\u00a0Cristiano Zanin,\u00a0Fl\u00e1vio Dino\u00a0<\/strong>e<strong>\u00a0C\u00e1rmen L\u00facia.<\/strong><\/span><\/p>\n<p style=\"text-align: justify;\"><span style=\"font-family: arial, helvetica, sans-serif;\"><strong>Contra a incid\u00eancia<\/strong><\/span><\/p>\n<p style=\"text-align: justify;\"><span style=\"font-family: arial, helvetica, sans-serif;\">O relator, ministro Andr\u00e9 Mendon\u00e7a, proferiu voto afastando a\u00a0tributa\u00e7\u00e3o, sendo seguido pelo ministro Luiz Fux. Para eles, afastar os efeitos previstos no artigo 7\u00ba do modelo de conven\u00e7\u00e3o da Organiza\u00e7\u00e3o para a Coopera\u00e7\u00e3o e o Desenvolvimento Econ\u00f4mico (OCDE) pode frustrar os contribuintes que estruturaram suas opera\u00e7\u00f5es a partir da legisla\u00e7\u00e3o e da interpreta\u00e7\u00e3o sobre ela vigentes.<\/span><\/p>\n<p style=\"text-align: justify;\"><span style=\"font-family: arial, helvetica, sans-serif;\">O dispositivo prev\u00ea que o residente de um pa\u00eds que mant\u00e9m estabelecimento no\u00a0exterior\u00a0est\u00e1 sujeito \u00e0\u00a0tributa\u00e7\u00e3o\u00a0de acordo com a legisla\u00e7\u00e3o do pa\u00eds em que se encontra.<\/span><\/p>\n<p style=\"text-align: justify;\"><span style=\"font-family: arial, helvetica, sans-serif;\">Em diverg\u00eancia, o ministro Dias Toffoli tamb\u00e9m votou contra a incid\u00eancia dos tributos por entender que os acordos internacionais contra a dupla\u00a0tributa\u00e7\u00e3o\u00a0se sobrep\u00f5em \u00e0s leis internas. Contudo, defendeu a validade da incid\u00eancia sobre a controlada localizada nas Bermudas, por n\u00e3o ter tratados do tipo.<\/span><\/p>\n<p style=\"text-align: justify;\"><span style=\"font-family: arial, helvetica, sans-serif;\">Para a tributarista Renata Emery, o destaque d\u00e1 \u00e0s partes a oportunidade de realizar sustenta\u00e7\u00e3o oral e ganham tempo para tentar convencer os ministros a mudar de voto. \u201cPara que o caso tenha um resultado diferente, ao menos um dos ministros que votou com a Fazenda precisa mudar de posi\u00e7\u00e3o, caso contr\u00e1rio mant\u00e9m-se a maioria formada no sentido de afastar a aplica\u00e7\u00e3o do artigo 7\u00ba do tratado contra dupla\u00a0tributa\u00e7\u00e3o\u201d, afirmou.<\/span><\/p>\n<p style=\"text-align: justify;\"><span style=\"font-family: arial, helvetica, sans-serif;\"><strong>Relev\u00e2ncia do caso<\/strong><\/span><\/p>\n<p style=\"text-align: justify;\"><span style=\"font-family: arial, helvetica, sans-serif;\">O processo envolve a Vale, que tentava afastar a incid\u00eancia dos tributos sobre o resultado de coligadas e\u00a0controladas\u00a0da empresa na B\u00e9lgica, na Dinamarca e em Luxemburgo, pa\u00edses com os quais o Brasil tem acordos para evitar a dupla\u00a0tributa\u00e7\u00e3o.<\/span><\/p>\n<p style=\"text-align: justify;\"><span style=\"font-family: arial, helvetica, sans-serif;\">Embora n\u00e3o tramite na sistem\u00e1tica de repercuss\u00e3o geral, o tema \u00e9 acompanhado de perto pelo governo devido ao relevante precedente a ser formado a partir do julgamento. A Receita calcula um risco fiscal de R$ 22 bilh\u00f5es em caso de derrota, de acordo com dados da Lei de Diretrizes Or\u00e7ament\u00e1rias (LDO) de 2026. O PLDO de 2027 n\u00e3o especificou os valores estimados de perda.<\/span><\/p>\n<p style=\"text-align: justify;\"><span style=\"font-family: arial, helvetica, sans-serif;\">Fontes pr\u00f3ximas ao tema, por\u00e9m, estimam que o impacto possa ser maior. Isso porque um resultado favor\u00e1vel \u00e0 Vale, a depender da reda\u00e7\u00e3o, pode abrir espa\u00e7o para que a companhia tente recuperar cerca de R$ 32 bilh\u00f5es relacionados \u00e0 tese que foram parcelados pela empresa.<\/span><\/p>\n<p style=\"text-align: justify;\"><span style=\"font-family: arial, helvetica, sans-serif;\"><strong>FONTE: JOTA &#8211; POR KATARINA MORAES<\/strong><\/span><\/p>\n<p><strong>\u00a0<\/strong><\/p>\n<p><strong>\u00a0<\/strong><\/p>\n","protected":false},"excerpt":{"rendered":"<p>Antes do pedido de Mendon\u00e7a, vencia a corrente puxada pelo [&hellip;]<\/p>\n","protected":false},"author":6,"featured_media":0,"comment_status":"closed","ping_status":"open","sticky":false,"template":"","format":"standard","meta":{"jetpack_post_was_ever_published":false,"_jetpack_newsletter_access":"","_jetpack_dont_email_post_to_subs":false,"_jetpack_newsletter_tier_id":0,"_jetpack_memberships_contains_paywalled_content":false,"footnotes":"","_jetpack_memberships_contains_paid_content":false,"jetpack_publicize_message":"","jetpack_publicize_feature_enabled":true,"jetpack_social_post_already_shared":true,"jetpack_social_options":{"image_generator_settings":{"template":"highway","enabled":false}}},"categories":[2],"tags":[],"jetpack_publicize_connections":[],"jetpack_featured_media_url":"","jetpack_sharing_enabled":true,"jetpack_shortlink":"https:\/\/wp.me\/paFpWR-hsS","_links":{"self":[{"href":"https:\/\/bonettiassociados.com.br\/index.php\/wp-json\/wp\/v2\/posts\/67138"}],"collection":[{"href":"https:\/\/bonettiassociados.com.br\/index.php\/wp-json\/wp\/v2\/posts"}],"about":[{"href":"https:\/\/bonettiassociados.com.br\/index.php\/wp-json\/wp\/v2\/types\/post"}],"author":[{"embeddable":true,"href":"https:\/\/bonettiassociados.com.br\/index.php\/wp-json\/wp\/v2\/users\/6"}],"replies":[{"embeddable":true,"href":"https:\/\/bonettiassociados.com.br\/index.php\/wp-json\/wp\/v2\/comments?post=67138"}],"version-history":[{"count":1,"href":"https:\/\/bonettiassociados.com.br\/index.php\/wp-json\/wp\/v2\/posts\/67138\/revisions"}],"predecessor-version":[{"id":67139,"href":"https:\/\/bonettiassociados.com.br\/index.php\/wp-json\/wp\/v2\/posts\/67138\/revisions\/67139"}],"wp:attachment":[{"href":"https:\/\/bonettiassociados.com.br\/index.php\/wp-json\/wp\/v2\/media?parent=67138"}],"wp:term":[{"taxonomy":"category","embeddable":true,"href":"https:\/\/bonettiassociados.com.br\/index.php\/wp-json\/wp\/v2\/categories?post=67138"},{"taxonomy":"post_tag","embeddable":true,"href":"https:\/\/bonettiassociados.com.br\/index.php\/wp-json\/wp\/v2\/tags?post=67138"}],"curies":[{"name":"wp","href":"https:\/\/api.w.org\/{rel}","templated":true}]}}