{"id":67108,"date":"2026-08-31T09:51:37","date_gmt":"2026-08-31T12:51:37","guid":{"rendered":"https:\/\/bonettiassociados.com.br\/?p=67108"},"modified":"2026-08-31T09:51:37","modified_gmt":"2026-08-31T12:51:37","slug":"split-payment-entre-empresas-deve-ser-obrigatorio-so-em-2028","status":"publish","type":"post","link":"https:\/\/bonettiassociados.com.br\/index.php\/2026\/08\/31\/split-payment-entre-empresas-deve-ser-obrigatorio-so-em-2028\/","title":{"rendered":"SPLIT PAYMENT ENTRE EMPRESAS DEVE SER OBRIGAT\u00d3RIO S\u00d3 EM 2028"},"content":{"rendered":"<p style=\"text-align: justify;\"><span style=\"font-family: arial, helvetica, sans-serif;\">Informa\u00e7\u00e3o \u00e9 da Secretaria da Receita Federal, que fala em complexidade de integra\u00e7\u00e3o de mais de 200 institui\u00e7\u00f5es financeiras.<\/span><\/p>\n<p style=\"text-align: justify;\"><!--more--><\/p>\n<p style=\"text-align: justify;\"><span style=\"font-family: arial, helvetica, sans-serif;\">O split payment (recolhimento autom\u00e1tico dos tributos) da reforma tribut\u00e1ria s\u00f3 deve se tornar obrigat\u00f3rio para opera\u00e7\u00f5es entre empresas, chamadas de \u201cbusiness to business\u201d (B2B), a partir de 2028. A informa\u00e7\u00e3o foi confirmada ao g1 pela Secretaria da Receita Federal.<\/span><\/p>\n<p style=\"text-align: justify;\"><span style=\"font-family: arial, helvetica, sans-serif;\">O mecanismo direcionar\u00e1 automaticamente parte dos pagamentos \u00e0 Receita Federal no momento da transa\u00e7\u00e3o. Hoje, o intervalo entre o recebimento da venda e o recolhimento dos tributos pode ser usado pelas empresas como capital de giro.<\/span><\/p>\n<p style=\"text-align: justify;\"><span style=\"font-family: arial, helvetica, sans-serif;\">Juliano Neves, subsecret\u00e1rio de Gest\u00e3o Corporativa da Receita Federal, disse ao g1 que o sistema estar\u00e1 pronto no in\u00edcio de 2027, mas que sua disponibilidade t\u00e9cnica n\u00e3o \u00e9 suficiente para tornar o mecanismo obrigat\u00f3rio.<\/span><\/p>\n<p style=\"text-align: justify;\"><span style=\"font-family: arial, helvetica, sans-serif;\">O split payment s\u00f3 poder\u00e1 ser uma obriga\u00e7\u00e3o quando todas as institui\u00e7\u00f5es financeiras respons\u00e1veis pelos meios de pagamento estiverem integradas \u00e0 plataforma da Receita.<\/span><\/p>\n<p style=\"text-align: justify;\"><span style=\"font-family: arial, helvetica, sans-serif;\">S\u00e3o mais de 200 institui\u00e7\u00f5es, e a ades\u00e3o delas deve ser realizada de forma gradual ao longo de 2027.<\/span><\/p>\n<p style=\"text-align: justify;\"><span style=\"font-family: arial, helvetica, sans-serif;\">\u201cA gente vai come\u00e7ar de forma opcional, meio de pagamento a meio de pagamento [com um cronograma]. Talvez, o 1\u00ba deve ser a transfer\u00eancia eletr\u00f4nica financeira, depois a gente vai come\u00e7ar com o Pix est\u00e1tico e a gente vai subindo modelos ao longo do ano. E a\u00ed eu n\u00e3o consigo precisar uma data [para o split obrigat\u00f3rio], porque depende do lado dos prestadores de servi\u00e7os de pagamento estarem prontos\u201d, disse.<\/span><\/p>\n<p style=\"text-align: justify;\"><span style=\"font-family: arial, helvetica, sans-serif;\">Conclu\u00eddo esse processo, o split payment passar\u00e1 a ser obrigat\u00f3rio.<\/span><\/p>\n<p style=\"text-align: justify;\"><span style=\"font-family: arial, helvetica, sans-serif;\">\u201cPara as empresas que v\u00e3o estar afetadas, a 1\u00aa coisa \u00e9: calma, que o \u2018split payment\u2019 n\u00e3o vai ser obrigat\u00f3rio instant\u00e2neo de uma vez. Ent\u00e3o, ao longo de 2027, a gente vai come\u00e7ar a colocar opcionalmente por meios de pagamento, indo devagarzinho. Ningu\u00e9m vai ser obrigado enquanto n\u00e3o estiver dispon\u00edvel para todos os meios de pagamento. Provavelmente, em 2027 n\u00e3o vai dar tempo\u201d, declarou o subsecret\u00e1rio.<\/span><\/p>\n<p style=\"text-align: justify;\"><span style=\"font-family: arial, helvetica, sans-serif;\"><strong>FONTE: PODER 360<\/strong><\/span><\/p>\n<p style=\"text-align: justify;\">\n<p><strong>\u00a0<\/strong><\/p>\n","protected":false},"excerpt":{"rendered":"<p>Informa\u00e7\u00e3o \u00e9 da Secretaria da Receita Federal, que fala em [&hellip;]<\/p>\n","protected":false},"author":6,"featured_media":0,"comment_status":"closed","ping_status":"open","sticky":false,"template":"","format":"standard","meta":{"jetpack_post_was_ever_published":false,"_jetpack_newsletter_access":"","_jetpack_dont_email_post_to_subs":false,"_jetpack_newsletter_tier_id":0,"_jetpack_memberships_contains_paywalled_content":false,"footnotes":"","_jetpack_memberships_contains_paid_content":false,"jetpack_publicize_message":"","jetpack_publicize_feature_enabled":true,"jetpack_social_post_already_shared":true,"jetpack_social_options":{"image_generator_settings":{"template":"highway","enabled":false}}},"categories":[9],"tags":[],"jetpack_publicize_connections":[],"jetpack_featured_media_url":"","jetpack_sharing_enabled":true,"jetpack_shortlink":"https:\/\/wp.me\/paFpWR-hso","_links":{"self":[{"href":"https:\/\/bonettiassociados.com.br\/index.php\/wp-json\/wp\/v2\/posts\/67108"}],"collection":[{"href":"https:\/\/bonettiassociados.com.br\/index.php\/wp-json\/wp\/v2\/posts"}],"about":[{"href":"https:\/\/bonettiassociados.com.br\/index.php\/wp-json\/wp\/v2\/types\/post"}],"author":[{"embeddable":true,"href":"https:\/\/bonettiassociados.com.br\/index.php\/wp-json\/wp\/v2\/users\/6"}],"replies":[{"embeddable":true,"href":"https:\/\/bonettiassociados.com.br\/index.php\/wp-json\/wp\/v2\/comments?post=67108"}],"version-history":[{"count":1,"href":"https:\/\/bonettiassociados.com.br\/index.php\/wp-json\/wp\/v2\/posts\/67108\/revisions"}],"predecessor-version":[{"id":67109,"href":"https:\/\/bonettiassociados.com.br\/index.php\/wp-json\/wp\/v2\/posts\/67108\/revisions\/67109"}],"wp:attachment":[{"href":"https:\/\/bonettiassociados.com.br\/index.php\/wp-json\/wp\/v2\/media?parent=67108"}],"wp:term":[{"taxonomy":"category","embeddable":true,"href":"https:\/\/bonettiassociados.com.br\/index.php\/wp-json\/wp\/v2\/categories?post=67108"},{"taxonomy":"post_tag","embeddable":true,"href":"https:\/\/bonettiassociados.com.br\/index.php\/wp-json\/wp\/v2\/tags?post=67108"}],"curies":[{"name":"wp","href":"https:\/\/api.w.org\/{rel}","templated":true}]}}