{"id":67104,"date":"2026-08-31T09:50:08","date_gmt":"2026-08-31T12:50:08","guid":{"rendered":"https:\/\/bonettiassociados.com.br\/?p=67104"},"modified":"2026-08-31T09:50:08","modified_gmt":"2026-08-31T12:50:08","slug":"reforma-tributaria-lei-complementar-no-214-2025-recebe-alteracoes-relativas-a-exportacao-indireta-e-aliquota-de-combustiveis","status":"publish","type":"post","link":"https:\/\/bonettiassociados.com.br\/index.php\/2026\/08\/31\/reforma-tributaria-lei-complementar-no-214-2025-recebe-alteracoes-relativas-a-exportacao-indireta-e-aliquota-de-combustiveis\/","title":{"rendered":"REFORMA TRIBUT\u00c1RIA &#8211; LEI COMPLEMENTAR N\u00ba 214\/2025 RECEBE ALTERA\u00c7\u00d5ES RELATIVAS A EXPORTA\u00c7\u00c3O INDIRETA E AL\u00cdQUOTA DE COMBUST\u00cdVEIS"},"content":{"rendered":"<p style=\"text-align: justify;\"><span style=\"font-family: arial, helvetica, sans-serif;\">Lei Complementar n\u00ba\u00a0<strong>235\/2026<\/strong>\u00a0&#8211; DOU de 28.08.2026.<\/span><\/p>\n<p style=\"text-align: justify;\"><!--more--><\/p>\n<p style=\"text-align: justify;\"><span style=\"font-family: arial, helvetica, sans-serif;\">A Lei Complementar n\u00ba\u00a0<strong>214\/2025\u00a0<\/strong>prev\u00ea a possibilidade de suspens\u00e3o do pagamento do IBS e da CBS em opera\u00e7\u00f5es destinadas a uma empresa comercial exportadora, desde que sejam atendidos os requisitos estabelecidos na legisla\u00e7\u00e3o e a mercadoria seja destinada especificamente \u00e0 exporta\u00e7\u00e3o.<\/span><\/p>\n<p style=\"text-align: justify;\"><span style=\"font-family: arial, helvetica, sans-serif;\">Essa possibilidade de suspens\u00e3o tamb\u00e9m se aplica \u00e0s opera\u00e7\u00f5es com produtos agropecu\u00e1rios in natura, quando destinadas a um contribuinte do regime regular que realize a industrializa\u00e7\u00e3o desses produtos e, posteriormente, sua exporta\u00e7\u00e3o.<\/span><\/p>\n<p style=\"text-align: justify;\"><span style=\"font-family: arial, helvetica, sans-serif;\">Um dos requisitos previstos originalmente na Lei Complementar n\u00ba\u00a0<strong>214\/2025<\/strong>\u00a0estabelece que o contribuinte respons\u00e1vel pela industrializa\u00e7\u00e3o e posterior exporta\u00e7\u00e3o deveria ter apresentado, nos tr\u00eas anos-calend\u00e1rio imediatamente anteriores ao ano da aquisi\u00e7\u00e3o, receita bruta decorrente de exporta\u00e7\u00f5es para o exterior superior a 50% de sua receita bruta total de venda de bens e servi\u00e7os no mesmo per\u00edodo, considerando a receita ap\u00f3s a exclus\u00e3o dos tributos incidentes sobre as vendas.<\/span><\/p>\n<p style=\"text-align: justify;\"><span style=\"font-family: arial, helvetica, sans-serif;\">Com a publica\u00e7\u00e3o da Lei Complementar n\u00ba\u00a0<strong>235\/2026\u00a0,<\/strong> esse percentual foi reduzido de 50% para 30%.<\/span><\/p>\n<p style=\"text-align: justify;\"><span style=\"font-family: arial, helvetica, sans-serif;\">Assim, para atender a esse requisito, passa a ser necess\u00e1rio que a receita bruta decorrente de exporta\u00e7\u00f5es represente mais de 30% da receita bruta total de venda de bens e servi\u00e7os, observadas as demais condi\u00e7\u00f5es previstas na legisla\u00e7\u00e3o.<\/span><\/p>\n<p style=\"text-align: justify;\"><span style=\"font-family: arial, helvetica, sans-serif;\">Outro ponto da Lei Complementar n\u00ba\u00a0<strong>214\/2025<\/strong>\u00a0que foi impactado pela nova legisla\u00e7\u00e3o est\u00e1 relacionado aos crit\u00e9rios utilizados para a apura\u00e7\u00e3o da al\u00edquota da CBS, especificamente no que diz respeito \u00e0s redu\u00e7\u00f5es das al\u00edquotas de PIS e COFINS ocorridas entre mar\u00e7o e junho de 2026.<\/span><\/p>\n<p style=\"text-align: justify;\"><span style=\"font-family: arial, helvetica, sans-serif;\">Embora tenham ocorrido redu\u00e7\u00f5es nas al\u00edquotas de PIS e COFINS nesse per\u00edodo, para fins de apura\u00e7\u00e3o da carga tribut\u00e1ria direta, que constitui um dos crit\u00e9rios utilizados para determinar a al\u00edquota da CBS aplic\u00e1vel ao setor de combust\u00edveis, ser\u00e3o consideradas as al\u00edquotas que estavam vigentes em fevereiro de 2026.<\/span><\/p>\n<p style=\"text-align: justify;\"><span style=\"font-family: arial, helvetica, sans-serif;\">Dessa forma, as redu\u00e7\u00f5es efetivamente ocorridas entre mar\u00e7o e junho de 2026 n\u00e3o ser\u00e3o consideradas para esse c\u00e1lculo espec\u00edfico da al\u00edquota da CBS.<\/span><\/p>\n<p style=\"text-align: justify;\"><span style=\"font-family: arial, helvetica, sans-serif;\">Essas altera\u00e7\u00f5es entram em vigor na data da publica\u00e7\u00e3o da norma (28.08.2026).<\/span><\/p>\n<p style=\"text-align: justify;\"><span style=\"font-family: arial, helvetica, sans-serif;\">(Lei Complementar n\u00ba\u00a0<strong>235\/2026\u00a0&#8211; <\/strong>DOU de 28.08.2026)<\/span><\/p>\n<p style=\"text-align: justify;\"><span style=\"font-family: arial, helvetica, sans-serif;\"><strong>FONTE:\u00a0EDITORIAL IOB<\/strong><\/span><\/p>\n<p><strong>\u00a0<\/strong><\/p>\n<p>&nbsp;<\/p>\n","protected":false},"excerpt":{"rendered":"<p>Lei Complementar n\u00ba\u00a0235\/2026\u00a0&#8211; DOU de 28.08.2026.<\/p>\n","protected":false},"author":6,"featured_media":0,"comment_status":"closed","ping_status":"open","sticky":false,"template":"","format":"standard","meta":{"jetpack_post_was_ever_published":false,"_jetpack_newsletter_access":"","_jetpack_dont_email_post_to_subs":false,"_jetpack_newsletter_tier_id":0,"_jetpack_memberships_contains_paywalled_content":false,"footnotes":"","_jetpack_memberships_contains_paid_content":false,"jetpack_publicize_message":"","jetpack_publicize_feature_enabled":true,"jetpack_social_post_already_shared":true,"jetpack_social_options":{"image_generator_settings":{"template":"highway","enabled":false}}},"categories":[9],"tags":[],"jetpack_publicize_connections":[],"jetpack_featured_media_url":"","jetpack_sharing_enabled":true,"jetpack_shortlink":"https:\/\/wp.me\/paFpWR-hsk","_links":{"self":[{"href":"https:\/\/bonettiassociados.com.br\/index.php\/wp-json\/wp\/v2\/posts\/67104"}],"collection":[{"href":"https:\/\/bonettiassociados.com.br\/index.php\/wp-json\/wp\/v2\/posts"}],"about":[{"href":"https:\/\/bonettiassociados.com.br\/index.php\/wp-json\/wp\/v2\/types\/post"}],"author":[{"embeddable":true,"href":"https:\/\/bonettiassociados.com.br\/index.php\/wp-json\/wp\/v2\/users\/6"}],"replies":[{"embeddable":true,"href":"https:\/\/bonettiassociados.com.br\/index.php\/wp-json\/wp\/v2\/comments?post=67104"}],"version-history":[{"count":1,"href":"https:\/\/bonettiassociados.com.br\/index.php\/wp-json\/wp\/v2\/posts\/67104\/revisions"}],"predecessor-version":[{"id":67105,"href":"https:\/\/bonettiassociados.com.br\/index.php\/wp-json\/wp\/v2\/posts\/67104\/revisions\/67105"}],"wp:attachment":[{"href":"https:\/\/bonettiassociados.com.br\/index.php\/wp-json\/wp\/v2\/media?parent=67104"}],"wp:term":[{"taxonomy":"category","embeddable":true,"href":"https:\/\/bonettiassociados.com.br\/index.php\/wp-json\/wp\/v2\/categories?post=67104"},{"taxonomy":"post_tag","embeddable":true,"href":"https:\/\/bonettiassociados.com.br\/index.php\/wp-json\/wp\/v2\/tags?post=67104"}],"curies":[{"name":"wp","href":"https:\/\/api.w.org\/{rel}","templated":true}]}}