{"id":62449,"date":"2026-04-30T10:59:31","date_gmt":"2026-04-30T13:59:31","guid":{"rendered":"https:\/\/bonettiassociados.com.br\/?p=62449"},"modified":"2026-04-30T10:59:31","modified_gmt":"2026-04-30T13:59:31","slug":"novo-decreto-regulamenta-a-cbs-e-define-inicio-da-cobranca-em-2027","status":"publish","type":"post","link":"https:\/\/bonettiassociados.com.br\/index.php\/2026\/04\/30\/novo-decreto-regulamenta-a-cbs-e-define-inicio-da-cobranca-em-2027\/","title":{"rendered":"NOVO DECRETO REGULAMENTA A CBS E DEFINE IN\u00cdCIO DA COBRAN\u00c7A EM 2027"},"content":{"rendered":"<p style=\"text-align: justify;\"><span style=\"font-family: arial, helvetica, sans-serif;\">Texto estabelece que contribuintes n\u00e3o precisar\u00e3o recolher o tributo em 2026, desde que cumpram exig\u00eancias acess\u00f3rias, enquanto a Receita Federal detalhar\u00e1 a operacionaliza\u00e7\u00e3o.<\/span><\/p>\n<p style=\"text-align: justify;\"><!--more--><\/p>\n<p style=\"text-align: justify;\"><span style=\"font-family: arial, helvetica, sans-serif;\">O Governo Federal publicou nesta quinta-feira (30), no Di\u00e1rio Oficial da Uni\u00e3o (DOU), o\u00a0<u><a href=\"https:\/\/in.gov.br\/en\/web\/dou\/-\/decreto-n-12.955-de-29-de-abril-de-2026-702415229\">Decreto n\u00ba 12.955\/2026<\/a><\/u>, que regulamenta a Contribui\u00e7\u00e3o Social sobre Bens e Servi\u00e7os (<strong>CBS<\/strong>), tributo institu\u00eddo no contexto da\u00a0<strong>reforma<\/strong> <strong>tribut\u00e1ria<\/strong>\u00a0sobre o consumo. A norma estabelece regras de transi\u00e7\u00e3o relevantes para contribuintes e define que, durante todo o exerc\u00edcio de 2026, haver\u00e1 dispensa do recolhimento da CBS em determinadas condi\u00e7\u00f5es.<\/span><\/p>\n<p style=\"text-align: justify;\"><span style=\"font-family: arial, helvetica, sans-serif;\">Na pr\u00e1tica, isso significa que a nova contribui\u00e7\u00e3o s\u00f3 come\u00e7ar\u00e1 a ser cobrada de fato a partir de 1\u00ba de janeiro de 2027. Durante todo o ano de 2026, empresas e contribuintes ter\u00e3o um per\u00edodo de adapta\u00e7\u00e3o para se organizar, ajustar sistemas e cumprir apenas as obriga\u00e7\u00f5es exigidas, sem precisar pagar o tributo. Nesse processo, a Receita Federal ser\u00e1 respons\u00e1vel por definir as regras detalhadas e orientar como tudo dever\u00e1 funcionar.\u00a0<\/span><\/p>\n<p style=\"text-align: justify;\"><span style=\"font-family: arial, helvetica, sans-serif;\">O decreto integra o conjunto de medidas de regulamenta\u00e7\u00e3o da nova sistem\u00e1tica de tributa\u00e7\u00e3o sobre bens e servi\u00e7os no pa\u00eds. A norma detalha regras aplic\u00e1veis aos sujeitos passivos da CBS e estabelece crit\u00e9rios para a dispensa de recolhimento no per\u00edodo de transi\u00e7\u00e3o.<\/span><\/p>\n<p style=\"text-align: justify;\"><span style=\"font-family: arial, helvetica, sans-serif;\">A CBS incide sobre opera\u00e7\u00f5es com bens e servi\u00e7os, dentro da estrutura prevista na reforma tribut\u00e1ria aprovada no pa\u00eds. O decreto publicado detalha aspectos relacionados \u00e0 fase inicial de implementa\u00e7\u00e3o, com foco na adapta\u00e7\u00e3o dos contribuintes \u00e0s novas obriga\u00e7\u00f5es fiscais.<\/span><\/p>\n<p style=\"text-align: justify;\"><span style=\"font-family: arial, helvetica, sans-serif;\">O texto normativo tamb\u00e9m define que a CBS n\u00e3o ser\u00e1 exigida de forma efetiva no exerc\u00edcio de 2026, desde que atendidas determinadas condi\u00e7\u00f5es previstas na legisla\u00e7\u00e3o complementar e regulamenta\u00e7\u00f5es da Receita Federal.<\/span><\/p>\n<p style=\"text-align: justify;\"><span style=\"font-family: arial, helvetica, sans-serif;\">Al\u00e9m disso, o regulamento refor\u00e7a a necessidade de observ\u00e2ncia das obriga\u00e7\u00f5es acess\u00f3rias, mesmo durante o per\u00edodo de dispensa de recolhimento, como parte do processo de transi\u00e7\u00e3o para o novo sistema tribut\u00e1rio.<\/span><\/p>\n<p style=\"text-align: justify;\"><span style=\"font-family: arial, helvetica, sans-serif;\"><strong>Dispensa de recolhimento<\/strong><\/span><\/p>\n<p style=\"text-align: justify;\"><span style=\"font-family: arial, helvetica, sans-serif;\">Segundo o decreto, fica dispensado o recolhimento da CBS referente aos fatos geradores ocorridos entre 1\u00ba de janeiro e 31 de dezembro de 2026. A regra se aplica aos sujeitos passivos que cumprirem os requisitos estabelecidos na legisla\u00e7\u00e3o da contribui\u00e7\u00e3o.<\/span><\/p>\n<p style=\"text-align: justify;\"><span style=\"font-family: arial, helvetica, sans-serif;\">A dispensa tamb\u00e9m alcan\u00e7a contribuintes que, conforme previsto na norma, estejam desobrigados de cumprir determinadas obriga\u00e7\u00f5es acess\u00f3rias relacionadas \u00e0 CBS, conforme enquadramento espec\u00edfico definido pela regulamenta\u00e7\u00e3o.<\/span><\/p>\n<p style=\"text-align: justify;\"><span style=\"font-family: arial, helvetica, sans-serif;\">Na pr\u00e1tica, o ano de 2026 passa a funcionar como um per\u00edodo de adequa\u00e7\u00e3o operacional, no qual as empresas e demais contribuintes dever\u00e3o se preparar para a implementa\u00e7\u00e3o definitiva do tributo.<\/span><\/p>\n<p style=\"text-align: justify;\"><span style=\"font-family: arial, helvetica, sans-serif;\">Apesar da dispensa do recolhimento, o cumprimento de obriga\u00e7\u00f5es acess\u00f3rias permanece como elemento central do per\u00edodo de transi\u00e7\u00e3o, sendo necess\u00e1rio para valida\u00e7\u00e3o das informa\u00e7\u00f5es fiscais e prepara\u00e7\u00e3o para o in\u00edcio da cobran\u00e7a.<\/span><\/p>\n<p style=\"text-align: justify;\"><span style=\"font-family: arial, helvetica, sans-serif;\"><strong>In\u00edcio da exig\u00eancia da CBS<\/strong><\/span><\/p>\n<p style=\"text-align: justify;\"><span style=\"font-family: arial, helvetica, sans-serif;\">O decreto estabelece que a Contribui\u00e7\u00e3o Social sobre Bens e Servi\u00e7os passar\u00e1 a ser exigida efetivamente a partir de 1\u00ba de janeiro de 2027. At\u00e9 essa data, n\u00e3o haver\u00e1 cobran\u00e7a do tributo nos termos da nova sistem\u00e1tica.<\/span><\/p>\n<p style=\"text-align: justify;\"><span style=\"font-family: arial, helvetica, sans-serif;\">A defini\u00e7\u00e3o do marco temporal busca permitir a adapta\u00e7\u00e3o gradual dos contribuintes e dos sistemas de escritura\u00e7\u00e3o fiscal ao novo modelo de tributa\u00e7\u00e3o sobre o consumo, que substitui gradualmente tributos anteriores.<\/span><\/p>\n<p style=\"text-align: justify;\"><span style=\"font-family: arial, helvetica, sans-serif;\">O ano de 2026, portanto, n\u00e3o ser\u00e1 considerado de incid\u00eancia efetiva da CBS, mas sim de estrutura\u00e7\u00e3o e testes operacionais dentro do processo de implementa\u00e7\u00e3o do novo regime tribut\u00e1rio.<\/span><\/p>\n<p style=\"text-align: justify;\"><span style=\"font-family: arial, helvetica, sans-serif;\">A partir de 2027, passam a valer integralmente as regras de recolhimento da CBS, conforme legisla\u00e7\u00e3o complementar e normas operacionais que venham a ser editadas pela Receita Federal.<\/span><\/p>\n<p style=\"text-align: justify;\"><span style=\"font-family: arial, helvetica, sans-serif;\"><strong>Atua\u00e7\u00e3o da Receita Federal e obriga\u00e7\u00f5es acess\u00f3rias no per\u00edodo de transi\u00e7\u00e3o<\/strong><\/span><\/p>\n<p style=\"text-align: justify;\"><span style=\"font-family: arial, helvetica, sans-serif;\">O Decreto n\u00ba 12.955\/2026 atribui \u00e0 Receita Federal do Brasil a compet\u00eancia para disciplinar a aplica\u00e7\u00e3o das regras estabelecidas, especialmente no que se refere aos procedimentos operacionais e obriga\u00e7\u00f5es acess\u00f3rias.<\/span><\/p>\n<p style=\"text-align: justify;\"><span style=\"font-family: arial, helvetica, sans-serif;\">Durante o per\u00edodo de transi\u00e7\u00e3o, o \u00f3rg\u00e3o dever\u00e1 regulamentar aspectos t\u00e9cnicos relacionados ao cumprimento das obriga\u00e7\u00f5es fiscais, incluindo escritura\u00e7\u00e3o, declara\u00e7\u00f5es e valida\u00e7\u00e3o de informa\u00e7\u00f5es prestadas pelos contribuintes.<\/span><\/p>\n<p style=\"text-align: justify;\"><span style=\"font-family: arial, helvetica, sans-serif;\">As obriga\u00e7\u00f5es acess\u00f3rias previstas na legisla\u00e7\u00e3o da CBS permanecem relevantes mesmo com a dispensa de recolhimento em 2026, uma vez que servem de base para a futura operacionaliza\u00e7\u00e3o do tributo.<\/span><\/p>\n<p style=\"text-align: justify;\"><span style=\"font-family: arial, helvetica, sans-serif;\">Dessa forma, o acompanhamento das normas complementares emitidas pela Receita Federal ser\u00e1 essencial para contribuintes e profissionais da \u00e1rea cont\u00e1bil, considerando a consolida\u00e7\u00e3o do novo modelo de tributa\u00e7\u00e3o a partir de 2027.<\/span><\/p>\n<p style=\"text-align: justify;\"><span style=\"font-family: arial, helvetica, sans-serif;\"><strong>FONTE: \u00a0CONT\u00c1BEIS \u2013 POR L\u00cdVIA MACARIO<\/strong><\/span><\/p>\n<p><strong>\u00a0<\/strong><\/p>\n<p><strong>\u00a0<\/strong><\/p>\n<p><strong>\u00a0<\/strong><\/p>\n","protected":false},"excerpt":{"rendered":"<p>Texto estabelece que contribuintes n\u00e3o precisar\u00e3o recolher o tributo em [&hellip;]<\/p>\n","protected":false},"author":6,"featured_media":0,"comment_status":"closed","ping_status":"open","sticky":false,"template":"","format":"standard","meta":{"jetpack_post_was_ever_published":false,"_jetpack_newsletter_access":"","_jetpack_dont_email_post_to_subs":false,"_jetpack_newsletter_tier_id":0,"_jetpack_memberships_contains_paywalled_content":false,"footnotes":"","_jetpack_memberships_contains_paid_content":false,"jetpack_publicize_message":"","jetpack_publicize_feature_enabled":true,"jetpack_social_post_already_shared":true,"jetpack_social_options":{"image_generator_settings":{"template":"highway","enabled":false}}},"categories":[9],"tags":[],"jetpack_publicize_connections":[],"jetpack_featured_media_url":"","jetpack_sharing_enabled":true,"jetpack_shortlink":"https:\/\/wp.me\/paFpWR-gff","_links":{"self":[{"href":"https:\/\/bonettiassociados.com.br\/index.php\/wp-json\/wp\/v2\/posts\/62449"}],"collection":[{"href":"https:\/\/bonettiassociados.com.br\/index.php\/wp-json\/wp\/v2\/posts"}],"about":[{"href":"https:\/\/bonettiassociados.com.br\/index.php\/wp-json\/wp\/v2\/types\/post"}],"author":[{"embeddable":true,"href":"https:\/\/bonettiassociados.com.br\/index.php\/wp-json\/wp\/v2\/users\/6"}],"replies":[{"embeddable":true,"href":"https:\/\/bonettiassociados.com.br\/index.php\/wp-json\/wp\/v2\/comments?post=62449"}],"version-history":[{"count":1,"href":"https:\/\/bonettiassociados.com.br\/index.php\/wp-json\/wp\/v2\/posts\/62449\/revisions"}],"predecessor-version":[{"id":62450,"href":"https:\/\/bonettiassociados.com.br\/index.php\/wp-json\/wp\/v2\/posts\/62449\/revisions\/62450"}],"wp:attachment":[{"href":"https:\/\/bonettiassociados.com.br\/index.php\/wp-json\/wp\/v2\/media?parent=62449"}],"wp:term":[{"taxonomy":"category","embeddable":true,"href":"https:\/\/bonettiassociados.com.br\/index.php\/wp-json\/wp\/v2\/categories?post=62449"},{"taxonomy":"post_tag","embeddable":true,"href":"https:\/\/bonettiassociados.com.br\/index.php\/wp-json\/wp\/v2\/tags?post=62449"}],"curies":[{"name":"wp","href":"https:\/\/api.w.org\/{rel}","templated":true}]}}