{"id":62431,"date":"2026-04-29T10:41:49","date_gmt":"2026-04-29T13:41:49","guid":{"rendered":"https:\/\/bonettiassociados.com.br\/?p=62431"},"modified":"2026-04-29T10:41:49","modified_gmt":"2026-04-29T13:41:49","slug":"receita-federal-envia-primeiras-notificacoes-a-contribuintes-que-podem-ser-enquadrados-como-devedores-contumazes","status":"publish","type":"post","link":"https:\/\/bonettiassociados.com.br\/index.php\/2026\/04\/29\/receita-federal-envia-primeiras-notificacoes-a-contribuintes-que-podem-ser-enquadrados-como-devedores-contumazes\/","title":{"rendered":"RECEITA FEDERAL ENVIA PRIMEIRAS NOTIFICA\u00c7\u00d5ES A CONTRIBUINTES QUE PODEM SER ENQUADRADOS COMO DEVEDORES CONTUMAZES"},"content":{"rendered":"<p style=\"text-align: justify;\"><span style=\"font-family: arial, helvetica, sans-serif;\">Com a medida, o poder p\u00fablico busca fortalecer a justi\u00e7a fiscal, preservar um ambiente concorrencial saud\u00e1vel e incentivar o cumprimento volunt\u00e1rio das obriga\u00e7\u00f5es tribut\u00e1rias, em conson\u00e2ncia com os princ\u00edpios da legalidade, isonomia e transpar\u00eancia.<\/span><span style=\"font-family: arial, helvetica, sans-serif;\"><strong>\u00a0<\/strong><\/span><!--more--><\/p>\n<p style=\"text-align: justify;\"><span style=\"font-family: arial, helvetica, sans-serif;\">A Administra\u00e7\u00e3o Tribut\u00e1ria iniciou o envio das primeiras notifica\u00e7\u00f5es a contribuintes que podem ser caracterizados como\u00a0devedores contumazes, conforme os crit\u00e9rios estabelecidos pela\u00a0<a href=\"https:\/\/www.planalto.gov.br\/ccivil_03\/leis\/lcp\/lcp225.htm\">Lei Complementar n\u00ba 225\/2026<\/a>. A medida representa um avan\u00e7o no combate \u00e0 inadimpl\u00eancia estruturada e \u00e0 concorr\u00eancia desleal no ambiente econ\u00f4mico.<\/span><\/p>\n<p style=\"text-align: justify;\"><span style=\"font-family: arial, helvetica, sans-serif;\">De acordo com a Lei Complementar, s\u00e3o considerados devedores contumazes os contribuintes que apresentem\u00a0inadimpl\u00eancia substancial, reiterada e injustificada. A inadimpl\u00eancia \u00e9 considerada substancial quando o cr\u00e9dito tribut\u00e1rio em situa\u00e7\u00e3o irregular ultrapassa\u00a0R$ 15 milh\u00f5es\u00a0e representa\u00a0mais de 100% do patrim\u00f4nio conhecido\u00a0do contribuinte.<\/span><\/p>\n<p style=\"text-align: justify;\"><span style=\"font-family: arial, helvetica, sans-serif;\">A caracteriza\u00e7\u00e3o como reiterada ocorre quando h\u00e1 irregularidade em\u00a0quatro per\u00edodos de apura\u00e7\u00e3o consecutivos ou seis alternados, nos \u00faltimos 12 meses. J\u00e1 a inadimpl\u00eancia \u00e9 tida como injustificada quando n\u00e3o existem\u00a0motivos objetivos capazes de afastar a contum\u00e1cia, como situa\u00e7\u00f5es excepcionais ou comprovadas dificuldades transit\u00f3rias.<\/span><\/p>\n<p style=\"text-align: justify;\"><span style=\"font-family: arial, helvetica, sans-serif;\">A an\u00e1lise realizada pela Administra\u00e7\u00e3o Tribut\u00e1ria abrange\u00a0d\u00e9bitos em situa\u00e7\u00e3o devedor, bem como aqueles com\u00a0exigibilidade suspensa na esfera administrativa, observando rigorosamente os crit\u00e9rios legais e o devido processo. Os d\u00e9bitos desses contribuintes representam, na Receita Federal e na Procuradoria-Geral da Fazenda Nacional (PGFN),\u00a0valores acima de 25 bilh\u00f5es de reais.<\/span><\/p>\n<p style=\"text-align: justify;\"><span style=\"font-family: arial, helvetica, sans-serif;\">Ap\u00f3s a ci\u00eancia da notifica\u00e7\u00e3o, os contribuintes ter\u00e3o\u00a0prazo de 30 dias\u00a0para\u00a0regularizar os d\u00e9bitos, adequar o patrim\u00f4nio informado ou apresentar defesa administrativa, com a possibilidade de demonstrar elementos que afastem a caracteriza\u00e7\u00e3o como devedor contumaz.<\/span><\/p>\n<p style=\"text-align: justify;\"><span style=\"font-family: arial, helvetica, sans-serif;\">Caso n\u00e3o haja regulariza\u00e7\u00e3o ou acolhimento da defesa, os contribuintes poder\u00e3o estar sujeitos \u00e0s\u00a0medidas previstas na LC n\u00ba 225\/2026, entre elas a\u00a0inscri\u00e7\u00e3o no Cadastro Informativo de Cr\u00e9ditos n\u00e3o Quitados do Setor P\u00fablico (Cadin), a\u00a0veda\u00e7\u00e3o \u00e0 celebra\u00e7\u00e3o de transa\u00e7\u00e3o tribut\u00e1ria, o\u00a0impedimento de usufruir de benef\u00edcios fiscais\u00a0e, em casos extremos, a\u00a0declara\u00e7\u00e3o de inaptid\u00e3o do Cadastro Nacional da Pessoa Jur\u00eddica (CNPJ).<\/span><\/p>\n<p style=\"text-align: justify;\"><span style=\"font-family: arial, helvetica, sans-serif;\">A Administra\u00e7\u00e3o Tribut\u00e1ria ressalta que a iniciativa\u00a0n\u00e3o tem como objetivo penalizar empresas que enfrentam dificuldades financeiras leg\u00edtimas, mas sim\u00a0coibir pr\u00e1ticas reiteradas de inadimpl\u00eancia estrat\u00e9gica. Essas condutas, segundo o \u00f3rg\u00e3o, prejudicam a arrecada\u00e7\u00e3o, comprometem o financiamento de pol\u00edticas p\u00fablicas e causam\u00a0distor\u00e7\u00f5es no mercado, ao permitir que empresas que n\u00e3o cumprem suas obriga\u00e7\u00f5es concorram de forma desleal com aquelas que atuam regularmente.<\/span><\/p>\n<p style=\"text-align: justify;\"><span style=\"font-family: arial, helvetica, sans-serif;\">Com a medida, o poder p\u00fablico busca\u00a0fortalecer a justi\u00e7a fiscal, preservar um ambiente concorrencial saud\u00e1vel e incentivar o cumprimento volunt\u00e1rio das obriga\u00e7\u00f5es tribut\u00e1rias, em conson\u00e2ncia com os princ\u00edpios da legalidade, isonomia e transpar\u00eancia.<\/span><\/p>\n<p style=\"text-align: justify;\"><span style=\"font-family: arial, helvetica, sans-serif;\">Com informa\u00e7\u00f5es da Receita Federal<\/span><\/p>\n<p style=\"text-align: justify;\"><span style=\"font-family: arial, helvetica, sans-serif;\"><strong>FONTE: FENACON &#8211; POR FERNANDO OLIVAN<\/strong><\/span><\/p>\n","protected":false},"excerpt":{"rendered":"<p>Com a medida, o poder p\u00fablico busca fortalecer a justi\u00e7a [&hellip;]<\/p>\n","protected":false},"author":6,"featured_media":0,"comment_status":"closed","ping_status":"open","sticky":false,"template":"","format":"standard","meta":{"jetpack_post_was_ever_published":false,"_jetpack_newsletter_access":"","_jetpack_dont_email_post_to_subs":false,"_jetpack_newsletter_tier_id":0,"_jetpack_memberships_contains_paywalled_content":false,"footnotes":"","_jetpack_memberships_contains_paid_content":false,"jetpack_publicize_message":"","jetpack_publicize_feature_enabled":true,"jetpack_social_post_already_shared":true,"jetpack_social_options":{"image_generator_settings":{"template":"highway","enabled":false}}},"categories":[2],"tags":[],"jetpack_publicize_connections":[],"jetpack_featured_media_url":"","jetpack_sharing_enabled":true,"jetpack_shortlink":"https:\/\/wp.me\/paFpWR-geX","_links":{"self":[{"href":"https:\/\/bonettiassociados.com.br\/index.php\/wp-json\/wp\/v2\/posts\/62431"}],"collection":[{"href":"https:\/\/bonettiassociados.com.br\/index.php\/wp-json\/wp\/v2\/posts"}],"about":[{"href":"https:\/\/bonettiassociados.com.br\/index.php\/wp-json\/wp\/v2\/types\/post"}],"author":[{"embeddable":true,"href":"https:\/\/bonettiassociados.com.br\/index.php\/wp-json\/wp\/v2\/users\/6"}],"replies":[{"embeddable":true,"href":"https:\/\/bonettiassociados.com.br\/index.php\/wp-json\/wp\/v2\/comments?post=62431"}],"version-history":[{"count":1,"href":"https:\/\/bonettiassociados.com.br\/index.php\/wp-json\/wp\/v2\/posts\/62431\/revisions"}],"predecessor-version":[{"id":62432,"href":"https:\/\/bonettiassociados.com.br\/index.php\/wp-json\/wp\/v2\/posts\/62431\/revisions\/62432"}],"wp:attachment":[{"href":"https:\/\/bonettiassociados.com.br\/index.php\/wp-json\/wp\/v2\/media?parent=62431"}],"wp:term":[{"taxonomy":"category","embeddable":true,"href":"https:\/\/bonettiassociados.com.br\/index.php\/wp-json\/wp\/v2\/categories?post=62431"},{"taxonomy":"post_tag","embeddable":true,"href":"https:\/\/bonettiassociados.com.br\/index.php\/wp-json\/wp\/v2\/tags?post=62431"}],"curies":[{"name":"wp","href":"https:\/\/api.w.org\/{rel}","templated":true}]}}