{"id":62426,"date":"2026-04-29T10:40:32","date_gmt":"2026-04-29T13:40:32","guid":{"rendered":"https:\/\/bonettiassociados.com.br\/?p=62426"},"modified":"2026-04-29T10:40:46","modified_gmt":"2026-04-29T13:40:46","slug":"desoneracao-da-folha-pgr-se-manifesta-a-favor-da-solucao-de-zanin","status":"publish","type":"post","link":"https:\/\/bonettiassociados.com.br\/index.php\/2026\/04\/29\/desoneracao-da-folha-pgr-se-manifesta-a-favor-da-solucao-de-zanin\/","title":{"rendered":"DESONERA\u00c7\u00c3O DA FOLHA: PGR SE MANIFESTA A FAVOR DA SOLU\u00c7\u00c3O DE ZANIN"},"content":{"rendered":"<p style=\"text-align: justify;\"><span style=\"font-family: arial, helvetica, sans-serif;\">O julgamento est\u00e1 previsto para ser retomado nesta quarta-feira (29\/5), ap\u00f3s ser interrompido por um pedido de vista.<\/span><\/p>\n<p style=\"text-align: justify;\"><!--more--><\/p>\n<p style=\"text-align: justify;\"><span style=\"font-family: arial, helvetica, sans-serif;\">A Procuradoria-Geral da Rep\u00fablica (<strong>PGR<\/strong>) se manifestou nesta ter\u00e7a-feira (28\/4) a favor da solu\u00e7\u00e3o do relator, ministro\u00a0<strong>Cristiano<\/strong> <strong>Zanin<\/strong>, na a\u00e7\u00e3o que discute a desonera\u00e7\u00e3o da folha de pagamentos. O julgamento est\u00e1 previsto para ser retomado nesta quarta-feira (29\/5), ap\u00f3s ser interrompido por um pedido de vista do ministro\u00a0<strong>Alexandre de Moraes<\/strong>, em outubro de 2025.<\/span><\/p>\n<p style=\"text-align: justify;\"><span style=\"font-family: arial, helvetica, sans-serif;\">Em seu voto, Zanin manteve o teor da liminar proferida em 2024, ao entender que \u00e9 preciso prever a compensa\u00e7\u00e3o em caso de ren\u00fancia de receita \u2014 o que n\u00e3o tinha sido feito no caso da prorroga\u00e7\u00e3o da desonera\u00e7\u00e3o da folha em 2023 (<a href=\"https:\/\/www.planalto.gov.br\/ccivil_03\/_ato2023-2026\/2023\/lei\/l14784.htm\">Lei 14.784\/2023<\/a>).<\/span><\/p>\n<p style=\"text-align: justify;\"><span style=\"font-family: arial, helvetica, sans-serif;\">Contudo, no voto, o ministro n\u00e3o entrou no m\u00e9rito do acordo fechado pelo governo federal com o Legislativo para a prorroga\u00e7\u00e3o gradual do prazo em 2024. Dessa forma, a nova lei da reonera\u00e7\u00e3o gradual (Lei 14.973\/2024) fica preservada e n\u00e3o muda o que as empresas j\u00e1 v\u00eam praticando.<\/span><\/p>\n<p style=\"text-align: justify;\"><span style=\"font-family: arial, helvetica, sans-serif;\">Na \u00e9poca da liminar, em 2024, o presidente\u00a0<strong>Luiz In\u00e1cio Lula da Silva<\/strong>\u00a0(PT) sancionou a lei mantendo a desonera\u00e7\u00e3o da folha de pagamento de empresas de 17 setores e munic\u00edpios at\u00e9 o fim de 2024, retomando gradualmente a tributa\u00e7\u00e3o no prazo de tr\u00eas anos (2025 a 2027) e com previs\u00e3o de medidas compensat\u00f3rias.<\/span><\/p>\n<p style=\"text-align: justify;\"><span style=\"font-family: arial, helvetica, sans-serif;\">A lei foi reflexo de um acordo entre Congresso e Executivo ap\u00f3s a controv\u00e9rsia chegar ao STF.<\/span><\/p>\n<p style=\"text-align: justify;\"><span style=\"font-family: arial, helvetica, sans-serif;\">Na avalia\u00e7\u00e3o de Zanin, n\u00e3o cabe nesta a\u00e7\u00e3o o exame do acordo do Congresso com o governo, nem a edi\u00e7\u00e3o da nova lei e a checagem se as compensa\u00e7\u00f5es s\u00e3o suficientes ou n\u00e3o \u2013 a Uni\u00e3o chegou a estimar R$ 20 bilh\u00f5es de preju\u00edzo.<\/span><\/p>\n<p style=\"text-align: justify;\"><span style=\"font-family: arial, helvetica, sans-serif;\">O ministro explicou que seu voto restringe-se \u00e0 constitucionalidade da Lei 14.784\/2023 que prorrogou a desonera\u00e7\u00e3o sem especificar quais seriam as compensa\u00e7\u00f5es para essa ren\u00fancia de receita. Com o voto, o ministro tenta deixar claro a necessidade de observar a sustentabilidade or\u00e7ament\u00e1ria.<\/span><\/p>\n<p style=\"text-align: justify;\"><span style=\"font-family: arial, helvetica, sans-serif;\">Em sua manifesta\u00e7\u00e3o, Gonet apoiou a solu\u00e7\u00e3o de Zanin de manter a a\u00e7\u00e3o mesmo diante de uma poss\u00edvel perda de objeto da a\u00e7\u00e3o. Em sua avalia\u00e7\u00e3o, o voto do relator traz seguran\u00e7a jur\u00eddica.<\/span><\/p>\n<p style=\"text-align: justify;\"><span style=\"font-family: arial, helvetica, sans-serif;\">\u201cPor isso, \u00e9 salutar a solu\u00e7\u00e3o dada pelo eminente relator, em voto proferido na sess\u00e3o de julgamento virtual iniciada em 17.10.2025, no sentido de assentar a inconstitucionalidade sem pron\u00fancia de nulidade das normas atacadas, a fim de preservar as rela\u00e7\u00f5es jur\u00eddicas estabelecidas e evitar questionamentos judiciais futuros quanto aos benef\u00edcios fiscais concedidos ou suprimidos durante a sua vig\u00eancia\u201d, escreveu o PGR.<\/span><\/p>\n<p style=\"text-align: justify;\"><span style=\"font-family: arial, helvetica, sans-serif;\">At\u00e9 a interrup\u00e7\u00e3o, o placar estava 3 a 0 a favor do voto de Zanin, com a ades\u00e3o dos ministros Edson Fachin e Gilmar Mendes.<\/span><\/p>\n<p style=\"text-align: justify;\"><span style=\"font-family: arial, helvetica, sans-serif;\"><strong>FONTE: JOTA &#8211; POR FL\u00c1VIA MAIA<\/strong><\/span><\/p>\n<p><strong><u>\u00a0<\/u><\/strong><\/p>\n<p><strong>\u00a0<\/strong><\/p>\n<p><strong>\u00a0<\/strong><\/p>\n","protected":false},"excerpt":{"rendered":"<p>O julgamento est\u00e1 previsto para ser retomado nesta quarta-feira (29\/5), [&hellip;]<\/p>\n","protected":false},"author":6,"featured_media":0,"comment_status":"closed","ping_status":"open","sticky":false,"template":"","format":"standard","meta":{"jetpack_post_was_ever_published":false,"_jetpack_newsletter_access":"","_jetpack_dont_email_post_to_subs":false,"_jetpack_newsletter_tier_id":0,"_jetpack_memberships_contains_paywalled_content":false,"footnotes":"","_jetpack_memberships_contains_paid_content":false,"jetpack_publicize_message":"","jetpack_publicize_feature_enabled":true,"jetpack_social_post_already_shared":true,"jetpack_social_options":{"image_generator_settings":{"template":"highway","enabled":false}}},"categories":[2],"tags":[],"jetpack_publicize_connections":[],"jetpack_featured_media_url":"","jetpack_sharing_enabled":true,"jetpack_shortlink":"https:\/\/wp.me\/paFpWR-geS","_links":{"self":[{"href":"https:\/\/bonettiassociados.com.br\/index.php\/wp-json\/wp\/v2\/posts\/62426"}],"collection":[{"href":"https:\/\/bonettiassociados.com.br\/index.php\/wp-json\/wp\/v2\/posts"}],"about":[{"href":"https:\/\/bonettiassociados.com.br\/index.php\/wp-json\/wp\/v2\/types\/post"}],"author":[{"embeddable":true,"href":"https:\/\/bonettiassociados.com.br\/index.php\/wp-json\/wp\/v2\/users\/6"}],"replies":[{"embeddable":true,"href":"https:\/\/bonettiassociados.com.br\/index.php\/wp-json\/wp\/v2\/comments?post=62426"}],"version-history":[{"count":2,"href":"https:\/\/bonettiassociados.com.br\/index.php\/wp-json\/wp\/v2\/posts\/62426\/revisions"}],"predecessor-version":[{"id":62428,"href":"https:\/\/bonettiassociados.com.br\/index.php\/wp-json\/wp\/v2\/posts\/62426\/revisions\/62428"}],"wp:attachment":[{"href":"https:\/\/bonettiassociados.com.br\/index.php\/wp-json\/wp\/v2\/media?parent=62426"}],"wp:term":[{"taxonomy":"category","embeddable":true,"href":"https:\/\/bonettiassociados.com.br\/index.php\/wp-json\/wp\/v2\/categories?post=62426"},{"taxonomy":"post_tag","embeddable":true,"href":"https:\/\/bonettiassociados.com.br\/index.php\/wp-json\/wp\/v2\/tags?post=62426"}],"curies":[{"name":"wp","href":"https:\/\/api.w.org\/{rel}","templated":true}]}}