{"id":62412,"date":"2026-04-29T10:00:08","date_gmt":"2026-04-29T13:00:08","guid":{"rendered":"https:\/\/bonettiassociados.com.br\/?p=62412"},"modified":"2026-04-29T10:00:08","modified_gmt":"2026-04-29T13:00:08","slug":"impactos-financeiros-nos-municipios-brasileiros-com-a-migracao-da-cobranca-do-principio-da-origem-para-o-principio-do-destino","status":"publish","type":"post","link":"https:\/\/bonettiassociados.com.br\/index.php\/2026\/04\/29\/impactos-financeiros-nos-municipios-brasileiros-com-a-migracao-da-cobranca-do-principio-da-origem-para-o-principio-do-destino\/","title":{"rendered":"IMPACTOS FINANCEIROS NOS MUNIC\u00cdPIOS BRASILEIROS COM A MIGRA\u00c7\u00c3O DA COBRAN\u00c7A DO PRINC\u00cdPIO DA ORIGEM PARA O PRINC\u00cdPIO DO DESTINO."},"content":{"rendered":"<p style=\"text-align: justify;\"><span style=\"font-family: arial, helvetica, sans-serif;\">Munic\u00edpios investem em infraestrutura tecnol\u00f3gica para se adaptar ao novo modelo de tributa\u00e7\u00e3o e evitar perdas de receita.<\/span><\/p>\n<p style=\"text-align: justify;\"><!--more--><\/p>\n<p style=\"text-align: justify;\"><span style=\"font-family: arial, helvetica, sans-serif;\">A implementa\u00e7\u00e3o da\u00a0<strong>Reforma Tribut\u00e1ria<\/strong>\u00a0no Brasil, consolidada pela transi\u00e7\u00e3o para o modelo de tributa\u00e7\u00e3o sobre o valor agregado (IVA Dual), introduz uma mudan\u00e7a de paradigma que redefine as bases do federalismo fiscal: a migra\u00e7\u00e3o da cobran\u00e7a do\u00a0<strong>princ\u00edpio da origem<\/strong>\u00a0para o\u00a0<strong>princ\u00edpio do destino<\/strong>. Essa altera\u00e7\u00e3o desloca o direito de tributar do local onde o bem ou servi\u00e7o \u00e9 produzido para o local onde ele \u00e9 efetivamente consumido, visando extinguir a secular &#8220;guerra fiscal&#8221; baseada em benef\u00edcios de al\u00edquotas.<\/span><\/p>\n<p style=\"text-align: justify;\"><span style=\"font-family: arial, helvetica, sans-serif;\">No entanto, essa nova l\u00f3gica transfere o campo de batalha para a arena tecnol\u00f3gica. A precis\u00e3o na arrecada\u00e7\u00e3o do\u00a0<strong>IBS\u00a0(Imposto sobre Bens e Servi\u00e7os)<\/strong>\u00a0passa a depender intrinsecamente da qualidade dos dados cadastrais e da acur\u00e1cia da geolocaliza\u00e7\u00e3o dos contribuintes. Munic\u00edpios que operam com cadastros imobili\u00e1rios e de servi\u00e7os obsoletos enfrentam o risco imediato de evas\u00e3o de receitas para jurisdi\u00e7\u00f5es vizinhas que investiram em intelig\u00eancia de dados e georreferenciamento.<\/span><\/p>\n<p style=\"text-align: justify;\"><span style=\"font-family: arial, helvetica, sans-serif;\">Para que um munic\u00edpio preserve sua capacidade de arrecada\u00e7\u00e3o e n\u00e3o se torne invis\u00edvel digitalmente perante o Comit\u00ea Gestor do IBS, torna-se imperativo o investimento em infraestruturas tecnol\u00f3gicas de alto custo que muitos or\u00e7amentos municipais ainda n\u00e3o est\u00e3o preparados para suportar. Esse processo de transi\u00e7\u00e3o onerar\u00e1 os cofres p\u00fablicos por meio de licita\u00e7\u00f5es complexas destinadas \u00e0 contrata\u00e7\u00e3o de servi\u00e7os de geoprocessamento e aerofotogrametria de alta precis\u00e3o, essenciais para a consolida\u00e7\u00e3o de um Cadastro T\u00e9cnico Multifinalit\u00e1rio que garanta a exatid\u00e3o das coordenadas geogr\u00e1ficas de cada transa\u00e7\u00e3o.<\/span><\/p>\n<p style=\"text-align: justify;\"><span style=\"font-family: arial, helvetica, sans-serif;\">Somam-se a isso os custos com a substitui\u00e7\u00e3o ou atualiza\u00e7\u00e3o profunda de sistemas de gest\u00e3o tribut\u00e1ria e softwares de ERP governamental, que agora precisam operar com APIs integradas e capacidade de processamento de dados em conformidade com os novos padr\u00f5es nacionais. A demanda se estende ainda \u00e0 contrata\u00e7\u00e3o de consultorias especializadas em Big Data para o saneamento e a higieniza\u00e7\u00e3o de bases cadastrais obsoletas, evitando que erros de endere\u00e7amento resultem na perda de receitas para cidades vizinhas. Em uma pesquisa r\u00e1pida, podemos citar tamb\u00e9m o munic\u00edpio de\u00a0<strong>Surubim (PE)<\/strong>\u00a0que, por interm\u00e9dio da licita\u00e7\u00e3o regida pelo\u00a0<strong>Preg\u00e3o Eletr\u00f4nico n\u00ba 00053\/2025<\/strong>\u00a0(Processo Licitat\u00f3rio n\u00ba 00185\/2025), estabeleceu diretrizes para a moderniza\u00e7\u00e3o de sua infraestrutura tecnol\u00f3gica.<\/span><\/p>\n<p style=\"text-align: justify;\"><span style=\"font-family: arial, helvetica, sans-serif;\">Os valores para atualiza\u00e7\u00e3o foram estimados em\u00a0<strong>R$ 1.945.181,67<\/strong>. Munic\u00edpios de menor porte populacional em compara\u00e7\u00e3o a grandes polos industriais, o investimento para munic\u00edpios de menor porte populacional em compara\u00e7\u00e3o a grandes polos industriais, o investimento para assegurar a\u00a0<strong>moderniza\u00e7\u00e3o administrativo-tribut\u00e1ria<\/strong>\u00a0ultrapassa a casa do milh\u00e3o. O objeto do edital foca especificamente no licenciamento de software como servi\u00e7o (<em>SaaS<\/em>) e na integra\u00e7\u00e3o de dados cartogr\u00e1ficos, ferramentas que se tornam o &#8220;cora\u00e7\u00e3o&#8221; da arrecada\u00e7\u00e3o no modelo de destino.<\/span><\/p>\n<p style=\"text-align: justify;\"><span style=\"font-family: arial, helvetica, sans-serif;\">Sem esse tipo de aporte, a prefeitura ficaria \u00e0 merc\u00ea de dados manuais e sistemas isolados, o que, no contexto da Reforma Tribut\u00e1ria, representaria uma fragilidade cr\u00edtica na valida\u00e7\u00e3o do imposto devido ao munic\u00edpio. O valor de quase R$ 2 milh\u00f5es para Surubim refor\u00e7a a tese de que a\u00a0<strong>competitividade fiscal digital<\/strong>\u00a0exige um planejamento financeiro rigoroso, transformando a tecnologia em um item de primeira necessidade na planilha de custos da\u00a0<strong>contabilidade<\/strong>\u00a0p\u00fablica moderna.<\/span><\/p>\n<p style=\"text-align: justify;\"><span style=\"font-family: arial, helvetica, sans-serif;\">Tamb\u00e9m podemos citar o munic\u00edpio de\u00a0<strong>Extrema (MG)<\/strong>\u00a0que, apesar de possuir uma popula\u00e7\u00e3o reduzida em compara\u00e7\u00e3o aos grandes centros, destaca-se pelo seu perfil industrial e pelo investimento antecipado em infraestrutura de dados. Por interm\u00e9dio da licita\u00e7\u00e3o regida pelo\u00a0<strong>Preg\u00e3o Eletr\u00f4nico n\u00ba 084\/2025<\/strong>, a prefeitura buscou a atualiza\u00e7\u00e3o de suas ferramentas de gest\u00e3o territorial.<\/span><\/p>\n<p style=\"text-align: justify;\"><span style=\"font-family: arial, helvetica, sans-serif;\">Os valores para atualiza\u00e7\u00e3o foram estimados em\u00a0<strong>R$ 850.400,00<\/strong>. O investimento de quase um milh\u00e3o de reais em georreferenciamento e em um\u00a0<strong>Sistema de Informa\u00e7\u00f5es Geogr\u00e1ficas (SIG)<\/strong>\u00a0demonstra que, mesmo em escalas menores, a precis\u00e3o digital \u00e9 a \u00fanica forma de mitigar as perdas na transi\u00e7\u00e3o para o IBS.<\/span><\/p>\n<p style=\"text-align: justify;\"><span style=\"font-family: arial, helvetica, sans-serif;\">Para um munic\u00edpio pequeno, o custo de quase\u00a0<strong>R$ 1 milh\u00e3o<\/strong>\u00a0representa uma fatia consider\u00e1vel do or\u00e7amento livre para investimentos, o que evidencia o peso da &#8220;competitividade fiscal digital&#8221;. Cidades pequenas que n\u00e3o seguirem este esse exemplo de moderniza\u00e7\u00e3o administrativa correm o risco de sofrer uma &#8220;asfixia financeira&#8221; por simples incapacidade t\u00e9cnica de provar onde o consumo ocorre, entregando, por omiss\u00e3o tecnol\u00f3gica, suas receitas para munic\u00edpios vizinhos ou para a gest\u00e3o centralizada do Comit\u00ea Gestor.<\/span><\/p>\n<p style=\"text-align: justify;\"><span style=\"font-family: arial, helvetica, sans-serif;\">Diante desse cen\u00e1rio, a governan\u00e7a municipal passa a ser pautada pela urg\u00eancia em converter dados em ativos financeiros, uma vez que a omiss\u00e3o tecnol\u00f3gica se traduzir\u00e1 em preju\u00edzo direto ao er\u00e1rio. Essa depend\u00eancia de sistemas robustos pode aprofundar as desigualdades regionais, pois enquanto metr\u00f3poles e polos tecnol\u00f3gicos j\u00e1 operam com infraestruturas avan\u00e7adas, munic\u00edpios de pequeno e m\u00e9dio porte encontram-se em uma corrida contra o tempo para adaptar seus fluxos operacionais sem comprometer os limites de gastos com pessoal e custeio.<\/span><\/p>\n<p style=\"text-align: justify;\"><span style=\"font-family: arial, helvetica, sans-serif;\">Como vivemos no Brasil, sabemos que no pa\u00eds do famoso &#8220;jeitinho brasileiro&#8221;, pode ocorrer um efeito inverso: gestores podem se valer da prerrogativa de manter sistemas propositalmente arcaicos ou cadastros nebulosos para manipular a percep\u00e7\u00e3o da arrecada\u00e7\u00e3o ou retardar a transpar\u00eancia exigida pelo Comit\u00ea Gestor. Essa &#8220;inefici\u00eancia estrat\u00e9gica&#8221; serviria como uma cortina de fuma\u00e7a para justificar perdas de receita que, na verdade, poderiam ser fruto de m\u00e1 gest\u00e3o, ou ainda para criar dificuldades artificiais que favore\u00e7am grupos pol\u00edticos locais em detrimento da nova ordem tribut\u00e1ria nacional.<\/span><\/p>\n<p style=\"text-align: justify;\"><span style=\"font-family: arial, helvetica, sans-serif;\">Eu quero crer que a integridade e o compromisso com o interesse p\u00fablico prevalecer\u00e3o sobre as velhas pr\u00e1ticas de conveni\u00eancia pol\u00edtica, mas a realidade da contabilidade p\u00fablica brasileira nos ensina que a vigil\u00e2ncia deve ser constante. \u00c9 tentador imaginar que a automa\u00e7\u00e3o do IBS trar\u00e1 uma corre\u00e7\u00e3o autom\u00e1tica para os v\u00edcios de gest\u00e3o, mas o &#8220;jeitinho&#8221; costuma ser resiliente e se adapta \u00e0s novas tecnologias com uma velocidade impressionante. Nesse novo cen\u00e1rio, a esperan\u00e7a de uma justi\u00e7a fiscal mais transparente depende diretamente da robustez dos mecanismos de controle social e da independ\u00eancia dos \u00f3rg\u00e3os de auditoria. Se a tecnologia for utilizada apenas como uma ferramenta de fachada, sem um saneamento real das inten\u00e7\u00f5es administrativas, corremos o risco de institucionalizar a desigualdade entre munic\u00edpios &#8220;espertos&#8221; e munic\u00edpios eficientes.<\/span><\/p>\n<p style=\"text-align: justify;\"><span style=\"font-family: arial, helvetica, sans-serif;\">Diante desse panorama de transforma\u00e7\u00f5es profundas, conclui-se que a migra\u00e7\u00e3o do princ\u00edpio da origem para o princ\u00edpio do destino na arrecada\u00e7\u00e3o do IBS imp\u00f5e uma reconfigura\u00e7\u00e3o definitiva da gest\u00e3o p\u00fablica municipal brasileira. A tecnologia, antes vista como um suporte administrativo opcional, ascende ao status de pilar de sustentabilidade fiscal, onde a precis\u00e3o de um dado georreferenciado torna-se o divisor de \u00e1guas entre o superavitsuper\u00e1vit e o colapso financeiro. A competitividade fiscal digital, portanto, n\u00e3o \u00e9 uma proje\u00e7\u00e3o futura, mas uma realidade imediata que exige que os gestores encarem os vultosos investimentos em Cadastros T\u00e9cnicos Multifinalit\u00e1rios e infraestrutura de dados n\u00e3o como despesas acess\u00f3rias, mas como o pre\u00e7o de entrada para a preserva\u00e7\u00e3o da autonomia federativa.<\/span><\/p>\n<p style=\"text-align: justify;\"><span style=\"font-family: arial, helvetica, sans-serif;\">______________________________________<\/span><\/p>\n<p style=\"text-align: justify;\"><span style=\"font-family: arial, helvetica, sans-serif; font-size: 10pt;\">Refer\u00eancias:<\/span><\/p>\n<p style=\"text-align: justify;\"><span style=\"font-family: arial, helvetica, sans-serif; font-size: 10pt;\">SURUBIM. Prefeitura Municipal.\u00a0<strong>Edital de Licita\u00e7\u00e3o n\u00ba 00185\/2025<\/strong>: Contrata\u00e7\u00e3o de pessoa jur\u00eddica especializada em presta\u00e7\u00e3o de servi\u00e7os de licenciamento de software (SaaS), servi\u00e7os e suporte t\u00e9cnico para gest\u00e3o do Cadastro Territorial Multifinalit\u00e1rio (CTM), com integra\u00e7\u00e3o de dados cadastrais e cartogr\u00e1ficos. Surubim, PE, 2025. Dispon\u00edvel em: https:\/\/pncp.gov.br. Acesso em: 28 abr. 2026.<\/span><\/p>\n<p style=\"text-align: justify;\"><span style=\"font-family: arial, helvetica, sans-serif; font-size: 10pt;\">EXTREMA. Prefeitura Municipal.\u00a0<strong>Edital de Licita\u00e7\u00e3o n\u00ba 084\/2025<\/strong>: Registro de pre\u00e7os para contrata\u00e7\u00e3o de empresa especializada em servi\u00e7os de atualiza\u00e7\u00e3o de base cartogr\u00e1fica, georreferenciamento e manuten\u00e7\u00e3o de sistema de informa\u00e7\u00f5es geogr\u00e1ficas (SIG). Extrema, MG, 2025. Dispon\u00edvel em: https:\/\/www.extrema.mg.gov.br\/licitacoes. Acesso em: 28 abr. 2026.<\/span><\/p>\n<p style=\"text-align: justify;\"><span style=\"font-family: arial, helvetica, sans-serif;\"><strong><span style=\"font-size: 12pt;\">FONTE: \u00a0CONT\u00c1BEIS \u2013 POR ALEXIS GAB<\/span>RIEL MADRIGAL<\/strong><\/span><\/p>\n<p>&nbsp;<\/p>\n","protected":false},"excerpt":{"rendered":"<p>Munic\u00edpios investem em infraestrutura tecnol\u00f3gica para se adaptar ao novo [&hellip;]<\/p>\n","protected":false},"author":6,"featured_media":0,"comment_status":"closed","ping_status":"open","sticky":false,"template":"","format":"standard","meta":{"jetpack_post_was_ever_published":false,"_jetpack_newsletter_access":"","_jetpack_dont_email_post_to_subs":false,"_jetpack_newsletter_tier_id":0,"_jetpack_memberships_contains_paywalled_content":false,"footnotes":"","_jetpack_memberships_contains_paid_content":false,"jetpack_publicize_message":"","jetpack_publicize_feature_enabled":true,"jetpack_social_post_already_shared":true,"jetpack_social_options":{"image_generator_settings":{"template":"highway","enabled":false}}},"categories":[9],"tags":[],"jetpack_publicize_connections":[],"jetpack_featured_media_url":"","jetpack_sharing_enabled":true,"jetpack_shortlink":"https:\/\/wp.me\/paFpWR-geE","_links":{"self":[{"href":"https:\/\/bonettiassociados.com.br\/index.php\/wp-json\/wp\/v2\/posts\/62412"}],"collection":[{"href":"https:\/\/bonettiassociados.com.br\/index.php\/wp-json\/wp\/v2\/posts"}],"about":[{"href":"https:\/\/bonettiassociados.com.br\/index.php\/wp-json\/wp\/v2\/types\/post"}],"author":[{"embeddable":true,"href":"https:\/\/bonettiassociados.com.br\/index.php\/wp-json\/wp\/v2\/users\/6"}],"replies":[{"embeddable":true,"href":"https:\/\/bonettiassociados.com.br\/index.php\/wp-json\/wp\/v2\/comments?post=62412"}],"version-history":[{"count":1,"href":"https:\/\/bonettiassociados.com.br\/index.php\/wp-json\/wp\/v2\/posts\/62412\/revisions"}],"predecessor-version":[{"id":62413,"href":"https:\/\/bonettiassociados.com.br\/index.php\/wp-json\/wp\/v2\/posts\/62412\/revisions\/62413"}],"wp:attachment":[{"href":"https:\/\/bonettiassociados.com.br\/index.php\/wp-json\/wp\/v2\/media?parent=62412"}],"wp:term":[{"taxonomy":"category","embeddable":true,"href":"https:\/\/bonettiassociados.com.br\/index.php\/wp-json\/wp\/v2\/categories?post=62412"},{"taxonomy":"post_tag","embeddable":true,"href":"https:\/\/bonettiassociados.com.br\/index.php\/wp-json\/wp\/v2\/tags?post=62412"}],"curies":[{"name":"wp","href":"https:\/\/api.w.org\/{rel}","templated":true}]}}