{"id":62410,"date":"2026-04-29T09:59:23","date_gmt":"2026-04-29T12:59:23","guid":{"rendered":"https:\/\/bonettiassociados.com.br\/?p=62410"},"modified":"2026-04-29T09:59:23","modified_gmt":"2026-04-29T12:59:23","slug":"reforma-zera-ibs-e-cbs-da-cesta-basica-e-reduz-tributo-de-outros-alimentos","status":"publish","type":"post","link":"https:\/\/bonettiassociados.com.br\/index.php\/2026\/04\/29\/reforma-zera-ibs-e-cbs-da-cesta-basica-e-reduz-tributo-de-outros-alimentos\/","title":{"rendered":"REFORMA ZERA IBS E CBS DA CESTA B\u00c1SICA E REDUZ TRIBUTO DE OUTROS ALIMENTOS"},"content":{"rendered":"<p style=\"text-align: justify;\"><span style=\"font-family: arial, helvetica, sans-serif;\">LC 214\/2025 definiu os itens da cesta b\u00e1sica nacional com al\u00edquota zero e previu redu\u00e7\u00e3o de 60% para outros alimentos destinados ao consumo humano.<\/span><\/p>\n<p style=\"text-align: justify;\"><!--more--><\/p>\n<p style=\"text-align: justify;\"><span style=\"font-family: arial, helvetica, sans-serif;\">A\u00a0<strong>reforma tribut\u00e1ria<\/strong>\u00a0do consumo definiu tratamento diferenciado para alimentos no novo sistema de\u00a0<strong>IBS<\/strong>\u00a0e\u00a0<strong>CBS<\/strong>. A Emenda Constitucional n\u00ba 132, de 2023, determinou a cria\u00e7\u00e3o da cesta b\u00e1sica nacional com redu\u00e7\u00e3o a zero das al\u00edquotas desses tributos, e a Lei Complementar n\u00ba 214, de 2025, listou os produtos beneficiados nos anexos da regulamenta\u00e7\u00e3o.<\/span><\/p>\n<p style=\"text-align: justify;\"><span style=\"font-family: arial, helvetica, sans-serif;\">Pela LC 214\/2025, os itens da cesta b\u00e1sica nacional relacionados no Anexo I ter\u00e3o al\u00edquota zero de IBS e CBS. A lei tamb\u00e9m estendeu o mesmo benef\u00edcio aos produtos hort\u00edcolas, frutas e ovos listados no Anexo XV.\u00a0<\/span><\/p>\n<p style=\"text-align: justify;\"><span style=\"font-family: arial, helvetica, sans-serif;\">J\u00e1 outros alimentos destinados ao consumo humano, relacionados no Anexo VII, ter\u00e3o redu\u00e7\u00e3o de 60% em rela\u00e7\u00e3o \u00e0 al\u00edquota padr\u00e3o.<\/span><\/p>\n<p style=\"text-align: justify;\"><span style=\"font-family: arial, helvetica, sans-serif;\">As mudan\u00e7as passam a produzir efeitos na transi\u00e7\u00e3o da reforma tribut\u00e1ria, que come\u00e7a em 2026 com destaque de IBS e CBS nos documentos fiscais, mas sem recolhimento efetivo nesse primeiro ano de teste.\u00a0<\/span><\/p>\n<p style=\"text-align: justify;\"><span style=\"font-family: arial, helvetica, sans-serif;\">A Receita Federal informa que, em 2026, os novos tributos dever\u00e3o ser destacados em nota com al\u00edquota de 0,1%, sendo 0,01% para a CBS e 0,09% para o IBS.<\/span><\/p>\n<p style=\"text-align: justify;\"><span style=\"font-family: arial, helvetica, sans-serif;\"><strong>Cesta b\u00e1sica ter\u00e1 al\u00edquota zero<\/strong><\/span><\/p>\n<p style=\"text-align: justify;\"><span style=\"font-family: arial, helvetica, sans-serif;\">A LC 214\/2025 definiu que os produtos da cesta b\u00e1sica nacional de alimentos ter\u00e3o redu\u00e7\u00e3o a zero das al\u00edquotas do IBS e da CBS. Esse tratamento vale para os itens expressamente listados no Anexo I da lei complementar.<\/span><\/p>\n<p style=\"text-align: justify;\"><span style=\"font-family: arial, helvetica, sans-serif;\">Entre os grupos contemplados est\u00e3o carnes bovinas, su\u00ednas, de aves, de ovinos e caprinos para consumo humano, peixes frescos, resfriados ou congelados, com exclus\u00f5es espec\u00edficas, al\u00e9m de leite, ovos, manteiga, margarina, arroz, feij\u00e3o, trigo, milho, aveia, mandioca, caf\u00e9, a\u00e7\u00facar, sal, p\u00e3o comum e massas aliment\u00edcias sem recheio ou molho.\u00a0<\/span><\/p>\n<p style=\"text-align: justify;\"><span style=\"font-family: arial, helvetica, sans-serif;\">A lei tamb\u00e9m inclui f\u00f3rmulas infantis e alimentos espec\u00edficos para dietas especiais em hip\u00f3teses previstas na regulamenta\u00e7\u00e3o.<\/span><\/p>\n<p style=\"text-align: justify;\"><span style=\"font-family: arial, helvetica, sans-serif;\"><strong>Frutas, hortali\u00e7as e ovos tamb\u00e9m ter\u00e3o isen\u00e7\u00e3o<\/strong><\/span><\/p>\n<p style=\"text-align: justify;\"><span style=\"font-family: arial, helvetica, sans-serif;\">Al\u00e9m da cesta b\u00e1sica nacional do Anexo I, a LC 214\/2025 determinou al\u00edquota zero para produtos hort\u00edcolas, frutas e ovos relacionados no Anexo XV.\u00a0<\/span><\/p>\n<p style=\"text-align: justify;\"><span style=\"font-family: arial, helvetica, sans-serif;\">Esse tratamento foi incorporado \u00e0 estrutura do IBS e da CBS como benef\u00edcio pr\u00f3prio dentro da regulamenta\u00e7\u00e3o da reforma.<\/span><\/p>\n<p style=\"text-align: justify;\"><span style=\"font-family: arial, helvetica, sans-serif;\"><strong>Redu\u00e7\u00e3o de 60% alcan\u00e7a outros alimentos<\/strong><\/span><\/p>\n<p style=\"text-align: justify;\"><span style=\"font-family: arial, helvetica, sans-serif;\">Nem todos os alimentos ter\u00e3o al\u00edquota zero. A lei complementar prev\u00ea redu\u00e7\u00e3o de 60% do IBS e da CBS para alimentos destinados ao consumo humano listados no Anexo VII.\u00a0<\/span><\/p>\n<p style=\"text-align: justify;\"><span style=\"font-family: arial, helvetica, sans-serif;\">Esse grupo re\u00fane produtos que n\u00e3o entraram na cesta b\u00e1sica com tributa\u00e7\u00e3o zerada, mas que continuam submetidos a regime favorecido.<\/span><\/p>\n<p style=\"text-align: justify;\"><span style=\"font-family: arial, helvetica, sans-serif;\">Entre os exemplos que aparecem nessa categoria est\u00e3o mel natural, leite fermentado, compostos l\u00e1cteos, outras farinhas, grumos e s\u00eamolas, amido de milho, \u00f3leos vegetais, massas recheadas e instant\u00e2neas, sucos naturais, polpas sem adi\u00e7\u00e3o de a\u00e7\u00facar ou conservantes, p\u00e3o de forma, extrato de tomate e outros produtos vegetais n\u00e3o contemplados na al\u00edquota zero.<\/span><\/p>\n<p style=\"text-align: justify;\"><span style=\"font-family: arial, helvetica, sans-serif;\"><strong>NCM ser\u00e1 a refer\u00eancia para identificar o benef\u00edcio<\/strong><\/span><\/p>\n<p style=\"text-align: justify;\"><span style=\"font-family: arial, helvetica, sans-serif;\">Para verificar se um produto ter\u00e1 al\u00edquota zero ou redu\u00e7\u00e3o de 60%, a refer\u00eancia legal \u00e9 a Nomenclatura Comum do Mercosul. A<\/span><\/p>\n<p style=\"text-align: justify;\"><span style=\"font-family: arial, helvetica, sans-serif;\">\u00a0LC 214\/2025 vincula os benef\u00edcios fiscais aos c\u00f3digos NCM e \u00e0s descri\u00e7\u00f5es constantes dos anexos, o que exige confer\u00eancia t\u00e9cnica do enquadramento do item.<\/span><\/p>\n<p style=\"text-align: justify;\"><span style=\"font-family: arial, helvetica, sans-serif;\">Na pr\u00e1tica, a an\u00e1lise precisa considerar n\u00e3o s\u00f3 o c\u00f3digo fiscal, mas tamb\u00e9m a descri\u00e7\u00e3o legal e eventuais restri\u00e7\u00f5es de uso, como a exig\u00eancia de que o produto seja destinado ao consumo humano.<\/span><\/p>\n<p style=\"text-align: justify;\"><span style=\"font-family: arial, helvetica, sans-serif;\"><strong>Transi\u00e7\u00e3o come\u00e7a em 2026 e cobran\u00e7a plena vir\u00e1 depois<\/strong><\/span><\/p>\n<p style=\"text-align: justify;\"><span style=\"font-family: arial, helvetica, sans-serif;\">A regulamenta\u00e7\u00e3o da reforma prev\u00ea um per\u00edodo de transi\u00e7\u00e3o. Em 2026, IBS e CBS dever\u00e3o aparecer nas notas fiscais com al\u00edquota teste de 0,1%, sem recolhimento.\u00a0<\/span><\/p>\n<p style=\"text-align: justify;\"><span style=\"font-family: arial, helvetica, sans-serif;\">A cobran\u00e7a efetiva e a aplica\u00e7\u00e3o integral dos regimes diferenciados passam a ganhar relevo a partir de 2027, quando come\u00e7a a transi\u00e7\u00e3o operacional mais ampla do novo sistema.<\/span><\/p>\n<p style=\"text-align: justify;\"><span style=\"font-family: arial, helvetica, sans-serif;\">Nos casos de al\u00edquota zero, a lei tamb\u00e9m garante manuten\u00e7\u00e3o de cr\u00e9ditos nas etapas anteriores da cadeia, conforme as regras da pr\u00f3pria LC 214\/2025. J\u00e1 nos produtos com redu\u00e7\u00e3o de 60%, o imposto ser\u00e1 calculado com o redutor aplicado sobre a al\u00edquota padr\u00e3o vigente.<\/span><\/p>\n<p style=\"text-align: justify;\"><span style=\"font-family: arial, helvetica, sans-serif;\"><strong>FONTE: CONT\u00c1BEIS \u2013 POR JULIANA MORATTO<\/strong><\/span><\/p>\n","protected":false},"excerpt":{"rendered":"<p>LC 214\/2025 definiu os itens da cesta b\u00e1sica nacional com [&hellip;]<\/p>\n","protected":false},"author":6,"featured_media":0,"comment_status":"closed","ping_status":"open","sticky":false,"template":"","format":"standard","meta":{"jetpack_post_was_ever_published":false,"_jetpack_newsletter_access":"","_jetpack_dont_email_post_to_subs":false,"_jetpack_newsletter_tier_id":0,"_jetpack_memberships_contains_paywalled_content":false,"footnotes":"","_jetpack_memberships_contains_paid_content":false,"jetpack_publicize_message":"","jetpack_publicize_feature_enabled":true,"jetpack_social_post_already_shared":true,"jetpack_social_options":{"image_generator_settings":{"template":"highway","enabled":false}}},"categories":[9],"tags":[],"jetpack_publicize_connections":[],"jetpack_featured_media_url":"","jetpack_sharing_enabled":true,"jetpack_shortlink":"https:\/\/wp.me\/paFpWR-geC","_links":{"self":[{"href":"https:\/\/bonettiassociados.com.br\/index.php\/wp-json\/wp\/v2\/posts\/62410"}],"collection":[{"href":"https:\/\/bonettiassociados.com.br\/index.php\/wp-json\/wp\/v2\/posts"}],"about":[{"href":"https:\/\/bonettiassociados.com.br\/index.php\/wp-json\/wp\/v2\/types\/post"}],"author":[{"embeddable":true,"href":"https:\/\/bonettiassociados.com.br\/index.php\/wp-json\/wp\/v2\/users\/6"}],"replies":[{"embeddable":true,"href":"https:\/\/bonettiassociados.com.br\/index.php\/wp-json\/wp\/v2\/comments?post=62410"}],"version-history":[{"count":1,"href":"https:\/\/bonettiassociados.com.br\/index.php\/wp-json\/wp\/v2\/posts\/62410\/revisions"}],"predecessor-version":[{"id":62411,"href":"https:\/\/bonettiassociados.com.br\/index.php\/wp-json\/wp\/v2\/posts\/62410\/revisions\/62411"}],"wp:attachment":[{"href":"https:\/\/bonettiassociados.com.br\/index.php\/wp-json\/wp\/v2\/media?parent=62410"}],"wp:term":[{"taxonomy":"category","embeddable":true,"href":"https:\/\/bonettiassociados.com.br\/index.php\/wp-json\/wp\/v2\/categories?post=62410"},{"taxonomy":"post_tag","embeddable":true,"href":"https:\/\/bonettiassociados.com.br\/index.php\/wp-json\/wp\/v2\/tags?post=62410"}],"curies":[{"name":"wp","href":"https:\/\/api.w.org\/{rel}","templated":true}]}}