{"id":62392,"date":"2026-04-28T10:41:38","date_gmt":"2026-04-28T13:41:38","guid":{"rendered":"https:\/\/bonettiassociados.com.br\/?p=62392"},"modified":"2026-04-28T10:41:38","modified_gmt":"2026-04-28T13:41:38","slug":"stj-julga-complementos-a-condenacoes-contra-a-fazenda-no-cumprimento-de-sentenca","status":"publish","type":"post","link":"https:\/\/bonettiassociados.com.br\/index.php\/2026\/04\/28\/stj-julga-complementos-a-condenacoes-contra-a-fazenda-no-cumprimento-de-sentenca\/","title":{"rendered":"STJ JULGA COMPLEMENTOS A CONDENA\u00c7\u00d5ES CONTRA A FAZENDA NO CUMPRIMENTO DE SENTEN\u00c7A"},"content":{"rendered":"<p style=\"text-align: justify;\"><span style=\"font-family: arial, helvetica, sans-serif;\">A 1\u00aa Se\u00e7\u00e3o do Superior Tribunal de Justi\u00e7a vai decidir se \u00e9 poss\u00edvel complementar os valores de condena\u00e7\u00f5es contra a Fazenda P\u00fablica relativos \u00e0 corre\u00e7\u00e3o monet\u00e1ria quando o processo j\u00e1 estiver na fase de cumprimento de senten\u00e7a.<\/span><\/p>\n<p style=\"text-align: justify;\"><!--more--><\/p>\n<p style=\"text-align: justify;\"><span style=\"font-family: arial, helvetica, sans-serif;\">O colegiado afetou dois processos sobre o assunto ao rito dos repetitivos, sob relatoria do ministro Gurgel de Faria. H\u00e1 a determina\u00e7\u00e3o de suspens\u00e3o dos recursos especiais ou agravos em recurso especial em segunda inst\u00e2ncia e que j\u00e1 estejam no STJ fundados na mesma quest\u00e3o de direito.<\/span><\/p>\n<p style=\"text-align: justify;\"><span style=\"font-family: arial, helvetica, sans-serif;\">O tema \u00e9 um desdobramento de tr\u00eas teses firmadas pelo Supremo Tribunal Federal sob repercuss\u00e3o geral, a partir da decis\u00e3o que afastou o uso da Taxa Referencial como \u00edndice de corre\u00e7\u00e3o monet\u00e1ria dos d\u00e9bitos judiciais da Fazenda P\u00fablica.<\/span><\/p>\n<p style=\"text-align: justify;\"><span style=\"font-family: arial, helvetica, sans-serif;\">A decis\u00e3o foi tomada no\u00a0<a href=\"https:\/\/www.conjur.com.br\/2017-set-22\/stf-define-teses-correcao-monetaria-divida-fazenda\/\">Tema 810<\/a>, em 2017. A partir dali, as condena\u00e7\u00f5es passaram a ser\u00a0<strong>corrigidas pelo IPCA-E<\/strong>, que mede a infla\u00e7\u00e3o oficial no pa\u00eds. A consequ\u00eancia \u00e9 que os custos para a Fazenda P\u00fablica aumentaram.<\/span><\/p>\n<p style=\"text-align: justify;\"><span style=\"font-family: arial, helvetica, sans-serif;\">Depois disso, o STF julgou o<a href=\"https:\/\/www.conjur.com.br\/2023-dez-12\/stf-valida-atualizacao-de-correcao-de-condenacoes-definitivas-contra-a-fazenda\/\">\u00a0Tema 1.170<\/a>, em 2023, para decidir que o tr\u00e2nsito em julgado em condena\u00e7\u00f5es contra a Fazenda P\u00fablica n\u00e3o impede a atualiza\u00e7\u00e3o da corre\u00e7\u00e3o monet\u00e1ria de d\u00edvidas n\u00e3o tribut\u00e1rias, mesmo que o t\u00edtulo judicial preveja um \u00edndice diferente.<\/span><\/p>\n<p style=\"text-align: justify;\"><span style=\"font-family: arial, helvetica, sans-serif;\">J\u00e1 em 2024, o Supremo fixou no Tema 1.361 que o tr\u00e2nsito em julgado de uma senten\u00e7a que previu um \u00edndice espec\u00edfico de corre\u00e7\u00e3o ou juros n\u00e3o impede a aplica\u00e7\u00e3o posterior das teses fixadas, como no caso do Tema 1.170.<\/span><\/p>\n<p style=\"text-align: justify;\"><span style=\"font-family: arial, helvetica, sans-serif;\"><strong>Complementa\u00e7\u00e3o<\/strong> <strong>da<\/strong> <strong>d\u00edvida<\/strong> <strong>da<\/strong> <strong>Fazenda<\/strong><\/span><\/p>\n<p style=\"text-align: justify;\"><span style=\"font-family: arial, helvetica, sans-serif;\">Esse cen\u00e1rio jurisprudencial se estabeleceu para evitar o congelamento de taxas de juros para as d\u00edvidas da Fazenda P\u00fablica, o que abriu um contencioso para permitir a atualiza\u00e7\u00e3o desses valores inclusive para decis\u00f5es definitivas.<\/span><\/p>\n<p style=\"text-align: justify;\"><span style=\"font-family: arial, helvetica, sans-serif;\">O ministro Gurgel de Faria apontou o crescimento no n\u00famero de recursos que discutem o prosseguimento de cumprimentos de senten\u00e7a relativos a diferen\u00e7as decorrentes da altera\u00e7\u00e3o do indexador da corre\u00e7\u00e3o monet\u00e1ria a partir da declara\u00e7\u00e3o de inconstitucionalidade da Taxa Referencial.<\/span><\/p>\n<p style=\"text-align: justify;\"><span style=\"font-family: arial, helvetica, sans-serif;\">\u201cAssim, a presente controv\u00e9rsia circunscreve-se \u00e0 possibilidade, ou n\u00e3o, de complementa\u00e7\u00e3o de valores no cumprimento de senten\u00e7a contra a Fazenda P\u00fablica, a fim de aplicar o INPC na atualiza\u00e7\u00e3o monet\u00e1ria a partir do entendimento firmado pelo STF nos Temas 810, 1.170 e 1.361\u201d, resumiu ele.<\/span><\/p>\n<p style=\"text-align: justify;\"><span style=\"font-family: arial, helvetica, sans-serif;\"><strong>Delimita\u00e7\u00e3o da controv\u00e9rsia<\/strong><\/span><\/p>\n<p style=\"text-align: justify;\"><span style=\"font-family: arial, helvetica, sans-serif;\"><em>Definir se h\u00e1 possibilidade de complementa\u00e7\u00e3o de valores no cumprimento de senten\u00e7a contra a Fazenda P\u00fablica, relativos \u00e0 corre\u00e7\u00e3o monet\u00e1ria, a partir do entendimento firmado pelo Supremo Tribunal Federal nos Temas 810, 1.170 e 1.361.<\/em><\/span><\/p>\n<p style=\"text-align: justify;\"><span style=\"font-family: arial, helvetica, sans-serif;\">Clique\u00a0<a href=\"https:\/\/www.conjur.com.br\/wp-content\/uploads\/2026\/04\/PAFRESP-2258164-2026-04-14.pdf\">aqui<\/a>\u00a0para ler o ac\u00f3rd\u00e3o de afeta\u00e7\u00e3o<\/span><\/p>\n<p style=\"text-align: justify;\"><span style=\"font-family: arial, helvetica, sans-serif;\">REsp 2.258.164<\/span><\/p>\n<p style=\"text-align: justify;\"><span style=\"font-family: arial, helvetica, sans-serif;\">REsp 2.253.608<\/span><\/p>\n<p style=\"text-align: justify;\"><span style=\"font-family: arial, helvetica, sans-serif;\"><strong>FONTE: CONSULTOR JUR\u00cdDICO -POR DANILO VITAL<\/strong><\/span><\/p>\n<p><strong>\u00a0<\/strong><\/p>\n<p><strong>\u00a0<\/strong><\/p>\n","protected":false},"excerpt":{"rendered":"<p>A 1\u00aa Se\u00e7\u00e3o do Superior Tribunal de Justi\u00e7a vai decidir [&hellip;]<\/p>\n","protected":false},"author":6,"featured_media":0,"comment_status":"closed","ping_status":"open","sticky":false,"template":"","format":"standard","meta":{"jetpack_post_was_ever_published":false,"_jetpack_newsletter_access":"","_jetpack_dont_email_post_to_subs":false,"_jetpack_newsletter_tier_id":0,"_jetpack_memberships_contains_paywalled_content":false,"footnotes":"","_jetpack_memberships_contains_paid_content":false,"jetpack_publicize_message":"","jetpack_publicize_feature_enabled":true,"jetpack_social_post_already_shared":true,"jetpack_social_options":{"image_generator_settings":{"template":"highway","enabled":false}}},"categories":[2],"tags":[],"jetpack_publicize_connections":[],"jetpack_featured_media_url":"","jetpack_sharing_enabled":true,"jetpack_shortlink":"https:\/\/wp.me\/paFpWR-gek","_links":{"self":[{"href":"https:\/\/bonettiassociados.com.br\/index.php\/wp-json\/wp\/v2\/posts\/62392"}],"collection":[{"href":"https:\/\/bonettiassociados.com.br\/index.php\/wp-json\/wp\/v2\/posts"}],"about":[{"href":"https:\/\/bonettiassociados.com.br\/index.php\/wp-json\/wp\/v2\/types\/post"}],"author":[{"embeddable":true,"href":"https:\/\/bonettiassociados.com.br\/index.php\/wp-json\/wp\/v2\/users\/6"}],"replies":[{"embeddable":true,"href":"https:\/\/bonettiassociados.com.br\/index.php\/wp-json\/wp\/v2\/comments?post=62392"}],"version-history":[{"count":1,"href":"https:\/\/bonettiassociados.com.br\/index.php\/wp-json\/wp\/v2\/posts\/62392\/revisions"}],"predecessor-version":[{"id":62393,"href":"https:\/\/bonettiassociados.com.br\/index.php\/wp-json\/wp\/v2\/posts\/62392\/revisions\/62393"}],"wp:attachment":[{"href":"https:\/\/bonettiassociados.com.br\/index.php\/wp-json\/wp\/v2\/media?parent=62392"}],"wp:term":[{"taxonomy":"category","embeddable":true,"href":"https:\/\/bonettiassociados.com.br\/index.php\/wp-json\/wp\/v2\/categories?post=62392"},{"taxonomy":"post_tag","embeddable":true,"href":"https:\/\/bonettiassociados.com.br\/index.php\/wp-json\/wp\/v2\/tags?post=62392"}],"curies":[{"name":"wp","href":"https:\/\/api.w.org\/{rel}","templated":true}]}}