{"id":62380,"date":"2026-04-28T09:56:28","date_gmt":"2026-04-28T12:56:28","guid":{"rendered":"https:\/\/bonettiassociados.com.br\/?p=62380"},"modified":"2026-04-28T09:56:28","modified_gmt":"2026-04-28T12:56:28","slug":"a-reforma-tributaria-de-2026-e-o-passivo-oculto-no-estoque-contratual","status":"publish","type":"post","link":"https:\/\/bonettiassociados.com.br\/index.php\/2026\/04\/28\/a-reforma-tributaria-de-2026-e-o-passivo-oculto-no-estoque-contratual\/","title":{"rendered":"A REFORMA TRIBUT\u00c1RIA DE 2026 E O PASSIVO OCULTO NO ESTOQUE CONTRATUAL"},"content":{"rendered":"<p style=\"text-align: justify;\"><span style=\"font-family: arial, helvetica, sans-serif;\">Al\u00e9m das al\u00edquotas, o grande desafio ser\u00e1 a gest\u00e3o operacional de legal ops para revisar e aditivar milhares de contratos vigentes sem colapsar.<\/span><\/p>\n<p style=\"text-align: justify;\"><!--more--><\/p>\n<p style=\"text-align: justify;\"><span style=\"font-family: arial, helvetica, sans-serif;\">A comunidade jur\u00eddica e empresarial brasileira est\u00e1 mergulhada em debates profundos sobre as al\u00edquotas, o IVA Dual e o per\u00edodo de transi\u00e7\u00e3o da reforma tribut\u00e1ria 2026. No entanto, nos bastidores, h\u00e1 um &#8220;elefante na sala&#8221; que poucos parecem dispostos a encarar: o verdadeiro pesadelo log\u00edstico que recair\u00e1 sobre os times de legal ops e contratos.<\/span><\/p>\n<p style=\"text-align: justify;\"><span style=\"font-family: arial, helvetica, sans-serif;\">Como as empresas pretendem revisar, aditivar e repactuar o repasse de custos em milhares de minutas ativas em tempo recorde?<\/span><\/p>\n<p style=\"text-align: justify;\"><span style=\"font-family: arial, helvetica, sans-serif;\"><strong>O verdadeiro gargalo da transi\u00e7\u00e3o<\/strong><\/span><\/p>\n<p style=\"text-align: justify;\"><span style=\"font-family: arial, helvetica, sans-serif;\">O desafio da reforma n\u00e3o \u00e9 puramente te\u00f3rico; \u00e9 brutalmente operacional. Entender a teoria jur\u00eddica por tr\u00e1s do novo modelo de consumo \u00e9 apenas o passo zero. O passo um \u00e9 olhar para o reposit\u00f3rio da empresa e identificar exatamente quais s\u00e3o as obriga\u00e7\u00f5es ativas.<\/span><\/p>\n<p style=\"text-align: justify;\"><span style=\"font-family: arial, helvetica, sans-serif;\">Identificar o impacto financeiro em uma base contratual fragmentada &#8211; espalhada em pastas de rede gen\u00e9ricas, caixas de e-mail de ex-funcion\u00e1rios ou sistemas desconexos &#8211; \u00e9 uma miss\u00e3o que gerar\u00e1 riscos incalcul\u00e1veis. O &#8220;custo da transi\u00e7\u00e3o&#8221; ser\u00e1, inevitavelmente, o custo da desorganiza\u00e7\u00e3o.<\/span><\/p>\n<p style=\"text-align: justify;\"><span style=\"font-family: arial, helvetica, sans-serif;\"><strong>Por que o armazenamento tradicional vai colapsar?<\/strong><\/span><\/p>\n<p style=\"text-align: justify;\"><span style=\"font-family: arial, helvetica, sans-serif;\">Para sobreviver a este tsunami de repactua\u00e7\u00f5es de um contrato de presta\u00e7\u00e3o de servi\u00e7os, o departamento jur\u00eddico precisa muito mais do que um HD em nuvem. \u00c9 necess\u00e1ria uma funda\u00e7\u00e3o de governan\u00e7a real.<\/span><\/p>\n<p style=\"text-align: justify;\"><span style=\"font-family: arial, helvetica, sans-serif;\"><strong>O que a nova realidade vai exigir<\/strong><\/span><\/p>\n<p style=\"text-align: justify;\"><span style=\"font-family: arial, helvetica, sans-serif;\">A repactua\u00e7\u00e3o contratual decorrente da reforma exigir\u00e1 muito mais do que armazenamento. Exigir\u00e1 capacidade real de localizar, classificar, revisar e conectar documentos que hoje, em muitas empresas, permanecem dispersos em bases fragmentadas e pouco rastre\u00e1veis.<\/span><\/p>\n<p style=\"text-align: justify;\"><span style=\"font-family: arial, helvetica, sans-serif;\">Na pr\u00e1tica, isso passa por alguns requisitos m\u00ednimos:<\/span><\/p>\n<ul style=\"text-align: justify;\">\n<li><span style=\"font-family: arial, helvetica, sans-serif;\"><strong>organiza\u00e7\u00e3o estruturada do acervo contratual<\/strong>, para localizar com rapidez os instrumentos afetados por \u00e1rea, tipo de rela\u00e7\u00e3o e natureza da obriga\u00e7\u00e3o;<\/span><\/li>\n<li><span style=\"font-family: arial, helvetica, sans-serif;\"><strong>classifica\u00e7\u00e3o consistente dos contratos impactados<\/strong>, permitindo priorizar revis\u00e3o, aditamento e renegocia\u00e7\u00e3o sem depender de leitura manual de todo o estoque;<\/span><\/li>\n<li><span style=\"font-family: arial, helvetica, sans-serif;\"><strong>hist\u00f3rico rastre\u00e1vel de altera\u00e7\u00f5es,<\/strong> para que aditivos, retifica\u00e7\u00f5es e revis\u00f5es permane\u00e7am vinculados ao instrumento principal de forma audit\u00e1vel.<\/span><\/li>\n<\/ul>\n<p style=\"text-align: justify;\"><span style=\"font-family: arial, helvetica, sans-serif;\"><strong>A centraliza\u00e7\u00e3o deixou de ser conveni\u00eancia<\/strong><\/span><\/p>\n<p style=\"text-align: justify;\"><span style=\"font-family: arial, helvetica, sans-serif;\">A reforma tribut\u00e1ria exp\u00f5e uma fragilidade antiga: empresas que apenas armazenam contratos ter\u00e3o mais dificuldade para reagir com velocidade, seguran\u00e7a e coer\u00eancia.<\/span><\/p>\n<p style=\"text-align: justify;\"><span style=\"font-family: arial, helvetica, sans-serif;\">A adequa\u00e7\u00e3o \u00e0 nova realidade fiscal ser\u00e1, tamb\u00e9m, um teste de maturidade operacional para departamentos jur\u00eddicos e escrit\u00f3rios que lidam com grande volume contratual. Quem j\u00e1 enxerga contratos como estrutura viva de obriga\u00e7\u00f5es, vers\u00f5es, aditivos e responsabilidades responder\u00e1 melhor. Quem ainda os trata como arquivos soltos pagar\u00e1 mais caro pela transi\u00e7\u00e3o.<\/span><\/p>\n<p style=\"text-align: justify;\"><span style=\"font-family: arial, helvetica, sans-serif;\"><strong>FONTE: MIGALHAS \u2013 POR HENRIQUE FL\u00d4RES<\/strong><\/span><\/p>\n<p><strong>\u00a0<\/strong><\/p>\n","protected":false},"excerpt":{"rendered":"<p>Al\u00e9m das al\u00edquotas, o grande desafio ser\u00e1 a gest\u00e3o operacional [&hellip;]<\/p>\n","protected":false},"author":6,"featured_media":0,"comment_status":"closed","ping_status":"open","sticky":false,"template":"","format":"standard","meta":{"jetpack_post_was_ever_published":false,"_jetpack_newsletter_access":"","_jetpack_dont_email_post_to_subs":false,"_jetpack_newsletter_tier_id":0,"_jetpack_memberships_contains_paywalled_content":false,"footnotes":"","_jetpack_memberships_contains_paid_content":false,"jetpack_publicize_message":"","jetpack_publicize_feature_enabled":true,"jetpack_social_post_already_shared":true,"jetpack_social_options":{"image_generator_settings":{"template":"highway","enabled":false}}},"categories":[9],"tags":[],"jetpack_publicize_connections":[],"jetpack_featured_media_url":"","jetpack_sharing_enabled":true,"jetpack_shortlink":"https:\/\/wp.me\/paFpWR-ge8","_links":{"self":[{"href":"https:\/\/bonettiassociados.com.br\/index.php\/wp-json\/wp\/v2\/posts\/62380"}],"collection":[{"href":"https:\/\/bonettiassociados.com.br\/index.php\/wp-json\/wp\/v2\/posts"}],"about":[{"href":"https:\/\/bonettiassociados.com.br\/index.php\/wp-json\/wp\/v2\/types\/post"}],"author":[{"embeddable":true,"href":"https:\/\/bonettiassociados.com.br\/index.php\/wp-json\/wp\/v2\/users\/6"}],"replies":[{"embeddable":true,"href":"https:\/\/bonettiassociados.com.br\/index.php\/wp-json\/wp\/v2\/comments?post=62380"}],"version-history":[{"count":1,"href":"https:\/\/bonettiassociados.com.br\/index.php\/wp-json\/wp\/v2\/posts\/62380\/revisions"}],"predecessor-version":[{"id":62381,"href":"https:\/\/bonettiassociados.com.br\/index.php\/wp-json\/wp\/v2\/posts\/62380\/revisions\/62381"}],"wp:attachment":[{"href":"https:\/\/bonettiassociados.com.br\/index.php\/wp-json\/wp\/v2\/media?parent=62380"}],"wp:term":[{"taxonomy":"category","embeddable":true,"href":"https:\/\/bonettiassociados.com.br\/index.php\/wp-json\/wp\/v2\/categories?post=62380"},{"taxonomy":"post_tag","embeddable":true,"href":"https:\/\/bonettiassociados.com.br\/index.php\/wp-json\/wp\/v2\/tags?post=62380"}],"curies":[{"name":"wp","href":"https:\/\/api.w.org\/{rel}","templated":true}]}}