{"id":62378,"date":"2026-04-28T09:54:32","date_gmt":"2026-04-28T12:54:32","guid":{"rendered":"https:\/\/bonettiassociados.com.br\/?p=62378"},"modified":"2026-04-28T09:55:55","modified_gmt":"2026-04-28T12:55:55","slug":"imoveis-na-transicao-o-que-muda-para-locacao-incorporacao-e-investidores-com-a-nova-tributacao","status":"publish","type":"post","link":"https:\/\/bonettiassociados.com.br\/index.php\/2026\/04\/28\/imoveis-na-transicao-o-que-muda-para-locacao-incorporacao-e-investidores-com-a-nova-tributacao\/","title":{"rendered":"IM\u00d3VEIS NA TRANSI\u00c7\u00c3O: O QUE MUDA PARA LOCA\u00c7\u00c3O, INCORPORA\u00c7\u00c3O E INVESTIDORES COM A NOVA TRIBUTA\u00c7\u00c3O"},"content":{"rendered":"<p style=\"text-align: justify;\"><span style=\"font-family: arial, helvetica, sans-serif;\">Novas regras de IBS e CBS trazem redutores e al\u00edquotas espec\u00edficas para im\u00f3veis.<\/span><\/p>\n<p style=\"text-align: justify;\"><!--more--><\/p>\n<p style=\"text-align: justify;\"><span style=\"font-family: arial, helvetica, sans-serif;\">A\u00a0<strong>Reforma Tribut\u00e1ria<\/strong>\u00a0brasileira inaugura um per\u00edodo de transi\u00e7\u00e3o que altera de forma relevante a din\u00e2mica de diversos setores, especialmente o mercado imobili\u00e1rio. Com a regulamenta\u00e7\u00e3o pela Lei Complementar n\u00ba 214, foi criado um regime espec\u00edfico para opera\u00e7\u00f5es com bens im\u00f3veis dentro do novo modelo de tributa\u00e7\u00e3o sobre consumo, baseado no\u00a0<strong>IBS<\/strong>\u00a0(Imposto sobre Bens e Servi\u00e7os) e na\u00a0<strong>CBS<\/strong>\u00a0(Contribui\u00e7\u00e3o sobre Bens e Servi\u00e7os).<\/span><\/p>\n<p style=\"text-align: justify;\"><span style=\"font-family: arial, helvetica, sans-serif;\">A ado\u00e7\u00e3o de uma sistem\u00e1tica pr\u00f3pria reconhece as particularidades do setor, marcado por ciclos longos de investimento \u2014 que envolvem aquisi\u00e7\u00e3o de terrenos, constru\u00e7\u00e3o e comercializa\u00e7\u00e3o ao longo de anos. Sem ajustes, a aplica\u00e7\u00e3o direta das regras gerais poderia gerar distor\u00e7\u00f5es na forma\u00e7\u00e3o de pre\u00e7os e comprometer a viabilidade dos empreendimentos.<\/span><\/p>\n<p style=\"text-align: justify;\"><span style=\"font-family: arial, helvetica, sans-serif;\">Para mitigar esses efeitos, a legisla\u00e7\u00e3o introduziu mecanismos espec\u00edficos, como redutores da\u00a0<strong>base de c\u00e1lculo<\/strong>\u00a0e redu\u00e7\u00e3o das al\u00edquotas efetivas. A l\u00f3gica da tributa\u00e7\u00e3o tamb\u00e9m muda: em vez da incid\u00eancia fragmentada de tributos ao longo das etapas (como\u00a0<strong>PIS,\u00a0Cofins<\/strong>\u00a0e ISS), o novo modelo passa a tributar o valor agregado da opera\u00e7\u00e3o.<\/span><\/p>\n<p style=\"text-align: justify;\"><span style=\"font-family: arial, helvetica, sans-serif;\">Esse novo desenho amplia a import\u00e2ncia da gest\u00e3o fiscal e cont\u00e1bil nas incorporadoras, especialmente na apropria\u00e7\u00e3o de cr\u00e9ditos de IBS e CBS relacionados a insumos e servi\u00e7os. A rastreabilidade desses cr\u00e9ditos ser\u00e1 determinante para a carga tribut\u00e1ria final, tornando o controle mais estrat\u00e9gico.<\/span><\/p>\n<p style=\"text-align: justify;\"><span style=\"font-family: arial, helvetica, sans-serif;\">Entre os principais instrumentos criados est\u00e3o o redutor de ajuste e o redutor social. O redutor de ajuste ser\u00e1 aplicado \u00e0s opera\u00e7\u00f5es de venda de im\u00f3veis por contribuintes do regime regular a partir de 2027. Cada im\u00f3vel ter\u00e1 um valor vinculado que poder\u00e1 ser utilizado para reduzir a base de c\u00e1lculo do IBS e da CBS no momento da aliena\u00e7\u00e3o. Esse valor ser\u00e1 atualizado monetariamente e redistribu\u00eddo proporcionalmente em casos de desmembramento, evitando tributa\u00e7\u00e3o sobre ganhos anteriores \u00e0 reforma.<\/span><\/p>\n<p style=\"text-align: justify;\"><span style=\"font-family: arial, helvetica, sans-serif;\">J\u00e1 o redutor social tem foco em im\u00f3veis residenciais. Ele permite a dedu\u00e7\u00e3o de valores fixos da base de c\u00e1lculo \u2014 R$ 100 mil por unidade residencial nova e R$ 30 mil para lotes residenciais. Diferentemente do redutor de ajuste, sua aplica\u00e7\u00e3o \u00e9 restrita e ocorre ap\u00f3s a utiliza\u00e7\u00e3o do primeiro, limitada ao valor da base.<\/span><\/p>\n<p style=\"text-align: justify;\"><span style=\"font-family: arial, helvetica, sans-serif;\">Outro ponto relevante \u00e9 a redu\u00e7\u00e3o das al\u00edquotas. Para opera\u00e7\u00f5es de venda de im\u00f3veis, a legisla\u00e7\u00e3o prev\u00ea redu\u00e7\u00e3o de 50% nas al\u00edquotas do IBS e da CBS. J\u00e1 nas opera\u00e7\u00f5es de loca\u00e7\u00e3o, cess\u00e3o ou arrendamento, a redu\u00e7\u00e3o chega a 70%, o que pode tornar investimentos voltados \u00e0 gera\u00e7\u00e3o de renda mais atrativos e alterar estrat\u00e9gias no setor.<\/span><\/p>\n<p style=\"text-align: justify;\"><span style=\"font-family: arial, helvetica, sans-serif;\">A reforma tamb\u00e9m impacta pessoas f\u00edsicas. Investidores imobili\u00e1rios poder\u00e3o ser enquadrados como contribuintes do novo regime ao ultrapassar determinados limites. No caso de loca\u00e7\u00e3o, isso ocorre quando a receita anual superar R$ 240 mil e envolver mais de tr\u00eas im\u00f3veis. Tamb\u00e9m entram no regime aqueles que venderem mais de tr\u00eas im\u00f3veis no ano ou mais de um im\u00f3vel constru\u00eddo por si nos \u00faltimos cinco anos.<\/span><\/p>\n<p style=\"text-align: justify;\"><span style=\"font-family: arial, helvetica, sans-serif;\">H\u00e1 ainda a possibilidade de enquadramento no pr\u00f3prio ano em que os limites forem excedidos. Esse conjunto de regras representa uma mudan\u00e7a importante, j\u00e1 que parte das opera\u00e7\u00f5es hoje tributadas apenas pelo\u00a0<strong>Imposto de Renda<\/strong>\u00a0passar\u00e1 a ser tratada como atividade econ\u00f4mica sujeita \u00e0 tributa\u00e7\u00e3o sobre consumo.<\/span><\/p>\n<p style=\"text-align: justify;\"><span style=\"font-family: arial, helvetica, sans-serif;\">Na pr\u00e1tica, isso pode levar investidores a revisarem suas estruturas, incluindo a cria\u00e7\u00e3o de empresas para gest\u00e3o de ativos imobili\u00e1rios, buscando maior efici\u00eancia tribut\u00e1ria.<\/span><\/p>\n<p style=\"text-align: justify;\"><span style=\"font-family: arial, helvetica, sans-serif;\">Do ponto de vista operacional, a transi\u00e7\u00e3o exigir\u00e1 aten\u00e7\u00e3o. At\u00e9 2033, haver\u00e1 conviv\u00eancia entre o sistema atual e o novo, demandando maior capacidade de planejamento, simula\u00e7\u00e3o de cen\u00e1rios e adapta\u00e7\u00e3o de processos. A forma\u00e7\u00e3o de pre\u00e7os tamb\u00e9m ser\u00e1 impactada, j\u00e1 que mudan\u00e7as na carga tribut\u00e1ria afetam diretamente a viabilidade dos projetos.<\/span><\/p>\n<p style=\"text-align: justify;\"><span style=\"font-family: arial, helvetica, sans-serif;\">Outro desafio ser\u00e1 a separa\u00e7\u00e3o adequada entre receitas imobili\u00e1rias e servi\u00e7os associados, como administra\u00e7\u00e3o e intermedia\u00e7\u00e3o, para garantir o correto enquadramento tribut\u00e1rio e reduzir riscos fiscais.<\/span><\/p>\n<p style=\"text-align: justify;\"><span style=\"font-family: arial, helvetica, sans-serif;\">Diante desse cen\u00e1rio, a reforma representa n\u00e3o apenas uma simplifica\u00e7\u00e3o do sistema, mas tamb\u00e9m um aumento da complexidade operacional no curto e m\u00e9dio prazo. A capacidade de antecipar ajustes e adaptar modelos de neg\u00f3cio ser\u00e1 um diferencial competitivo importante. Empresas que se prepararem com anteced\u00eancia tendem a preservar margens, estruturar melhor seus investimentos e navegar com mais seguran\u00e7a no novo ambiente tribut\u00e1rio brasileiro.<\/span><\/p>\n<p style=\"text-align: justify;\"><span style=\"font-family: arial, helvetica, sans-serif;\">O artigo enviado pelo autor, devidamente assinado, n\u00e3o reflete, necessariamente, a opini\u00e3o institucional do Portal Cont\u00e1beis.<\/span><\/p>\n<p style=\"text-align: justify;\"><span style=\"font-family: arial, helvetica, sans-serif;\"><strong>FONTE: CONT\u00c1BEIS &#8211; POR MARCELO SIM\u00d5ES<\/strong><\/span><\/p>\n<p><u>\u00a0<\/u><\/p>\n<p>&nbsp;<\/p>\n<p>&nbsp;<\/p>\n","protected":false},"excerpt":{"rendered":"<p>Novas regras de IBS e CBS trazem redutores e al\u00edquotas [&hellip;]<\/p>\n","protected":false},"author":6,"featured_media":0,"comment_status":"closed","ping_status":"open","sticky":false,"template":"","format":"standard","meta":{"jetpack_post_was_ever_published":false,"_jetpack_newsletter_access":"","_jetpack_dont_email_post_to_subs":false,"_jetpack_newsletter_tier_id":0,"_jetpack_memberships_contains_paywalled_content":false,"footnotes":"","_jetpack_memberships_contains_paid_content":false,"jetpack_publicize_message":"","jetpack_publicize_feature_enabled":true,"jetpack_social_post_already_shared":true,"jetpack_social_options":{"image_generator_settings":{"template":"highway","enabled":false}}},"categories":[9],"tags":[],"jetpack_publicize_connections":[],"jetpack_featured_media_url":"","jetpack_sharing_enabled":true,"jetpack_shortlink":"https:\/\/wp.me\/paFpWR-ge6","_links":{"self":[{"href":"https:\/\/bonettiassociados.com.br\/index.php\/wp-json\/wp\/v2\/posts\/62378"}],"collection":[{"href":"https:\/\/bonettiassociados.com.br\/index.php\/wp-json\/wp\/v2\/posts"}],"about":[{"href":"https:\/\/bonettiassociados.com.br\/index.php\/wp-json\/wp\/v2\/types\/post"}],"author":[{"embeddable":true,"href":"https:\/\/bonettiassociados.com.br\/index.php\/wp-json\/wp\/v2\/users\/6"}],"replies":[{"embeddable":true,"href":"https:\/\/bonettiassociados.com.br\/index.php\/wp-json\/wp\/v2\/comments?post=62378"}],"version-history":[{"count":1,"href":"https:\/\/bonettiassociados.com.br\/index.php\/wp-json\/wp\/v2\/posts\/62378\/revisions"}],"predecessor-version":[{"id":62379,"href":"https:\/\/bonettiassociados.com.br\/index.php\/wp-json\/wp\/v2\/posts\/62378\/revisions\/62379"}],"wp:attachment":[{"href":"https:\/\/bonettiassociados.com.br\/index.php\/wp-json\/wp\/v2\/media?parent=62378"}],"wp:term":[{"taxonomy":"category","embeddable":true,"href":"https:\/\/bonettiassociados.com.br\/index.php\/wp-json\/wp\/v2\/categories?post=62378"},{"taxonomy":"post_tag","embeddable":true,"href":"https:\/\/bonettiassociados.com.br\/index.php\/wp-json\/wp\/v2\/tags?post=62378"}],"curies":[{"name":"wp","href":"https:\/\/api.w.org\/{rel}","templated":true}]}}