{"id":62360,"date":"2026-04-27T10:58:40","date_gmt":"2026-04-27T13:58:40","guid":{"rendered":"https:\/\/bonettiassociados.com.br\/?p=62360"},"modified":"2026-04-27T10:58:40","modified_gmt":"2026-04-27T13:58:40","slug":"icms-nacional-publicados-convenios-que-dispoem-sobre-isencao-transacao-resolutiva-de-litigios-e-parcelamento","status":"publish","type":"post","link":"https:\/\/bonettiassociados.com.br\/index.php\/2026\/04\/27\/icms-nacional-publicados-convenios-que-dispoem-sobre-isencao-transacao-resolutiva-de-litigios-e-parcelamento\/","title":{"rendered":"ICMS NACIONAL &#8211; PUBLICADOS CONV\u00caNIOS QUE DISP\u00d5EM SOBRE ISEN\u00c7\u00c3O, TRANSA\u00c7\u00c3O RESOLUTIVA DE LIT\u00cdGIOS E PARCELAMENTO"},"content":{"rendered":"<p style=\"text-align: justify;\"><span style=\"font-family: arial, helvetica, sans-serif;\">Despacho CONFAZ n\u00ba\u00a020\/2026\u00a0&#8211; DOU de 27.04.2026.<\/span><span style=\"font-family: arial, helvetica, sans-serif;\"><strong>\u00a0<\/strong><\/span><!--more--><\/p>\n<p style=\"text-align: justify;\"><span style=\"font-family: arial, helvetica, sans-serif;\">Por meio do Despacho Confaz n\u00ba\u00a0<strong>20\/2026\u00a0<\/strong>, foram publicados os Conv\u00eanios ICMS n\u00ba 53 a 56\/2026, que disp\u00f5em sobre isen\u00e7\u00e3o, transa\u00e7\u00e3o resolutiva de lit\u00edgios e parcelamento, conforme segue:<\/span><br \/>\n<span style=\"font-family: arial, helvetica, sans-serif;\">Conv\u00eanio ICMS n\u00ba\u00a0<strong>53\/2026<\/strong>\u00a0&#8211; Autoriza o Estado do Mato Grosso do Sul a conceder isen\u00e7\u00e3o do ICMS incidente sobre a diferen\u00e7a entre as al\u00edquotas interna e interestadual nas opera\u00e7\u00f5es de doa\u00e7\u00e3o de mercadorias destinadas ao atendimento da situa\u00e7\u00e3o de emerg\u00eancia em sa\u00fade p\u00fablica no Munic\u00edpio de Dourados &#8211; MS, em raz\u00e3o do avan\u00e7o dos casos de chikungunya.<\/span><\/p>\n<p style=\"text-align: justify;\"><span style=\"font-family: arial, helvetica, sans-serif;\">Conv\u00eanio ICMS n\u00ba\u00a0<strong>54\/2026<\/strong>\u00a0&#8211; Altera o Conv\u00eanio ICMS n\u00ba\u00a0<strong>161\/2025<\/strong>, que autoriza a concess\u00e3o de isen\u00e7\u00e3o do ICMS nas opera\u00e7\u00f5es com medicamento destinado a tratamento de distrofia muscular de Duchenne &#8211; DMD, para prorrogar para 30.09.2026 a condi\u00e7\u00e3o de que o medicamento tenha autoriza\u00e7\u00e3o para importa\u00e7\u00e3o e comercializa\u00e7\u00e3o concedida pela Ag\u00eancia Nacional de Vigil\u00e2ncia Sanit\u00e1ria &#8211; ANVISA, em rela\u00e7\u00e3o ao Estado do Rio Grande do Sul.<\/span><\/p>\n<p style=\"text-align: justify;\"><span style=\"font-family: arial, helvetica, sans-serif;\">Conv\u00eanio ICMS n\u00ba\u00a0<strong>55\/2026<\/strong>&#8211; Disp\u00f5e sobre a ades\u00e3o do Estado do Esp\u00edrito Santo e altera o Conv\u00eanio ICMS n\u00ba\u00a0<strong>44\/2026<\/strong>, que autoriza a institui\u00e7\u00e3o de transa\u00e7\u00e3o administrativa nos termos que especifica.<\/span><\/p>\n<p style=\"text-align: justify;\"><span style=\"font-family: arial, helvetica, sans-serif;\">Conv\u00eanio ICMS n\u00ba\u00a0<strong>56\/2026<\/strong>\u00a0&#8211; Altera o Conv\u00eanio ICMS n\u00ba\u00a0<strong>139\/2018<\/strong>, que autoriza as unidades federadas que menciona a reduzir multas e demais acr\u00e9scimos legais, e a conceder parcelamento de d\u00e9bito fiscal relacionados com o ICMS, nas hip\u00f3teses que especifica, para ampliar os fatos geradores para at\u00e9 31.12.2025.<\/span><\/p>\n<p style=\"text-align: justify;\"><span style=\"font-family: arial, helvetica, sans-serif;\">(Despacho CONFAZ n\u00ba\u00a0<strong>20\/2026<\/strong>\u00a0&#8211; DOU de 27.04.2026)<\/span><\/p>\n<p style=\"text-align: justify;\"><span style=\"font-family: arial, helvetica, sans-serif;\"><strong>FONTE:\u00a0EDITORIAL IOB<\/strong><\/span><\/p>\n<p style=\"text-align: justify;\"><span style=\"font-family: arial, helvetica, sans-serif;\"><strong>\u00a0<\/strong><\/span><\/p>\n","protected":false},"excerpt":{"rendered":"<p>Despacho CONFAZ n\u00ba\u00a020\/2026\u00a0&#8211; DOU de 27.04.2026.\u00a0<\/p>\n","protected":false},"author":6,"featured_media":0,"comment_status":"closed","ping_status":"open","sticky":false,"template":"","format":"standard","meta":{"jetpack_post_was_ever_published":false,"_jetpack_newsletter_access":"","_jetpack_dont_email_post_to_subs":false,"_jetpack_newsletter_tier_id":0,"_jetpack_memberships_contains_paywalled_content":false,"footnotes":"","_jetpack_memberships_contains_paid_content":false,"jetpack_publicize_message":"","jetpack_publicize_feature_enabled":true,"jetpack_social_post_already_shared":true,"jetpack_social_options":{"image_generator_settings":{"template":"highway","enabled":false}}},"categories":[2],"tags":[],"jetpack_publicize_connections":[],"jetpack_featured_media_url":"","jetpack_sharing_enabled":true,"jetpack_shortlink":"https:\/\/wp.me\/paFpWR-gdO","_links":{"self":[{"href":"https:\/\/bonettiassociados.com.br\/index.php\/wp-json\/wp\/v2\/posts\/62360"}],"collection":[{"href":"https:\/\/bonettiassociados.com.br\/index.php\/wp-json\/wp\/v2\/posts"}],"about":[{"href":"https:\/\/bonettiassociados.com.br\/index.php\/wp-json\/wp\/v2\/types\/post"}],"author":[{"embeddable":true,"href":"https:\/\/bonettiassociados.com.br\/index.php\/wp-json\/wp\/v2\/users\/6"}],"replies":[{"embeddable":true,"href":"https:\/\/bonettiassociados.com.br\/index.php\/wp-json\/wp\/v2\/comments?post=62360"}],"version-history":[{"count":1,"href":"https:\/\/bonettiassociados.com.br\/index.php\/wp-json\/wp\/v2\/posts\/62360\/revisions"}],"predecessor-version":[{"id":62361,"href":"https:\/\/bonettiassociados.com.br\/index.php\/wp-json\/wp\/v2\/posts\/62360\/revisions\/62361"}],"wp:attachment":[{"href":"https:\/\/bonettiassociados.com.br\/index.php\/wp-json\/wp\/v2\/media?parent=62360"}],"wp:term":[{"taxonomy":"category","embeddable":true,"href":"https:\/\/bonettiassociados.com.br\/index.php\/wp-json\/wp\/v2\/categories?post=62360"},{"taxonomy":"post_tag","embeddable":true,"href":"https:\/\/bonettiassociados.com.br\/index.php\/wp-json\/wp\/v2\/tags?post=62360"}],"curies":[{"name":"wp","href":"https:\/\/api.w.org\/{rel}","templated":true}]}}