{"id":62348,"date":"2026-04-27T10:54:43","date_gmt":"2026-04-27T13:54:43","guid":{"rendered":"https:\/\/bonettiassociados.com.br\/?p=62348"},"modified":"2026-04-27T10:54:43","modified_gmt":"2026-04-27T13:54:43","slug":"carf-aplica-tema-985-do-stf-e-afasta-contribuicao-previdenciaria-sobre-terco-de-ferias","status":"publish","type":"post","link":"https:\/\/bonettiassociados.com.br\/index.php\/2026\/04\/27\/carf-aplica-tema-985-do-stf-e-afasta-contribuicao-previdenciaria-sobre-terco-de-ferias\/","title":{"rendered":"CARF APLICA TEMA 985 DO STF E AFASTA CONTRIBUI\u00c7\u00c3O PREVIDENCI\u00c1RIA SOBRE TER\u00c7O DE F\u00c9RIAS"},"content":{"rendered":"<p style=\"text-align: justify;\"><span style=\"font-family: arial, helvetica, sans-serif;\">Conselho aplicou a modula\u00e7\u00e3o de efeitos definida pelo STF no Tema 985 de repercuss\u00e3o geral.<\/span><\/p>\n<p style=\"text-align: justify;\"><!--more--><\/p>\n<p style=\"text-align: justify;\"><span style=\"font-family: arial, helvetica, sans-serif;\">A 2\u00aa Turma da C\u00e2mara Superior do Conselho Administrativo de Recursos Fiscais (<strong>Carf<\/strong>) afastou, por unanimidade, a cobran\u00e7a de contribui\u00e7\u00e3o previdenci\u00e1ria sobre o\u00a0<strong>ter\u00e7o<\/strong>\u00a0constitucional de f\u00e9rias, ao aplicar a modula\u00e7\u00e3o de efeitos definida pelo Supremo Tribunal Federal (<strong>STF<\/strong>) no Tema 985 de repercuss\u00e3o geral.<\/span><\/p>\n<p style=\"text-align: justify;\"><span style=\"font-family: arial, helvetica, sans-serif;\">No julgamento da Corte, foi considerada constitucional a incid\u00eancia da\u00a0<strong>contribui\u00e7\u00e3o previdenci\u00e1ria<\/strong>\u00a0sobre o ter\u00e7o de f\u00e9rias, mas reconhecido que o entendimento representou uma mudan\u00e7a em rela\u00e7\u00e3o \u00e0 jurisprud\u00eancia do\u00a0<strong>STJ<\/strong>, que at\u00e9 ent\u00e3o afastava a tributa\u00e7\u00e3o. Por essa raz\u00e3o, o Supremo modulou os efeitos da decis\u00e3o para estabelecer que a cobran\u00e7a s\u00f3 poderia ocorrer a partir da publica\u00e7\u00e3o da ata de julgamento do m\u00e9rito, em 15 de setembro de 2020. No entanto, tamb\u00e9m consignou que a restitui\u00e7\u00e3o ou compensa\u00e7\u00e3o de valores pagos antes dessa data somente seria poss\u00edvel para os contribuintes que entram com a\u00e7\u00e3o judicial.<\/span><\/p>\n<p style=\"text-align: justify;\"><span style=\"font-family: arial, helvetica, sans-serif;\">No caso concreto, o Banco Pan sustentou que n\u00e3o \u00e9 poss\u00edvel exigir contribui\u00e7\u00f5es relativas a per\u00edodos anteriores ao marco temporal. A advogada representante do contribuinte, Sarah Oliveira, do Mattos Filho, argumentou que a ressalva feita pelo STF quanto \u00e0 necessidade de ajuizamento de a\u00e7\u00e3o judicial se restringe \u00e0s hip\u00f3teses de restitui\u00e7\u00e3o ou compensa\u00e7\u00e3o de valores j\u00e1 pagos, n\u00e3o alcan\u00e7ando situa\u00e7\u00f5es em que o contribuinte n\u00e3o recolheu a contribui\u00e7\u00e3o.<\/span><\/p>\n<p style=\"text-align: justify;\"><span style=\"font-family: arial, helvetica, sans-serif;\">Para o relator, a exig\u00eancia de a\u00e7\u00e3o judicial n\u00e3o se aplica aos casos em que n\u00e3o houve recolhimento. Nesses casos, entendeu que a modula\u00e7\u00e3o impede a pr\u00f3pria constitui\u00e7\u00e3o do cr\u00e9dito tribut\u00e1rio quanto aos fatos geradores anteriores ao marco temporal.<\/span><\/p>\n<p style=\"text-align: justify;\"><span style=\"font-family: arial, helvetica, sans-serif;\">No mesmo processo, a turma tamb\u00e9m analisaria a incid\u00eancia de contribui\u00e7\u00e3o previdenci\u00e1ria sobre valores pagos a t\u00edtulo de\u00a0<strong>hiring bonus<\/strong>, mat\u00e9ria que n\u00e3o foi conhecida.<\/span><\/p>\n<p style=\"text-align: justify;\"><span style=\"font-family: arial, helvetica, sans-serif;\">O processo em tramita\u00e7\u00e3o \u00e9 o 16327.720986\/2017-41.<\/span><\/p>\n<p style=\"text-align: justify;\"><span style=\"font-family: arial, helvetica, sans-serif;\"><strong>FONTE: JOTA- POR DIANE BIKEL<\/strong><\/span><\/p>\n<p><strong>\u00a0<\/strong><\/p>\n","protected":false},"excerpt":{"rendered":"<p>Conselho aplicou a modula\u00e7\u00e3o de efeitos definida pelo STF no [&hellip;]<\/p>\n","protected":false},"author":6,"featured_media":0,"comment_status":"closed","ping_status":"open","sticky":false,"template":"","format":"standard","meta":{"jetpack_post_was_ever_published":false,"_jetpack_newsletter_access":"","_jetpack_dont_email_post_to_subs":false,"_jetpack_newsletter_tier_id":0,"_jetpack_memberships_contains_paywalled_content":false,"footnotes":"","_jetpack_memberships_contains_paid_content":false,"jetpack_publicize_message":"","jetpack_publicize_feature_enabled":true,"jetpack_social_post_already_shared":true,"jetpack_social_options":{"image_generator_settings":{"template":"highway","enabled":false}}},"categories":[2],"tags":[],"jetpack_publicize_connections":[],"jetpack_featured_media_url":"","jetpack_sharing_enabled":true,"jetpack_shortlink":"https:\/\/wp.me\/paFpWR-gdC","_links":{"self":[{"href":"https:\/\/bonettiassociados.com.br\/index.php\/wp-json\/wp\/v2\/posts\/62348"}],"collection":[{"href":"https:\/\/bonettiassociados.com.br\/index.php\/wp-json\/wp\/v2\/posts"}],"about":[{"href":"https:\/\/bonettiassociados.com.br\/index.php\/wp-json\/wp\/v2\/types\/post"}],"author":[{"embeddable":true,"href":"https:\/\/bonettiassociados.com.br\/index.php\/wp-json\/wp\/v2\/users\/6"}],"replies":[{"embeddable":true,"href":"https:\/\/bonettiassociados.com.br\/index.php\/wp-json\/wp\/v2\/comments?post=62348"}],"version-history":[{"count":1,"href":"https:\/\/bonettiassociados.com.br\/index.php\/wp-json\/wp\/v2\/posts\/62348\/revisions"}],"predecessor-version":[{"id":62349,"href":"https:\/\/bonettiassociados.com.br\/index.php\/wp-json\/wp\/v2\/posts\/62348\/revisions\/62349"}],"wp:attachment":[{"href":"https:\/\/bonettiassociados.com.br\/index.php\/wp-json\/wp\/v2\/media?parent=62348"}],"wp:term":[{"taxonomy":"category","embeddable":true,"href":"https:\/\/bonettiassociados.com.br\/index.php\/wp-json\/wp\/v2\/categories?post=62348"},{"taxonomy":"post_tag","embeddable":true,"href":"https:\/\/bonettiassociados.com.br\/index.php\/wp-json\/wp\/v2\/tags?post=62348"}],"curies":[{"name":"wp","href":"https:\/\/api.w.org\/{rel}","templated":true}]}}