{"id":62346,"date":"2026-04-27T10:54:12","date_gmt":"2026-04-27T13:54:12","guid":{"rendered":"https:\/\/bonettiassociados.com.br\/?p=62346"},"modified":"2026-04-27T10:54:12","modified_gmt":"2026-04-27T13:54:12","slug":"carf-libera-compensacao-sobre-terco-de-ferias-sem-transito-em-julgado","status":"publish","type":"post","link":"https:\/\/bonettiassociados.com.br\/index.php\/2026\/04\/27\/carf-libera-compensacao-sobre-terco-de-ferias-sem-transito-em-julgado\/","title":{"rendered":"CARF LIBERA COMPENSA\u00c7\u00c3O SOBRE TER\u00c7O DE F\u00c9RIAS SEM TR\u00c2NSITO EM JULGADO"},"content":{"rendered":"<p style=\"text-align: justify;\"><span style=\"font-family: arial, helvetica, sans-serif;\">Decis\u00e3o tamb\u00e9m se aplica aos primeiros 15 dias de afastamento por doen\u00e7a.<\/span><\/p>\n<p style=\"text-align: justify;\"><!--more--><\/p>\n<p style=\"text-align: justify;\"><span style=\"font-family: arial, helvetica, sans-serif;\">Por 5 votos a 1, a 2\u00aa Turma da 4\u00aa C\u00e2mara da 2\u00aa Se\u00e7\u00e3o do Conselho Administrativo de Recursos Fiscais (<strong>Carf<\/strong>) permitiu a compensa\u00e7\u00e3o de contribui\u00e7\u00f5es previdenci\u00e1rias incidentes sobre o ter\u00e7o constitucional de f\u00e9rias e os primeiros 15 dias de afastamento por doen\u00e7a mesmo sem o tr\u00e2nsito em julgado de a\u00e7\u00e3o judicial relacionada \u00e0 cobran\u00e7a do tributo. Para a turma, a exist\u00eancia de um recurso repetitivo no Superior Tribunal de Justi\u00e7a (<strong>STJ<\/strong>) que reconheceu a n\u00e3o incid\u00eancia da contribui\u00e7\u00e3o sobre essas verbas j\u00e1 confere ao contribuinte o direito credit\u00f3rio.<\/span><\/p>\n<p style=\"text-align: justify;\"><span style=\"font-family: arial, helvetica, sans-serif;\">Na pr\u00e1tica, ficou afastada a aplica\u00e7\u00e3o do artigo 170-A do C\u00f3digo Tribut\u00e1rio Nacional (<strong>CTN<\/strong>), que estabelece que a compensa\u00e7\u00e3o de tributos discutidos judicialmente s\u00f3 pode ocorrer ap\u00f3s o tr\u00e2nsito em julgado da decis\u00e3o.<\/span><\/p>\n<p style=\"text-align: justify;\"><span style=\"font-family: arial, helvetica, sans-serif;\">A Corte Superior tratou do tema no REsp 1.230.957. Foi afastada a incid\u00eancia de contribui\u00e7\u00e3o previdenci\u00e1ria sobre determinadas verbas trabalhistas consideradas de natureza indenizat\u00f3ria, incluindo os valores pagos pelo empregador nos primeiros 15 dias de afastamento por doen\u00e7a e o ter\u00e7o constitucional de f\u00e9rias.<\/span><\/p>\n<p style=\"text-align: justify;\"><span style=\"font-family: arial, helvetica, sans-serif;\">No Carf, a relatora, conselheira Luciana Vilardi Vieira de Souza Mifano, concluiu que o precedente repetitivo na Corte Superior j\u00e1 conferia seguran\u00e7a jur\u00eddica suficiente quanto \u00e0 legitimidade do cr\u00e9dito. Para a julgadora, embora o Supremo Tribunal Federal (<strong>STF<\/strong>) tenha posteriormente alterado o entendimento quanto \u00e0 incid\u00eancia de contribui\u00e7\u00e3o previdenci\u00e1ria sobre o ter\u00e7o constitucional de f\u00e9rias, a modula\u00e7\u00e3o dos efeitos da decis\u00e3o preservou situa\u00e7\u00f5es de contribuintes que j\u00e1 discutiam a mat\u00e9ria judicialmente, como no caso da Latam.<\/span><\/p>\n<p style=\"text-align: justify;\"><span style=\"font-family: arial, helvetica, sans-serif;\">O conselheiro Alexandre Correa Lisboa, \u00fanico a divergir, negou o direito apenas para um per\u00edodo espec\u00edfico em discuss\u00e3o.<\/span><\/p>\n<p style=\"text-align: justify;\"><span style=\"font-family: arial, helvetica, sans-serif;\">No Tema 985 de repercuss\u00e3o geral, o STF decidiu que \u00e9 leg\u00edtima a incid\u00eancia de contribui\u00e7\u00e3o previdenci\u00e1ria sobre o ter\u00e7o constitucional de f\u00e9rias. A Corte, no entanto, modulou os efeitos da decis\u00e3o para produzir efeitos futuros, preservando os casos de contribuintes que j\u00e1 discutiam a mat\u00e9ria judicialmente.<\/span><\/p>\n<p style=\"text-align: justify;\"><span style=\"font-family: arial, helvetica, sans-serif;\">O processo tramita com o n\u00famero 13850.720115\/2019-73<\/span><\/p>\n<p style=\"text-align: justify;\"><span style=\"font-family: arial, helvetica, sans-serif;\"><strong>FONTE: JOTA \u2013 POR DIANE BIKEL<\/strong><\/span><\/p>\n","protected":false},"excerpt":{"rendered":"<p>Decis\u00e3o tamb\u00e9m se aplica aos primeiros 15 dias de afastamento [&hellip;]<\/p>\n","protected":false},"author":6,"featured_media":0,"comment_status":"closed","ping_status":"open","sticky":false,"template":"","format":"standard","meta":{"jetpack_post_was_ever_published":false,"_jetpack_newsletter_access":"","_jetpack_dont_email_post_to_subs":false,"_jetpack_newsletter_tier_id":0,"_jetpack_memberships_contains_paywalled_content":false,"footnotes":"","_jetpack_memberships_contains_paid_content":false,"jetpack_publicize_message":"","jetpack_publicize_feature_enabled":true,"jetpack_social_post_already_shared":true,"jetpack_social_options":{"image_generator_settings":{"template":"highway","enabled":false}}},"categories":[2],"tags":[],"jetpack_publicize_connections":[],"jetpack_featured_media_url":"","jetpack_sharing_enabled":true,"jetpack_shortlink":"https:\/\/wp.me\/paFpWR-gdA","_links":{"self":[{"href":"https:\/\/bonettiassociados.com.br\/index.php\/wp-json\/wp\/v2\/posts\/62346"}],"collection":[{"href":"https:\/\/bonettiassociados.com.br\/index.php\/wp-json\/wp\/v2\/posts"}],"about":[{"href":"https:\/\/bonettiassociados.com.br\/index.php\/wp-json\/wp\/v2\/types\/post"}],"author":[{"embeddable":true,"href":"https:\/\/bonettiassociados.com.br\/index.php\/wp-json\/wp\/v2\/users\/6"}],"replies":[{"embeddable":true,"href":"https:\/\/bonettiassociados.com.br\/index.php\/wp-json\/wp\/v2\/comments?post=62346"}],"version-history":[{"count":1,"href":"https:\/\/bonettiassociados.com.br\/index.php\/wp-json\/wp\/v2\/posts\/62346\/revisions"}],"predecessor-version":[{"id":62347,"href":"https:\/\/bonettiassociados.com.br\/index.php\/wp-json\/wp\/v2\/posts\/62346\/revisions\/62347"}],"wp:attachment":[{"href":"https:\/\/bonettiassociados.com.br\/index.php\/wp-json\/wp\/v2\/media?parent=62346"}],"wp:term":[{"taxonomy":"category","embeddable":true,"href":"https:\/\/bonettiassociados.com.br\/index.php\/wp-json\/wp\/v2\/categories?post=62346"},{"taxonomy":"post_tag","embeddable":true,"href":"https:\/\/bonettiassociados.com.br\/index.php\/wp-json\/wp\/v2\/tags?post=62346"}],"curies":[{"name":"wp","href":"https:\/\/api.w.org\/{rel}","templated":true}]}}