{"id":62341,"date":"2026-04-27T10:02:49","date_gmt":"2026-04-27T13:02:49","guid":{"rendered":"https:\/\/bonettiassociados.com.br\/?p=62341"},"modified":"2026-04-27T10:02:49","modified_gmt":"2026-04-27T13:02:49","slug":"reforma-tributaria-expoe-risco-fiscal-entre-entrada-e-saida-de-documentos","status":"publish","type":"post","link":"https:\/\/bonettiassociados.com.br\/index.php\/2026\/04\/27\/reforma-tributaria-expoe-risco-fiscal-entre-entrada-e-saida-de-documentos\/","title":{"rendered":"REFORMA TRIBUT\u00c1RIA EXP\u00d5E RISCO FISCAL ENTRE ENTRADA E SA\u00cdDA DE DOCUMENTOS"},"content":{"rendered":"<p style=\"text-align: justify;\"><span style=\"font-family: arial, helvetica, sans-serif;\">NFS-e nacional e novos leiautes da reforma tribut\u00e1ria elevam a exig\u00eancia sobre consist\u00eancia de dados entre entrada, emiss\u00e3o e escritura\u00e7\u00e3o fiscal.<\/span><span style=\"font-family: arial, helvetica, sans-serif;\"><strong>\u00a0<\/strong><\/span><!--more--><\/p>\n<p style=\"text-align: justify;\"><span style=\"font-family: arial, helvetica, sans-serif;\">A transi\u00e7\u00e3o para a\u00a0<strong>reforma tribut\u00e1ria<\/strong>\u00a0do consumo vem ampliando a exig\u00eancia de consist\u00eancia sobre os dados fiscais usados pelas empresas desde a entrada do documento at\u00e9 a emiss\u00e3o e a escritura\u00e7\u00e3o das opera\u00e7\u00f5es.\u00a0<\/span><\/p>\n<p style=\"text-align: justify;\"><span style=\"font-family: arial, helvetica, sans-serif;\">A partir de 1\u00ba de janeiro de 2026, os contribuintes passaram a emitir documentos fiscais eletr\u00f4nicos com destaque de\u00a0<strong>CBS<\/strong>\u00a0e\u00a0<strong>IBS<\/strong>, dentro de uma l\u00f3gica mais integrada de obriga\u00e7\u00f5es acess\u00f3rias e valida\u00e7\u00f5es eletr\u00f4nicas.<\/span><\/p>\n<p style=\"text-align: justify;\"><span style=\"font-family: arial, helvetica, sans-serif;\">No caso dos servi\u00e7os, a NFS-e padr\u00e3o nacional passou a ser obrigat\u00f3ria a partir de janeiro de 2026. Mesmo quando o munic\u00edpio mant\u00e9m sistema pr\u00f3prio, os dados precisam estar compat\u00edveis com o ambiente nacional, o que aumentou a import\u00e2ncia do correto preenchimento de classifica\u00e7\u00f5es e correla\u00e7\u00f5es tribut\u00e1rias.<\/span><\/p>\n<p style=\"text-align: justify;\"><span style=\"font-family: arial, helvetica, sans-serif;\">Nesse novo cen\u00e1rio, a separa\u00e7\u00e3o operacional entre documentos de entrada e processos de sa\u00edda deixa de ser apenas uma escolha de organiza\u00e7\u00e3o interna e passa a afetar diretamente a conformidade fiscal.\u00a0<\/span><\/p>\n<p style=\"text-align: justify;\"><span style=\"font-family: arial, helvetica, sans-serif;\">Isso ocorre porque a reforma exige que as informa\u00e7\u00f5es estejam corretas desde a origem, com menor espa\u00e7o para corre\u00e7\u00f5es posteriores e maior depend\u00eancia de padroniza\u00e7\u00e3o entre cadastro, faturamento, apura\u00e7\u00e3o e emiss\u00e3o.<\/span><\/p>\n<p style=\"text-align: justify;\"><span style=\"font-family: arial, helvetica, sans-serif;\"><strong>NFS-e nacional refor\u00e7a padroniza\u00e7\u00e3o de campos fiscais<\/strong><\/span><\/p>\n<p style=\"text-align: justify;\"><span style=\"font-family: arial, helvetica, sans-serif;\">A NFS-e nacional passou a concentrar campos e regras que antes eram tratados de forma mais dispersa entre sistemas municipais.\u00a0<\/span><\/p>\n<p style=\"text-align: justify;\"><span style=\"font-family: arial, helvetica, sans-serif;\">Com a entrada do padr\u00e3o nacional, ganhou peso operacional o preenchimento do C\u00f3digo de Tributa\u00e7\u00e3o Nacional, da NBS e dos campos vinculados \u00e0 reforma tribut\u00e1ria, como cClassTrib e cIndOp.<\/span><\/p>\n<p style=\"text-align: justify;\"><span style=\"font-family: arial, helvetica, sans-serif;\">A base hist\u00f3rica da tributa\u00e7\u00e3o dos servi\u00e7os continua ligada \u00e0 lista anexa da Lei Complementar n\u00ba 116, de 2003.\u00a0<\/span><\/p>\n<p style=\"text-align: justify;\"><span style=\"font-family: arial, helvetica, sans-serif;\">Na pr\u00e1tica, o c\u00f3digo usado na\u00a0<strong>nota fiscal<\/strong>\u00a0para identificar o servi\u00e7o permanece associado a essa lista, embora o ambiente nacional tenha padronizado a nomenclatura e ampliado sua conex\u00e3o com os novos leiautes da CBS e do IBS.<\/span><\/p>\n<p style=\"text-align: justify;\"><span style=\"font-family: arial, helvetica, sans-serif;\"><strong>CNAE\u00a0e c\u00f3digo do servi\u00e7o n\u00e3o se confundem<\/strong><\/span><\/p>\n<p style=\"text-align: justify;\"><span style=\"font-family: arial, helvetica, sans-serif;\">O CNAE continua sendo a classifica\u00e7\u00e3o oficial da atividade econ\u00f4mica da empresa vinculada ao\u00a0<strong>CNPJ<\/strong>. Ele identifica o setor em que a empresa est\u00e1 enquadrada, mas n\u00e3o substitui o c\u00f3digo do servi\u00e7o efetivamente lan\u00e7ado em cada nota fiscal.<\/span><\/p>\n<p style=\"text-align: justify;\"><span style=\"font-family: arial, helvetica, sans-serif;\">Na pr\u00e1tica, isso significa que o CNAE define a atividade econ\u00f4mica cadastrada da empresa, enquanto o C\u00f3digo de Tributa\u00e7\u00e3o Nacional identifica a natureza do servi\u00e7o prestado em cada opera\u00e7\u00e3o.\u00a0<\/span><\/p>\n<p style=\"text-align: justify;\"><span style=\"font-family: arial, helvetica, sans-serif;\">Essa distin\u00e7\u00e3o \u00e9 relevante porque a escolha incorreta do item de servi\u00e7o pode afetar a tributa\u00e7\u00e3o aplicada e a consist\u00eancia das informa\u00e7\u00f5es transmitidas ao ambiente nacional.<\/span><\/p>\n<p style=\"text-align: justify;\"><span style=\"font-family: arial, helvetica, sans-serif;\"><strong>Anexo VIII conecta item de servi\u00e7o, NBS e classifica\u00e7\u00e3o tribut\u00e1ria<\/strong><\/span><\/p>\n<p style=\"text-align: justify;\"><span style=\"font-family: arial, helvetica, sans-serif;\">A documenta\u00e7\u00e3o t\u00e9cnica da reforma tribut\u00e1ria para a NFS-e j\u00e1 traz um Anexo VIII com a correla\u00e7\u00e3o entre item de servi\u00e7o, NBS, cClassTrib e cIndOp. Esse material foi disponibilizado no Portal da NFS-e como refer\u00eancia t\u00e9cnica para apoiar a adapta\u00e7\u00e3o dos contribuintes ao novo padr\u00e3o.<\/span><\/p>\n<p style=\"text-align: justify;\"><span style=\"font-family: arial, helvetica, sans-serif;\">Ao mesmo tempo, a pr\u00f3pria documenta\u00e7\u00e3o oficial informa que esse anexo ainda est\u00e1 em desenvolvimento e que n\u00e3o havia regras de neg\u00f3cio baseadas nele no ambiente de piloto RTC nem em produ\u00e7\u00e3o no momento da publica\u00e7\u00e3o. Isso indica que a tabela j\u00e1 serve como orienta\u00e7\u00e3o t\u00e9cnica, mas ainda est\u00e1 sujeita a aperfei\u00e7oamentos.<\/span><\/p>\n<p style=\"text-align: justify;\"><span style=\"font-family: arial, helvetica, sans-serif;\">Esse ponto \u00e9 central porque a classifica\u00e7\u00e3o fiscal do servi\u00e7o passa a dialogar n\u00e3o apenas com o ISS, mas tamb\u00e9m com os novos campos exigidos para a transi\u00e7\u00e3o da reforma tribut\u00e1ria.\u00a0<\/span><\/p>\n<p style=\"text-align: justify;\"><span style=\"font-family: arial, helvetica, sans-serif;\">Com isso, erros de correla\u00e7\u00e3o deixam de ser apenas falhas de preenchimento e passam a comprometer a coer\u00eancia do fluxo fiscal de ponta a ponta.<\/span><\/p>\n<p style=\"text-align: justify;\"><span style=\"font-family: arial, helvetica, sans-serif;\"><strong>Entrada e sa\u00edda passam a depender da mesma base de dados<\/strong><\/span><\/p>\n<p style=\"text-align: justify;\"><span style=\"font-family: arial, helvetica, sans-serif;\">A reforma tribut\u00e1ria aumenta a necessidade de integra\u00e7\u00e3o entre os fluxos de entrada e de sa\u00edda porque a consist\u00eancia da opera\u00e7\u00e3o fiscal depende de dados corretos desde o cadastro do item, da classifica\u00e7\u00e3o tribut\u00e1ria e da natureza da opera\u00e7\u00e3o.\u00a0<\/span><\/p>\n<p style=\"text-align: justify;\"><span style=\"font-family: arial, helvetica, sans-serif;\">A emiss\u00e3o do documento final passa a refletir escolhas feitas em etapas anteriores do processo, o que reduz a margem para ajustes manuais posteriores.<\/span><\/p>\n<p style=\"text-align: justify;\"><span style=\"font-family: arial, helvetica, sans-serif;\">Na pr\u00e1tica, isso significa que inconsist\u00eancias na entrada de documentos, no mapeamento de itens ou na classifica\u00e7\u00e3o do servi\u00e7o podem afetar a emiss\u00e3o da nota, o c\u00e1lculo tribut\u00e1rio e a escritura\u00e7\u00e3o. O risco deixa de ficar concentrado apenas na apura\u00e7\u00e3o e passa a se distribuir ao longo de toda a cadeia operacional.<\/span><\/p>\n<p style=\"text-align: justify;\"><span style=\"font-family: arial, helvetica, sans-serif;\"><strong>Reforma exige revis\u00e3o dos processos, n\u00e3o s\u00f3 do sistema<\/strong><\/span><\/p>\n<p style=\"text-align: justify;\"><span style=\"font-family: arial, helvetica, sans-serif;\">A mudan\u00e7a trazida pela reforma n\u00e3o se limita \u00e0 troca de layout ou \u00e0 inclus\u00e3o de novos campos no emissor. Os documentos t\u00e9cnicos publicados para a NFS-e mostram que a adapta\u00e7\u00e3o envolve leiautes, correla\u00e7\u00f5es, documenta\u00e7\u00e3o complementar e orienta\u00e7\u00f5es espec\u00edficas para a opera\u00e7\u00e3o em ambiente nacional.<\/span><\/p>\n<p style=\"text-align: justify;\"><span style=\"font-family: arial, helvetica, sans-serif;\">Por isso, o desafio para as empresas passa a ser menos tecnol\u00f3gico no sentido estrito e mais processual: garantir que cadastro, compras, faturamento, fiscal e cont\u00e1bil trabalhem com a mesma l\u00f3gica de classifica\u00e7\u00e3o e com dados rastre\u00e1veis ao longo do fluxo.\u00a0<\/span><\/p>\n<p style=\"text-align: justify;\"><span style=\"font-family: arial, helvetica, sans-serif;\">Com a NFS-e nacional e o destaque obrigat\u00f3rio de CBS e IBS nos documentos fiscais de 2026, a fragmenta\u00e7\u00e3o entre \u00e1reas passa a representar risco operacional e tribut\u00e1rio mais relevante.<\/span><\/p>\n<p style=\"text-align: justify;\"><span style=\"font-family: arial, helvetica, sans-serif;\"><strong>FONTE: CONT\u00c1BEIS \u2013 POR JULIANA MORATTO<\/strong><\/span><\/p>\n<p><strong>\u00a0<\/strong><\/p>\n<p><strong>\u00a0<\/strong><\/p>\n<p><strong>\u00a0<\/strong><\/p>\n","protected":false},"excerpt":{"rendered":"<p>NFS-e nacional e novos leiautes da reforma tribut\u00e1ria elevam a [&hellip;]<\/p>\n","protected":false},"author":6,"featured_media":0,"comment_status":"closed","ping_status":"open","sticky":false,"template":"","format":"standard","meta":{"jetpack_post_was_ever_published":false,"_jetpack_newsletter_access":"","_jetpack_dont_email_post_to_subs":false,"_jetpack_newsletter_tier_id":0,"_jetpack_memberships_contains_paywalled_content":false,"footnotes":"","_jetpack_memberships_contains_paid_content":false,"jetpack_publicize_message":"","jetpack_publicize_feature_enabled":true,"jetpack_social_post_already_shared":true,"jetpack_social_options":{"image_generator_settings":{"template":"highway","enabled":false}}},"categories":[9],"tags":[],"jetpack_publicize_connections":[],"jetpack_featured_media_url":"","jetpack_sharing_enabled":true,"jetpack_shortlink":"https:\/\/wp.me\/paFpWR-gdv","_links":{"self":[{"href":"https:\/\/bonettiassociados.com.br\/index.php\/wp-json\/wp\/v2\/posts\/62341"}],"collection":[{"href":"https:\/\/bonettiassociados.com.br\/index.php\/wp-json\/wp\/v2\/posts"}],"about":[{"href":"https:\/\/bonettiassociados.com.br\/index.php\/wp-json\/wp\/v2\/types\/post"}],"author":[{"embeddable":true,"href":"https:\/\/bonettiassociados.com.br\/index.php\/wp-json\/wp\/v2\/users\/6"}],"replies":[{"embeddable":true,"href":"https:\/\/bonettiassociados.com.br\/index.php\/wp-json\/wp\/v2\/comments?post=62341"}],"version-history":[{"count":1,"href":"https:\/\/bonettiassociados.com.br\/index.php\/wp-json\/wp\/v2\/posts\/62341\/revisions"}],"predecessor-version":[{"id":62342,"href":"https:\/\/bonettiassociados.com.br\/index.php\/wp-json\/wp\/v2\/posts\/62341\/revisions\/62342"}],"wp:attachment":[{"href":"https:\/\/bonettiassociados.com.br\/index.php\/wp-json\/wp\/v2\/media?parent=62341"}],"wp:term":[{"taxonomy":"category","embeddable":true,"href":"https:\/\/bonettiassociados.com.br\/index.php\/wp-json\/wp\/v2\/categories?post=62341"},{"taxonomy":"post_tag","embeddable":true,"href":"https:\/\/bonettiassociados.com.br\/index.php\/wp-json\/wp\/v2\/tags?post=62341"}],"curies":[{"name":"wp","href":"https:\/\/api.w.org\/{rel}","templated":true}]}}