{"id":62337,"date":"2026-04-27T10:01:24","date_gmt":"2026-04-27T13:01:24","guid":{"rendered":"https:\/\/bonettiassociados.com.br\/?p=62337"},"modified":"2026-04-27T10:04:34","modified_gmt":"2026-04-27T13:04:34","slug":"nova-opcao-do-ibs-e-cbs-no-simples-expoe-lacunas-e-controversias-juridicas","status":"publish","type":"post","link":"https:\/\/bonettiassociados.com.br\/index.php\/2026\/04\/27\/nova-opcao-do-ibs-e-cbs-no-simples-expoe-lacunas-e-controversias-juridicas\/","title":{"rendered":"NOVA OP\u00c7\u00c3O DO IBS E CBS NO SIMPLES EXP\u00d5E LACUNAS E CONTROV\u00c9RSIAS JUR\u00cdDICAS"},"content":{"rendered":"<p style=\"text-align: justify;\"><span style=\"font-family: arial, helvetica, sans-serif;\">A publica\u00e7\u00e3o da Resolu\u00e7\u00e3o CGSN n\u00ba 186\/2026 inaugura uma nova fase no regime do Simples Nacional, especialmente em raz\u00e3o da integra\u00e7\u00e3o progressiva com o modelo institu\u00eddo pela reforma tribut\u00e1ria do consumo. O normativo n\u00e3o apenas redefine o calend\u00e1rio de ades\u00e3o para o ano-calend\u00e1rio de 2027, como tamb\u00e9m introduz uma possibilidade in\u00e9dita de escolha que pode impactar diretamente a carga tribut\u00e1ria das microempresas e empresas de pequeno porte.<\/span><\/p>\n<p style=\"text-align: justify;\"><!--more--><\/p>\n<p style=\"text-align: justify;\"><span style=\"font-family: arial, helvetica, sans-serif;\">Essa previs\u00e3o decorre diretamente das regras de transi\u00e7\u00e3o institu\u00eddas pela reforma tribut\u00e1ria, que admite a conviv\u00eancia tempor\u00e1ria entre os regimes, permitindo ao contribuinte avaliar qual modelo lhe \u00e9 mais vantajoso. Na pr\u00e1tica, abre-se uma oportunidade relevante de planejamento tribut\u00e1rio, especialmente para empresas inseridas em cadeias econ\u00f4micas que possam se beneficiar da n\u00e3o cumulatividade t\u00edpica do IBS e da CBS.<\/span><\/p>\n<p style=\"text-align: justify;\"><span style=\"font-family: arial, helvetica, sans-serif;\">De in\u00edcio, chama aten\u00e7\u00e3o a altera\u00e7\u00e3o do per\u00edodo de op\u00e7\u00e3o pelo Simples Nacional, que dever\u00e1 ocorrer entre 1\u00ba e 30 de setembro de 2026, com efeitos a partir de 1\u00ba de janeiro de 2027\u00b9. Trata-se de uma mudan\u00e7a relevante em rela\u00e7\u00e3o \u00e0 sistem\u00e1tica tradicional, que normalmente concentrava esse procedimento no m\u00eas de janeiro, evidenciando a necessidade de antecipa\u00e7\u00e3o do planejamento tribut\u00e1rio por parte dos contribuintes.<\/span><\/p>\n<p style=\"text-align: justify;\"><span style=\"font-family: arial, helvetica, sans-serif;\"><strong>Op\u00e7\u00f5es do regime regular de IBS e CBS<\/strong><\/span><\/p>\n<p style=\"text-align: justify;\"><span style=\"font-family: arial, helvetica, sans-serif;\">O ponto de maior inova\u00e7\u00e3o trazido pela Resolu\u00e7\u00e3o CGSN n\u00ba 186\/2026 reside na possibilidade de os optantes pelo Simples Nacional exercerem duas op\u00e7\u00f5es pelo regime regular do IBS e CBS.<\/span><\/p>\n<p style=\"text-align: justify;\"><span style=\"font-family: arial, helvetica, sans-serif;\">A primeira \u00e9 a tradicional op\u00e7\u00e3o irretrat\u00e1vel para todo o ano calend\u00e1rio. Em outras palavras, o optante pelo Simples Nacional dever\u00e1 escolher, para o exerc\u00edcio seguinte, se recolher\u00e1 o IBS e a CBS pela sistem\u00e1tica do regime unificado ou fora dele.<\/span><\/p>\n<p style=\"text-align: justify;\"><span style=\"font-family: arial, helvetica, sans-serif;\">A segunda hip\u00f3tese, n\u00e3o originalmente prevista na Lei Complementar n\u00ba 214\/2025, permite que a empresa opte, no mesmo per\u00edodo de setembro de 2026, pelo recolhimento desses tributos de acordo com o regime regular, produzindo efeitos entre janeiro e junho de 2027 (primeiro semestre). Como consequ\u00eancia, as parcelas relativas ao IBS e \u00e0 CBS deixar\u00e3o de ser recolhidas no \u00e2mbito do Simples Nacional durante esse per\u00edodo\u00b2. Segundo a Receita Federal, o \u201cobjetivo \u00e9 viabilizar a transi\u00e7\u00e3o para o novo modelo tribut\u00e1rio, conferindo ao contribuinte maior liberdade de decis\u00e3o ap\u00f3s an\u00e1lise do cen\u00e1rio associado \u00e0 implementa\u00e7\u00e3o dos novos tributos sobre o consumo\u201d.<\/span><\/p>\n<p style=\"text-align: justify;\"><span style=\"font-family: arial, helvetica, sans-serif;\">No entanto, h\u00e1 um v\u00e1cuo normativo em rela\u00e7\u00e3o ao per\u00edodo compreendido entre julho e dezembro de 2027, uma vez que a norma n\u00e3o esclarece se a empresa poder\u00e1 formalizar nova op\u00e7\u00e3o para esse intervalo, caso a experi\u00eancia com a ado\u00e7\u00e3o do regime regular no primeiro semestre revele maior efici\u00eancia tribut\u00e1ria.<\/span><\/p>\n<p style=\"text-align: justify;\"><span style=\"font-family: arial, helvetica, sans-serif;\"><strong>O que cabe ao Comit\u00ea Gestor do Simples<\/strong><\/span><\/p>\n<p style=\"text-align: justify;\"><span style=\"font-family: arial, helvetica, sans-serif;\">A compet\u00eancia do Comit\u00ea Gestor do Simples Nacional (CGSN), prevista no artigo 2\u00ba, \u00a7 6\u00ba, da Lei Complementar n\u00ba 123\/2006, limita-se \u00e0 regulamenta\u00e7\u00e3o da op\u00e7\u00e3o, exclus\u00e3o, tributa\u00e7\u00e3o, fiscaliza\u00e7\u00e3o, arrecada\u00e7\u00e3o, cobran\u00e7a, d\u00edvida ativa, recolhimento e demais aspectos operacionais do regime, sempre em observ\u00e2ncia \u00e0s disposi\u00e7\u00f5es da legisla\u00e7\u00e3o complementar.<\/span><\/p>\n<p style=\"text-align: justify;\"><span style=\"font-family: arial, helvetica, sans-serif;\">Ocorre que o artigo 16 da Lei Complementar n\u00ba 123\/2006 estabelece que a op\u00e7\u00e3o pelo Simples Nacional \u00e9 irretrat\u00e1vel para todo o ano-calend\u00e1rio, regra que se mostra incompat\u00edvel com a op\u00e7\u00e3o semestral introduzida pela referida resolu\u00e7\u00e3o.<\/span><\/p>\n<p style=\"text-align: justify;\"><span style=\"font-family: arial, helvetica, sans-serif;\">Sob essa perspectiva, a resolu\u00e7\u00e3o aparenta extrapolar sua compet\u00eancia regulamentar ao inovar na ordem jur\u00eddica e instituir regra sem fundamento de validade na legisla\u00e7\u00e3o complementar.<\/span><\/p>\n<p style=\"text-align: justify;\"><span style=\"font-family: arial, helvetica, sans-serif;\">Em uma an\u00e1lise superficial, a novidade tende a ser bem recebida pelos contribuintes. Afinal, historicamente, raramente se questiona a legalidade de normas que ampliam possibilidades de economia tribut\u00e1ria ou flexibilizam obriga\u00e7\u00f5es. A flexibiliza\u00e7\u00e3o dos prazos de op\u00e7\u00e3o n\u00e3o afasta a necessidade de exame jur\u00eddico rigoroso, sobretudo porque a incompatibilidade com a lei complementar pode gerar inseguran\u00e7a jur\u00eddica e futuras controv\u00e9rsias interpretativas.<\/span><\/p>\n<p style=\"text-align: justify;\"><span style=\"font-family: arial, helvetica, sans-serif;\">Isso porque o contribuinte, at\u00e9 o momento, n\u00e3o disp\u00f5e de fundamento normativo para realizar nova op\u00e7\u00e3o pelo regime regular do IBS e da CBS para o segundo semestre de 2027, caso o CGSN n\u00e3o venha a disciplinar a mat\u00e9ria.<\/span><\/p>\n<p style=\"text-align: justify;\"><span style=\"font-family: arial, helvetica, sans-serif;\"><strong>Estrat\u00e9gia ao optar por um regime tribut\u00e1rio<\/strong><\/span><\/p>\n<p style=\"text-align: justify;\"><span style=\"font-family: arial, helvetica, sans-serif;\">Diante desse cen\u00e1rio, \u00e9 evidente que essa nova sistem\u00e1tica de op\u00e7\u00e3o imp\u00f5e aos contribuintes um novo n\u00edvel de an\u00e1lise estrat\u00e9gica. A escolha entre permanecer integralmente no Simples Nacional ou optar, ainda que parcialmente, pelo regime regular do IBS e da CBS deve considerar vari\u00e1veis como estrutura de custos, possibilidade de aproveitamento de cr\u00e9ditos, posi\u00e7\u00e3o na cadeia produtiva e impacto no fluxo de caixa.<\/span><\/p>\n<p style=\"text-align: justify;\"><span style=\"font-family: arial, helvetica, sans-serif;\">A antecipa\u00e7\u00e3o do prazo de op\u00e7\u00e3o exige que essa avalia\u00e7\u00e3o seja realizada ainda em 2026, o que demanda organiza\u00e7\u00e3o cont\u00e1bil e suporte t\u00e9cnico especializado. Mais do que uma obriga\u00e7\u00e3o formal, a decis\u00e3o passa a representar uma oportunidade concreta de otimiza\u00e7\u00e3o tribut\u00e1ria, inserindo as micro e pequenas empresas no contexto mais amplo da reforma tribut\u00e1ria brasileira.<\/span><\/p>\n<p style=\"text-align: justify;\"><span style=\"font-family: arial, helvetica, sans-serif;\">____________________________________<\/span><\/p>\n<p style=\"text-align: justify;\"><span style=\"font-family: arial, helvetica, sans-serif; font-size: 10pt;\"><strong>Refer\u00eancias<\/strong><\/span><\/p>\n<p style=\"text-align: justify;\"><span style=\"font-family: arial, helvetica, sans-serif; font-size: 10pt;\">\u00b9 Resolu\u00e7\u00e3o CGSN n\u00ba 186\/2026, art. 1\u00ba e \u00a7\u00a7<\/span><\/p>\n<p style=\"text-align: justify;\"><span style=\"font-family: arial, helvetica, sans-serif; font-size: 10pt;\">\u00b2 Resolu\u00e7\u00e3o CGSN n\u00ba 186\/2026, art. 2\u00ba<\/span><\/p>\n<p style=\"text-align: justify;\"><span style=\"font-family: arial, helvetica, sans-serif; font-size: 10pt;\">\u00b3 Lei Complementar n\u00ba 214\/2025, art. 41, \u00a7\u00a7 3\u00ba e 4\u00ba<\/span><\/p>\n<p style=\"text-align: justify;\"><span style=\"font-family: arial, helvetica, sans-serif; font-size: 10pt;\">\u2074 Resolu\u00e7\u00e3o CGSN n\u00ba 186\/2026, art. 3\u00ba<\/span><\/p>\n<p style=\"text-align: justify;\"><span style=\"font-family: arial, helvetica, sans-serif; font-size: 10pt;\">\u2075 Resolu\u00e7\u00e3o CGSN n\u00ba 186\/2026, art. 4\u00ba<\/span><\/p>\n<p style=\"text-align: justify;\"><span style=\"font-family: arial, helvetica, sans-serif;\"><strong>FONTE: CONSULTOR JUR\u00cdDICO &#8211; POR DANIEL SOARES GOMES E GIANCARLO RAPP FERNANDES<\/strong><\/span><\/p>\n<p>&nbsp;<\/p>\n<p>&nbsp;<\/p>\n<p>&nbsp;<\/p>\n","protected":false},"excerpt":{"rendered":"<p>A publica\u00e7\u00e3o da Resolu\u00e7\u00e3o CGSN n\u00ba 186\/2026 inaugura uma nova [&hellip;]<\/p>\n","protected":false},"author":6,"featured_media":0,"comment_status":"closed","ping_status":"open","sticky":false,"template":"","format":"standard","meta":{"jetpack_post_was_ever_published":false,"_jetpack_newsletter_access":"","_jetpack_dont_email_post_to_subs":false,"_jetpack_newsletter_tier_id":0,"_jetpack_memberships_contains_paywalled_content":false,"footnotes":"","_jetpack_memberships_contains_paid_content":false,"jetpack_publicize_message":"","jetpack_publicize_feature_enabled":true,"jetpack_social_post_already_shared":true,"jetpack_social_options":{"image_generator_settings":{"template":"highway","enabled":false}}},"categories":[9],"tags":[],"jetpack_publicize_connections":[],"jetpack_featured_media_url":"","jetpack_sharing_enabled":true,"jetpack_shortlink":"https:\/\/wp.me\/paFpWR-gdr","_links":{"self":[{"href":"https:\/\/bonettiassociados.com.br\/index.php\/wp-json\/wp\/v2\/posts\/62337"}],"collection":[{"href":"https:\/\/bonettiassociados.com.br\/index.php\/wp-json\/wp\/v2\/posts"}],"about":[{"href":"https:\/\/bonettiassociados.com.br\/index.php\/wp-json\/wp\/v2\/types\/post"}],"author":[{"embeddable":true,"href":"https:\/\/bonettiassociados.com.br\/index.php\/wp-json\/wp\/v2\/users\/6"}],"replies":[{"embeddable":true,"href":"https:\/\/bonettiassociados.com.br\/index.php\/wp-json\/wp\/v2\/comments?post=62337"}],"version-history":[{"count":2,"href":"https:\/\/bonettiassociados.com.br\/index.php\/wp-json\/wp\/v2\/posts\/62337\/revisions"}],"predecessor-version":[{"id":62345,"href":"https:\/\/bonettiassociados.com.br\/index.php\/wp-json\/wp\/v2\/posts\/62337\/revisions\/62345"}],"wp:attachment":[{"href":"https:\/\/bonettiassociados.com.br\/index.php\/wp-json\/wp\/v2\/media?parent=62337"}],"wp:term":[{"taxonomy":"category","embeddable":true,"href":"https:\/\/bonettiassociados.com.br\/index.php\/wp-json\/wp\/v2\/categories?post=62337"},{"taxonomy":"post_tag","embeddable":true,"href":"https:\/\/bonettiassociados.com.br\/index.php\/wp-json\/wp\/v2\/tags?post=62337"}],"curies":[{"name":"wp","href":"https:\/\/api.w.org\/{rel}","templated":true}]}}