{"id":60909,"date":"2026-03-16T10:28:20","date_gmt":"2026-03-16T13:28:20","guid":{"rendered":"https:\/\/bonettiassociados.com.br\/?p=60909"},"modified":"2026-03-16T10:28:20","modified_gmt":"2026-03-16T13:28:20","slug":"associacoes-comerciais-terao-acesso-a-protestos-de-dividas-em-cartorios","status":"publish","type":"post","link":"https:\/\/bonettiassociados.com.br\/index.php\/2026\/03\/16\/associacoes-comerciais-terao-acesso-a-protestos-de-dividas-em-cartorios\/","title":{"rendered":"ASSOCIA\u00c7\u00d5ES COMERCIAIS TER\u00c3O ACESSO A PROTESTOS DE D\u00cdVIDAS EM CART\u00d3RIOS"},"content":{"rendered":"<p style=\"text-align: justify;\"><span style=\"font-family: arial, helvetica, sans-serif;\">Cerca de 2 milh\u00f5es de empresas poder\u00e3o pesquisar se clientes est\u00e3o endividados na plataforma AC Protesto.<\/span><\/p>\n<p style=\"text-align: justify;\"><!--more--><\/p>\n<p style=\"text-align: justify;\"><span style=\"font-family: arial, helvetica, sans-serif;\">Os cart\u00f3rios de protesto e a Confedera\u00e7\u00e3o das Associa\u00e7\u00f5es Comerciais e Empresariais do Brasil (CACB) fecharam uma parceria para permitir \u00e0s associadas acessarem diretamente o sistema oficial de registro de d\u00edvidas, por meio da plataforma AC Protesto. Na pr\u00e1tica, as empresas v\u00e3o poder pesquisar os clientes em potencial para saber se h\u00e1 d\u00edvidas protestadas em seus nomes.<\/span><\/p>\n<p style=\"text-align: justify;\"><span style=\"font-family: arial, helvetica, sans-serif;\">As cerca de 2 milh\u00f5es de empresas, associadas a mais de 2.300 associa\u00e7\u00f5es comerciais em todos os Estados do pa\u00eds, poder\u00e3o tamb\u00e9m registrar protestos contra d\u00edvidas diretamente na plataforma. Ela funcionar\u00e1, portanto, como um cadastro de inadimpl\u00eancia.<\/span><\/p>\n<p style=\"text-align: justify;\"><span style=\"font-family: arial, helvetica, sans-serif;\">A integra\u00e7\u00e3o come\u00e7ou pela Federa\u00e7\u00e3o das Associa\u00e7\u00f5es Comerciais do Estado de S\u00e3o Paulo (Facesp), que j\u00e1 conta com a plataforma implementada. As demais entidades v\u00e3o partir da experi\u00eancia para expandir a iniciativa em \u00e2mbito nacional. Com o acesso das pequenas empresas a mecanismos formais de cobran\u00e7a, a expectativa \u00e9 a redu\u00e7\u00e3o de impactos da inadimpl\u00eancia.<\/span><\/p>\n<p style=\"text-align: justify;\"><span style=\"font-family: arial, helvetica, sans-serif;\">Segundo o presidente do Instituto de Estudos de Protesto de T\u00edtulos do Brasil (IEPTB\/BR), Andr\u00e9 Gomes Netto, a iniciativa amplia o acesso a um instrumento formal de recupera\u00e7\u00e3o de cr\u00e9dito. &#8220;No ambiente dos Cart\u00f3rios de Protesto h\u00e1 uma sistem\u00e1tica que favorece credores e devedores e gera resultados virtuosos. Queremos cumprir nossa voca\u00e7\u00e3o de ser um vetor de aux\u00edlio para quem teve preju\u00edzo financeiro, garantindo acessibilidade ao clique de um mouse para os 3.864 Cart\u00f3rios de Protesto do pa\u00eds&#8221;, afirma.<\/span><\/p>\n<p style=\"text-align: justify;\"><span style=\"font-family: arial, helvetica, sans-serif;\">O presidente da CACB e da Facesp, Alfredo Cotait Neto, destacou o papel da parceria no fortalecimento do empreendedorismo no pa\u00eds. \u201cO AC Protesto nasce para fortalecer o empreendedor, principalmente o micro e pequeno, que \u00e9 respons\u00e1vel por 65% da empregabilidade no Brasil.\u201d<\/span><\/p>\n<p style=\"text-align: justify;\"><span style=\"font-family: arial, helvetica, sans-serif;\"><strong>FONTE:\u00a0 VALOR ECON\u00d4MICO &#8211; POR LUIZA CALEGARI \u2014 S\u00c3O PAULO<\/strong><\/span><\/p>\n","protected":false},"excerpt":{"rendered":"<p>Cerca de 2 milh\u00f5es de empresas poder\u00e3o pesquisar se clientes [&hellip;]<\/p>\n","protected":false},"author":6,"featured_media":0,"comment_status":"closed","ping_status":"open","sticky":false,"template":"","format":"standard","meta":{"jetpack_post_was_ever_published":false,"_jetpack_newsletter_access":"","_jetpack_dont_email_post_to_subs":false,"_jetpack_newsletter_tier_id":0,"_jetpack_memberships_contains_paywalled_content":false,"footnotes":"","_jetpack_memberships_contains_paid_content":false,"jetpack_publicize_message":"","jetpack_publicize_feature_enabled":true,"jetpack_social_post_already_shared":true,"jetpack_social_options":{"image_generator_settings":{"template":"highway","enabled":false}}},"categories":[2],"tags":[],"jetpack_publicize_connections":[],"jetpack_featured_media_url":"","jetpack_sharing_enabled":true,"jetpack_shortlink":"https:\/\/wp.me\/paFpWR-fQp","_links":{"self":[{"href":"https:\/\/bonettiassociados.com.br\/index.php\/wp-json\/wp\/v2\/posts\/60909"}],"collection":[{"href":"https:\/\/bonettiassociados.com.br\/index.php\/wp-json\/wp\/v2\/posts"}],"about":[{"href":"https:\/\/bonettiassociados.com.br\/index.php\/wp-json\/wp\/v2\/types\/post"}],"author":[{"embeddable":true,"href":"https:\/\/bonettiassociados.com.br\/index.php\/wp-json\/wp\/v2\/users\/6"}],"replies":[{"embeddable":true,"href":"https:\/\/bonettiassociados.com.br\/index.php\/wp-json\/wp\/v2\/comments?post=60909"}],"version-history":[{"count":1,"href":"https:\/\/bonettiassociados.com.br\/index.php\/wp-json\/wp\/v2\/posts\/60909\/revisions"}],"predecessor-version":[{"id":60910,"href":"https:\/\/bonettiassociados.com.br\/index.php\/wp-json\/wp\/v2\/posts\/60909\/revisions\/60910"}],"wp:attachment":[{"href":"https:\/\/bonettiassociados.com.br\/index.php\/wp-json\/wp\/v2\/media?parent=60909"}],"wp:term":[{"taxonomy":"category","embeddable":true,"href":"https:\/\/bonettiassociados.com.br\/index.php\/wp-json\/wp\/v2\/categories?post=60909"},{"taxonomy":"post_tag","embeddable":true,"href":"https:\/\/bonettiassociados.com.br\/index.php\/wp-json\/wp\/v2\/tags?post=60909"}],"curies":[{"name":"wp","href":"https:\/\/api.w.org\/{rel}","templated":true}]}}