{"id":60820,"date":"2026-03-13T10:41:00","date_gmt":"2026-03-13T13:41:00","guid":{"rendered":"https:\/\/bonettiassociados.com.br\/?p=60820"},"modified":"2026-03-13T10:41:00","modified_gmt":"2026-03-13T13:41:00","slug":"dividendos-nova-liminar-concede-isencao-para-empresa-ate-abril","status":"publish","type":"post","link":"https:\/\/bonettiassociados.com.br\/index.php\/2026\/03\/13\/dividendos-nova-liminar-concede-isencao-para-empresa-ate-abril\/","title":{"rendered":"DIVIDENDOS: NOVA LIMINAR CONCEDE ISEN\u00c7\u00c3O PARA EMPRESA AT\u00c9 ABRIL"},"content":{"rendered":"<p style=\"text-align: justify;\"><span style=\"font-family: arial, helvetica, sans-serif;\">A 2\u00aa Vara da Justi\u00e7a Federal de Ponta Grossa (PR) concedeu em 1\u00ba de mar\u00e7o de 2026 uma liminar para prorrogar a isen\u00e7\u00e3o de dividendos de uma empresa (sem nome divulgado) at\u00e9 abril de 2026. Trata-se de uma decis\u00e3o provis\u00f3ria, mas com efeito imediato.<\/span><\/p>\n<p style=\"text-align: justify;\"><!--more--><\/p>\n<p style=\"text-align: justify;\"><span style=\"font-family: arial, helvetica, sans-serif;\">A informa\u00e7\u00e3o foi compartilhada ao\u00a0Portal da Reforma Tribut\u00e1ria\u00a0pelos escrit\u00f3rios respons\u00e1veis pelo caso:\u00a0Trombini Slaviero Mombelli Advogados\u00a0e\u00a0Bonini Guedes Advogados.<\/span><\/p>\n<p style=\"text-align: justify;\"><span style=\"font-family: arial, helvetica, sans-serif;\">Os tributaristas questionaram a tributa\u00e7\u00e3o dos dividendos nos moldes da lei da reforma da renda (<a href=\"https:\/\/www.planalto.gov.br\/ccivil_03\/_ato2023-2026\/2025\/lei\/l15270.htm\">n\u00ba 15.270 de 2025<\/a>). O texto determina at\u00e9 10% de Imposto M\u00ednimo sobre remessas de lucro acima de R$ 50.000 ao m\u00eas\u00a0com distribui\u00e7\u00e3o aprovada\u00a0depois de 31 de dezembro de 2025.<\/span><\/p>\n<p style=\"text-align: justify;\"><span style=\"font-family: arial, helvetica, sans-serif;\">Ocorre que a Lei das S.A. (<a href=\"https:\/\/www.planalto.gov.br\/ccivil_03\/leis\/l6404consol.htm\">n\u00ba 6.404 de 1976<\/a>) tem previs\u00e3o para as empresas aprovarem a distribui\u00e7\u00e3o dos lucros at\u00e9 abril do ano seguinte. Segundo os advogados, o prazo da reforma da renda n\u00e3o se adequa da realidade fiscal da empresa.<\/span><\/p>\n<p style=\"text-align: justify;\"><span style=\"font-family: arial, helvetica, sans-serif;\"><em>\u201cNeste caso, a estrat\u00e9gia foi demonstrar que a quest\u00e3o n\u00e3o se resolve com a cria\u00e7\u00e3o de um prazo fict\u00edcio, mas com o reconhecimento de que o calend\u00e1rio societ\u00e1rio previsto na Lei das S.A. precisa ser respeitado\u201d<\/em>, declarou \u00e0 reportagem Carolina Ritzmann, s\u00f3cia do Bonini Guedes Advogados, envolvida no processo.<\/span><\/p>\n<p style=\"text-align: justify;\"><span style=\"font-family: arial, helvetica, sans-serif;\">Respons\u00e1vel pela liminar, o juiz Ant\u00f4nio C\u00e9sar Bochenek acolheu o argumento do contribuinte e afirmou que a reforma da renda deveria considerar a pr\u00e1tica societ\u00e1ria das companhias.<\/span><\/p>\n<p style=\"text-align: justify;\"><span style=\"font-family: arial, helvetica, sans-serif;\"><em>\u201cA decis\u00e3o refor\u00e7a a import\u00e2ncia de uma interpreta\u00e7\u00e3o sistem\u00e1tica do direito e evidencia como a aus\u00eancia dessa coer\u00eancia normativa acaba inevitavelmente deslocando o debate para o Poder Judici\u00e1rio\u201d<\/em>, disse ao\u00a0Portal\u00a0Isabella Mombelli, s\u00f3cia do Trombini Slaviero Mombelli Advogados.<\/span><\/p>\n<p style=\"text-align: justify;\"><span style=\"font-family: arial, helvetica, sans-serif;\">A tributa\u00e7\u00e3o dos dividendos foi aprovada em novembro de 2025. Antes, a distribui\u00e7\u00e3o de lucros aos investidores era isenta. Essa foi uma das formas de bancar a isen\u00e7\u00e3o de Imposto de Renda para os brasileiros que recebem at\u00e9 R$ 5.000 ao m\u00eas.<\/span><\/p>\n<p style=\"text-align: justify;\"><span style=\"font-family: arial, helvetica, sans-serif;\"><strong>FONTE: PORTAL DA REFORMA TRIBUT\u00c1RIA &#8211; POR\u00a0GABRIEL BENEVIDES &#8211; BRAS\u00cdLIA<\/strong><\/span><\/p>\n<p><strong>\u00a0<\/strong><\/p>\n<p><strong>\u00a0<\/strong><\/p>\n","protected":false},"excerpt":{"rendered":"<p>A 2\u00aa Vara da Justi\u00e7a Federal de Ponta Grossa (PR) [&hellip;]<\/p>\n","protected":false},"author":6,"featured_media":0,"comment_status":"closed","ping_status":"open","sticky":false,"template":"","format":"standard","meta":{"jetpack_post_was_ever_published":false,"_jetpack_newsletter_access":"","_jetpack_dont_email_post_to_subs":false,"_jetpack_newsletter_tier_id":0,"_jetpack_memberships_contains_paywalled_content":false,"footnotes":"","_jetpack_memberships_contains_paid_content":false,"jetpack_publicize_message":"","jetpack_publicize_feature_enabled":true,"jetpack_social_post_already_shared":true,"jetpack_social_options":{"image_generator_settings":{"template":"highway","enabled":false}}},"categories":[2],"tags":[],"jetpack_publicize_connections":[],"jetpack_featured_media_url":"","jetpack_sharing_enabled":true,"jetpack_shortlink":"https:\/\/wp.me\/paFpWR-fOY","_links":{"self":[{"href":"https:\/\/bonettiassociados.com.br\/index.php\/wp-json\/wp\/v2\/posts\/60820"}],"collection":[{"href":"https:\/\/bonettiassociados.com.br\/index.php\/wp-json\/wp\/v2\/posts"}],"about":[{"href":"https:\/\/bonettiassociados.com.br\/index.php\/wp-json\/wp\/v2\/types\/post"}],"author":[{"embeddable":true,"href":"https:\/\/bonettiassociados.com.br\/index.php\/wp-json\/wp\/v2\/users\/6"}],"replies":[{"embeddable":true,"href":"https:\/\/bonettiassociados.com.br\/index.php\/wp-json\/wp\/v2\/comments?post=60820"}],"version-history":[{"count":1,"href":"https:\/\/bonettiassociados.com.br\/index.php\/wp-json\/wp\/v2\/posts\/60820\/revisions"}],"predecessor-version":[{"id":60821,"href":"https:\/\/bonettiassociados.com.br\/index.php\/wp-json\/wp\/v2\/posts\/60820\/revisions\/60821"}],"wp:attachment":[{"href":"https:\/\/bonettiassociados.com.br\/index.php\/wp-json\/wp\/v2\/media?parent=60820"}],"wp:term":[{"taxonomy":"category","embeddable":true,"href":"https:\/\/bonettiassociados.com.br\/index.php\/wp-json\/wp\/v2\/categories?post=60820"},{"taxonomy":"post_tag","embeddable":true,"href":"https:\/\/bonettiassociados.com.br\/index.php\/wp-json\/wp\/v2\/tags?post=60820"}],"curies":[{"name":"wp","href":"https:\/\/api.w.org\/{rel}","templated":true}]}}