{"id":60774,"date":"2026-03-12T10:20:47","date_gmt":"2026-03-12T13:20:47","guid":{"rendered":"https:\/\/bonettiassociados.com.br\/?p=60774"},"modified":"2026-03-12T10:20:47","modified_gmt":"2026-03-12T13:20:47","slug":"reforma-tributaria-exige-mudancas-na-nota-fiscal-de-energia-eletrica-eletronica-nf3e","status":"publish","type":"post","link":"https:\/\/bonettiassociados.com.br\/index.php\/2026\/03\/12\/reforma-tributaria-exige-mudancas-na-nota-fiscal-de-energia-eletrica-eletronica-nf3e\/","title":{"rendered":"REFORMA TRIBUT\u00c1RIA EXIGE MUDAN\u00c7AS NA NOTA FISCAL DE ENERGIA EL\u00c9TRICA ELETR\u00d4NICA (NF3E)"},"content":{"rendered":"<p style=\"text-align: justify;\"><span style=\"font-family: arial, helvetica, sans-serif;\">Nota t\u00e9cnica atualiza layout do documento fiscal para incluir IBS e CBS e preparar sistemas para novas regras de tributa\u00e7\u00e3o do consumo.<\/span><\/p>\n<p style=\"text-align: justify;\"><!--more--><\/p>\n<p style=\"text-align: justify;\"><span style=\"font-family: arial, helvetica, sans-serif;\">A implementa\u00e7\u00e3o da\u00a0Reforma Tribut\u00e1ria\u00a0do consumo come\u00e7a a gerar impactos t\u00e9cnicos nos documentos fiscais eletr\u00f4nicos utilizados por empresas do setor el\u00e9trico. Uma nova\u00a0<u>nota t\u00e9cnica do projeto da\u00a0Nota Fiscal\u00a0de Energia El\u00e9trica Eletr\u00f4nica (NF3e)<\/u>\u00a0estabelece ajustes no layout do documento para contemplar os tributos que substituir\u00e3o parte do atual sistema de arrecada\u00e7\u00e3o.<\/span><\/p>\n<p style=\"text-align: justify;\"><span style=\"font-family: arial, helvetica, sans-serif;\">O documento t\u00e9cnico detalha as altera\u00e7\u00f5es necess\u00e1rias para adequar a NF3e \u00e0s futuras regras de incid\u00eancia do Imposto sobre Bens e Servi\u00e7os (IBS) e da Contribui\u00e7\u00e3o sobre Bens e Servi\u00e7os (CBS). As mudan\u00e7as incluem novos campos, grupos de informa\u00e7\u00f5es e valida\u00e7\u00f5es que permitir\u00e3o registrar corretamente os valores desses tributos quando o novo modelo tribut\u00e1rio entrar em vigor.<\/span><\/p>\n<p style=\"text-align: justify;\"><span style=\"font-family: arial, helvetica, sans-serif;\">Entre as principais atualiza\u00e7\u00f5es est\u00e3o a inclus\u00e3o de campos espec\u00edficos para identifica\u00e7\u00e3o e c\u00e1lculo do IBS e da CBS, al\u00e9m da defini\u00e7\u00e3o de c\u00f3digos de classifica\u00e7\u00e3o tribut\u00e1ria voltados a essas novas contribui\u00e7\u00f5es. A medida tem como objetivo garantir que os sistemas de emiss\u00e3o de documentos fiscais estejam preparados para registrar corretamente as opera\u00e7\u00f5es conforme a nova estrutura tribut\u00e1ria.<\/span><\/p>\n<p style=\"text-align: justify;\"><span style=\"font-family: arial, helvetica, sans-serif;\">Tamb\u00e9m foram estabelecidas regras de valida\u00e7\u00e3o para os novos campos, permitindo que os sistemas eletr\u00f4nicos realizem verifica\u00e7\u00f5es autom\u00e1ticas durante a emiss\u00e3o do documento fiscal. Essas valida\u00e7\u00f5es buscam garantir a consist\u00eancia das informa\u00e7\u00f5es declaradas e evitar inconsist\u00eancias no envio dos dados ao ambiente autorizado.<\/span><\/p>\n<p style=\"text-align: justify;\"><span style=\"font-family: arial, helvetica, sans-serif;\"><strong>Adequa\u00e7\u00f5es exigir\u00e3o atualiza\u00e7\u00e3o de sistemas e processos fiscais<\/strong><\/span><\/p>\n<p style=\"text-align: justify;\"><span style=\"font-family: arial, helvetica, sans-serif;\">As altera\u00e7\u00f5es previstas no layout da NF3e indicam que empresas e desenvolvedores de sistemas precisar\u00e3o adaptar seus softwares de faturamento e gest\u00e3o fiscal para atender \u00e0s novas exig\u00eancias relacionadas \u00e0 Reforma Tribut\u00e1ria.<\/span><\/p>\n<p style=\"text-align: justify;\"><span style=\"font-family: arial, helvetica, sans-serif;\">Para profissionais da\u00a0contabilidade\u00a0e da \u00e1rea fiscal que atuam em empresas do setor el\u00e9trico ou em organiza\u00e7\u00f5es que consomem energia em grande escala, a atualiza\u00e7\u00e3o refor\u00e7a a necessidade de acompanhar as mudan\u00e7as t\u00e9cnicas associadas \u00e0 implementa\u00e7\u00e3o do novo modelo tribut\u00e1rio.<\/span><\/p>\n<p style=\"text-align: justify;\"><span style=\"font-family: arial, helvetica, sans-serif;\">Outro ponto relevante \u00e9 o acompanhamento das regras de classifica\u00e7\u00e3o tribut\u00e1ria associadas ao IBS e \u00e0 CBS, que passam a integrar o documento fiscal eletr\u00f4nico. Essas informa\u00e7\u00f5es ser\u00e3o fundamentais para a correta apura\u00e7\u00e3o dos tributos e para a consist\u00eancia das obriga\u00e7\u00f5es acess\u00f3rias relacionadas \u00e0s opera\u00e7\u00f5es de fornecimento de energia el\u00e9trica.<\/span><\/p>\n<p style=\"text-align: justify;\"><span style=\"font-family: arial, helvetica, sans-serif;\">Al\u00e9m disso, as mudan\u00e7as refor\u00e7am a import\u00e2ncia da integra\u00e7\u00e3o entre \u00e1reas cont\u00e1bil, fiscal e de tecnologia da informa\u00e7\u00e3o nas empresas, j\u00e1 que a adapta\u00e7\u00e3o aos novos layouts e valida\u00e7\u00f5es depende tanto de ajustes sist\u00eamicos quanto de atualiza\u00e7\u00e3o de processos internos.<\/span><\/p>\n<p style=\"text-align: justify;\"><span style=\"font-family: arial, helvetica, sans-serif;\"><strong>Outras mudan\u00e7as previstas na nota t\u00e9cnica<\/strong><\/span><\/p>\n<p style=\"text-align: justify;\"><span style=\"font-family: arial, helvetica, sans-serif;\">Al\u00e9m da inclus\u00e3o de informa\u00e7\u00f5es relacionadas ao IBS e \u00e0 CBS, a nota t\u00e9cnica tamb\u00e9m apresenta outros ajustes no documento fiscal eletr\u00f4nico utilizado no setor el\u00e9trico.<\/span><\/p>\n<p style=\"text-align: justify;\"><span style=\"font-family: arial, helvetica, sans-serif;\">Entre eles est\u00e1 a cria\u00e7\u00e3o de um grupo espec\u00edfico para identifica\u00e7\u00e3o de opera\u00e7\u00f5es relacionadas a compras governamentais, que passa a integrar a estrutura de dados da NF3e. A atualiza\u00e7\u00e3o tamb\u00e9m contempla mudan\u00e7as no grupo respons\u00e1vel pelos totais do documento fiscal eletr\u00f4nico, com inclus\u00e3o de informa\u00e7\u00f5es relacionadas aos novos tributos.<\/span><\/p>\n<p style=\"text-align: justify;\"><span style=\"font-family: arial, helvetica, sans-serif;\">O documento t\u00e9cnico ainda prev\u00ea altera\u00e7\u00f5es nas regras de valida\u00e7\u00e3o de determinados campos e ajustes em estruturas relacionadas ao Sistema de Compensa\u00e7\u00e3o de Energia El\u00e9trica (SCEE). Tamb\u00e9m foram realizadas adequa\u00e7\u00f5es para permitir a futura ado\u00e7\u00e3o do\u00a0CNPJ\u00a0em formato alfanum\u00e9rico.<\/span><\/p>\n<p style=\"text-align: justify;\"><span style=\"font-family: arial, helvetica, sans-serif;\">Outro ponto inclu\u00eddo nas mudan\u00e7as \u00e9 a amplia\u00e7\u00e3o do c\u00f3digo de status de retorno utilizado nas respostas dos sistemas autorizadores, que passa a admitir quatro d\u00edgitos. A altera\u00e7\u00e3o amplia a capacidade de identifica\u00e7\u00e3o de eventos e mensagens relacionadas ao processamento do documento fiscal eletr\u00f4nico.<\/span><\/p>\n<p style=\"text-align: justify;\"><span style=\"font-family: arial, helvetica, sans-serif;\">As mudan\u00e7as integram o conjunto de adapta\u00e7\u00f5es necess\u00e1rias para preparar os documentos fiscais eletr\u00f4nicos utilizados no pa\u00eds para o novo modelo de tributa\u00e7\u00e3o sobre o consumo previsto na Reforma Tribut\u00e1ria.<\/span><\/p>\n<p style=\"text-align: justify;\"><span style=\"font-family: arial, helvetica, sans-serif;\"><strong>FONTE: \u00a0CONT\u00c1BEIS \u2013 POR L\u00cdVIA MACARIO<\/strong><\/span><\/p>\n<p><strong>\u00a0<\/strong><\/p>\n","protected":false},"excerpt":{"rendered":"<p>Nota t\u00e9cnica atualiza layout do documento fiscal para incluir IBS [&hellip;]<\/p>\n","protected":false},"author":6,"featured_media":0,"comment_status":"closed","ping_status":"open","sticky":false,"template":"","format":"standard","meta":{"jetpack_post_was_ever_published":false,"_jetpack_newsletter_access":"","_jetpack_dont_email_post_to_subs":false,"_jetpack_newsletter_tier_id":0,"_jetpack_memberships_contains_paywalled_content":false,"footnotes":"","_jetpack_memberships_contains_paid_content":false,"jetpack_publicize_message":"","jetpack_publicize_feature_enabled":true,"jetpack_social_post_already_shared":true,"jetpack_social_options":{"image_generator_settings":{"template":"highway","enabled":false}}},"categories":[9],"tags":[],"jetpack_publicize_connections":[],"jetpack_featured_media_url":"","jetpack_sharing_enabled":true,"jetpack_shortlink":"https:\/\/wp.me\/paFpWR-fOe","_links":{"self":[{"href":"https:\/\/bonettiassociados.com.br\/index.php\/wp-json\/wp\/v2\/posts\/60774"}],"collection":[{"href":"https:\/\/bonettiassociados.com.br\/index.php\/wp-json\/wp\/v2\/posts"}],"about":[{"href":"https:\/\/bonettiassociados.com.br\/index.php\/wp-json\/wp\/v2\/types\/post"}],"author":[{"embeddable":true,"href":"https:\/\/bonettiassociados.com.br\/index.php\/wp-json\/wp\/v2\/users\/6"}],"replies":[{"embeddable":true,"href":"https:\/\/bonettiassociados.com.br\/index.php\/wp-json\/wp\/v2\/comments?post=60774"}],"version-history":[{"count":1,"href":"https:\/\/bonettiassociados.com.br\/index.php\/wp-json\/wp\/v2\/posts\/60774\/revisions"}],"predecessor-version":[{"id":60775,"href":"https:\/\/bonettiassociados.com.br\/index.php\/wp-json\/wp\/v2\/posts\/60774\/revisions\/60775"}],"wp:attachment":[{"href":"https:\/\/bonettiassociados.com.br\/index.php\/wp-json\/wp\/v2\/media?parent=60774"}],"wp:term":[{"taxonomy":"category","embeddable":true,"href":"https:\/\/bonettiassociados.com.br\/index.php\/wp-json\/wp\/v2\/categories?post=60774"},{"taxonomy":"post_tag","embeddable":true,"href":"https:\/\/bonettiassociados.com.br\/index.php\/wp-json\/wp\/v2\/tags?post=60774"}],"curies":[{"name":"wp","href":"https:\/\/api.w.org\/{rel}","templated":true}]}}