{"id":60641,"date":"2026-03-09T10:05:35","date_gmt":"2026-03-09T13:05:35","guid":{"rendered":"https:\/\/bonettiassociados.com.br\/?p=60641"},"modified":"2026-03-09T10:05:35","modified_gmt":"2026-03-09T13:05:35","slug":"stf-moraes-esclarece-efeito-da-decisao-da-corte-sobre-o-difal-do-icms","status":"publish","type":"post","link":"https:\/\/bonettiassociados.com.br\/index.php\/2026\/03\/09\/stf-moraes-esclarece-efeito-da-decisao-da-corte-sobre-o-difal-do-icms\/","title":{"rendered":"STF: MORAES ESCLARECE EFEITO DA DECIS\u00c3O DA CORTE SOBRE O DIFAL DO ICMS"},"content":{"rendered":"<p style=\"text-align: justify;\"><span style=\"font-family: arial, helvetica, sans-serif;\">Empresas apresentaram recurso, que \u00e9 julgado pelo Plen\u00e1rio Virtual da Corte.<\/span><\/p>\n<p style=\"text-align: justify;\"><!--more--><\/p>\n<p style=\"text-align: justify;\"><span style=\"font-family: arial, helvetica, sans-serif;\">O Supremo Tribunal Federal (STF) come\u00e7ou a julgar um recurso contra decis\u00e3o da Corte que definiu que as empresas que entraram na Justi\u00e7a at\u00e9 29 de novembro de 2023 questionando o recolhimento do Diferencial de Al\u00edquotas do ICMS (Difal do ICMS) em 2022 est\u00e3o livres do pagamento retroativo do imposto. Por enquanto, somente o relator, ministro Alexandre de Moraes, votou no Plen\u00e1rio Virtual.<\/span><\/p>\n<p style=\"text-align: justify;\"><span style=\"font-family: arial, helvetica, sans-serif;\">Moraes rejeitou o recurso, mas esclareceu um ponto importante sobre o efeito da decis\u00e3o da Corte. Os demais ministros t\u00eam at\u00e9 a pr\u00f3xima sexta-feira para votarem ou suspenderem o julgamento.<\/span><\/p>\n<p style=\"text-align: justify;\"><span style=\"font-family: arial, helvetica, sans-serif;\">Criado para equilibrar a arrecada\u00e7\u00e3o do ICMS entre o Estado que vende o produto e onde ele \u00e9 consumido, o Difal n\u00e3o tinha regras claras at\u00e9 2022 sobre a cobran\u00e7a quando o comprador n\u00e3o era contribuinte do ICMS. Cada Estado tinha criado normas pr\u00f3prias, gerando disputas judiciais. A Lei Complementar Federal n\u00ba 190, de 2022, detalhou como o imposto deveria ser distribu\u00eddo nesses casos.<\/span><\/p>\n<p style=\"text-align: justify;\"><span style=\"font-family: arial, helvetica, sans-serif;\">O tema chegou ao STF porque uma empresa do Cear\u00e1 questionou a incid\u00eancia do Difal em 2022 sobre vendas para consumidores n\u00e3o contribuintes do ICMS. Alegou que a LC 190 n\u00e3o respeitava o princ\u00edpio constitucional da anterioridade nonagesimal (intervalo m\u00ednimo de 90 dias entre a publica\u00e7\u00e3o das leis sobre impostos e o in\u00edcio de sua aplica\u00e7\u00e3o). O Tribunal de Justi\u00e7a do Cear\u00e1 (TJ-CE) deu raz\u00e3o \u00e0 empresa e suspendeu a aplica\u00e7\u00e3o do c\u00e1lculo.<\/span><\/p>\n<p style=\"text-align: justify;\"><span style=\"font-family: arial, helvetica, sans-serif;\">Em 2023, em outro julgamento (ADI 7066), o STF decidiu pela aplica\u00e7\u00e3o da anterioridade nonagesimal \u00e0 LC 190. Dessa forma, a lei sancionada em 4 de janeiro de 2022, s\u00f3 passou a ter efeitos a partir de 5 de maio. Assim, o STF permitiu que empresas que acionaram a Justi\u00e7a e, por isso, n\u00e3o recolheram o imposto antes da decis\u00e3o sobre a anterioridade nonagesimal pudessem deixar de pagar o tributo referente ao per\u00edodo em que a quest\u00e3o ainda estava em disputa (at\u00e9 a data do julgamento da ADI 7066, em 29 de novembro de 2023).<\/span><\/p>\n<p style=\"text-align: justify;\"><span style=\"font-family: arial, helvetica, sans-serif;\">O Sindicato da Ind\u00fastria de Produtos Farmac\u00eauticos (Sindusfarma) recorreu, por meio de embargos de declara\u00e7\u00e3o, que est\u00e1 sob julgamento agora. Alegou \u201cobscuridade\u201d no trecho da decis\u00e3o que garante a n\u00e3o exig\u00eancia de Difal a contribuintes que tenham ajuizado a\u00e7\u00e3o at\u00e9 o julgamento da ADI 7066 \u201ce tenham deixado de recolher o tributo naquele exerc\u00edcio\u201d.<\/span><\/p>\n<p style=\"text-align: justify;\"><span style=\"font-family: arial, helvetica, sans-serif;\">Segundo o sindicato, haveria indefini\u00e7\u00e3o quanto aos que propuseram a\u00e7\u00e3o e nada pagaram. Tamb\u00e9m quanto aos que obtiveram medida liminar mediante dep\u00f3sito.<\/span><\/p>\n<p style=\"text-align: justify;\"><span style=\"font-family: arial, helvetica, sans-serif;\">O Sindusfarma ainda pediu que seja esclarecido que a modula\u00e7\u00e3o n\u00e3o se aplica aos que n\u00e3o tiveram decis\u00e3o favor\u00e1vel na a\u00e7\u00e3o proposta, assim como aos que s\u00f3 a receberam os valores referentes ao Difal mediante o dep\u00f3sito do valor questionado.<\/span><\/p>\n<p style=\"text-align: justify;\"><span style=\"font-family: arial, helvetica, sans-serif;\"><strong>Vota\u00e7\u00e3o<\/strong><\/span><\/p>\n<p style=\"text-align: justify;\"><span style=\"font-family: arial, helvetica, sans-serif;\">Para Moraes, contudo, \u201cn\u00e3o h\u00e1 qualquer obscuridade a sanar, mas apenas o prop\u00f3sito do embargante de estreitar o \u00e2mbito de aplica\u00e7\u00e3o da modula\u00e7\u00e3o\u201d, afirmou.<\/span><\/p>\n<p style=\"text-align: justify;\"><span style=\"font-family: arial, helvetica, sans-serif;\">O ministro reafirmou que ficam abarcados pela modula\u00e7\u00e3o os contribuintes que simplesmente tenham ajuizado a\u00e7\u00e3o judicial questionando a cobran\u00e7a at\u00e9 a data de julgamento da ADI 7066, sendo irrelevante que hajam recebido decis\u00e3o provis\u00f3ria favor\u00e1vel, ou que a tenham obtido mediante o dep\u00f3sito.<\/span><\/p>\n<p style=\"text-align: justify;\"><span style=\"font-family: arial, helvetica, sans-serif;\"><strong>FONTE:\u00a0 VALOR ECON\u00d4MICO &#8211; POR BEATRIZ OLIVON<\/strong><\/span><\/p>\n<p style=\"text-align: justify;\"><span style=\"font-family: arial, helvetica, sans-serif;\"><strong>\u00a0<\/strong><\/span><\/p>\n<p><strong>\u00a0<\/strong><\/p>\n<p><strong>\u00a0<\/strong><\/p>\n","protected":false},"excerpt":{"rendered":"<p>Empresas apresentaram recurso, que \u00e9 julgado pelo Plen\u00e1rio Virtual da [&hellip;]<\/p>\n","protected":false},"author":6,"featured_media":0,"comment_status":"closed","ping_status":"open","sticky":false,"template":"","format":"standard","meta":{"jetpack_post_was_ever_published":false,"_jetpack_newsletter_access":"","_jetpack_dont_email_post_to_subs":false,"_jetpack_newsletter_tier_id":0,"_jetpack_memberships_contains_paywalled_content":false,"footnotes":"","_jetpack_memberships_contains_paid_content":false,"jetpack_publicize_message":"","jetpack_publicize_feature_enabled":true,"jetpack_social_post_already_shared":true,"jetpack_social_options":{"image_generator_settings":{"template":"highway","enabled":false}}},"categories":[2],"tags":[],"jetpack_publicize_connections":[],"jetpack_featured_media_url":"","jetpack_sharing_enabled":true,"jetpack_shortlink":"https:\/\/wp.me\/paFpWR-fM5","_links":{"self":[{"href":"https:\/\/bonettiassociados.com.br\/index.php\/wp-json\/wp\/v2\/posts\/60641"}],"collection":[{"href":"https:\/\/bonettiassociados.com.br\/index.php\/wp-json\/wp\/v2\/posts"}],"about":[{"href":"https:\/\/bonettiassociados.com.br\/index.php\/wp-json\/wp\/v2\/types\/post"}],"author":[{"embeddable":true,"href":"https:\/\/bonettiassociados.com.br\/index.php\/wp-json\/wp\/v2\/users\/6"}],"replies":[{"embeddable":true,"href":"https:\/\/bonettiassociados.com.br\/index.php\/wp-json\/wp\/v2\/comments?post=60641"}],"version-history":[{"count":1,"href":"https:\/\/bonettiassociados.com.br\/index.php\/wp-json\/wp\/v2\/posts\/60641\/revisions"}],"predecessor-version":[{"id":60642,"href":"https:\/\/bonettiassociados.com.br\/index.php\/wp-json\/wp\/v2\/posts\/60641\/revisions\/60642"}],"wp:attachment":[{"href":"https:\/\/bonettiassociados.com.br\/index.php\/wp-json\/wp\/v2\/media?parent=60641"}],"wp:term":[{"taxonomy":"category","embeddable":true,"href":"https:\/\/bonettiassociados.com.br\/index.php\/wp-json\/wp\/v2\/categories?post=60641"},{"taxonomy":"post_tag","embeddable":true,"href":"https:\/\/bonettiassociados.com.br\/index.php\/wp-json\/wp\/v2\/tags?post=60641"}],"curies":[{"name":"wp","href":"https:\/\/api.w.org\/{rel}","templated":true}]}}