{"id":59528,"date":"2026-02-04T11:13:30","date_gmt":"2026-02-04T14:13:30","guid":{"rendered":"https:\/\/bonettiassociados.com.br\/?p=59528"},"modified":"2026-02-04T11:13:30","modified_gmt":"2026-02-04T14:13:30","slug":"nao-incidencia-de-contribuicoes-previdenciarias-sobre-premio-por-boas-ideias","status":"publish","type":"post","link":"https:\/\/bonettiassociados.com.br\/index.php\/2026\/02\/04\/nao-incidencia-de-contribuicoes-previdenciarias-sobre-premio-por-boas-ideias\/","title":{"rendered":"N\u00c3O INCID\u00caNCIA DE CONTRIBUI\u00c7\u00d5ES PREVIDENCI\u00c1RIAS SOBRE PR\u00caMIO POR BOAS IDEIAS"},"content":{"rendered":"<p style=\"text-align: justify;\"><span style=\"font-family: arial, helvetica, sans-serif;\">Carf reconhece que pr\u00eamios por boas ideias n\u00e3o t\u00eam car\u00e1ter salarial e afastam incid\u00eancia de contribui\u00e7\u00f5es previdenci\u00e1rias.<\/span><span style=\"font-family: arial, helvetica, sans-serif;\"><strong>\u00a0<\/strong><\/span><!--more--><\/p>\n<p style=\"text-align: justify;\"><span style=\"font-family: arial, helvetica, sans-serif;\">A institui\u00e7\u00e3o de programas corporativos de incentivo \u00e0 inova\u00e7\u00e3o, como o \u201cpr\u00eamio por boas ideias\u201d, \u00e9 um instrumento relevante de engajamento, aumento de produtividade e fortalecimento da cultura voltada \u00e0 efici\u00eancia operacional e \u00e0 competitividade. Ao recompensar sugest\u00f5es que resultam em redu\u00e7\u00e3o de custos, incremento de receitas ou aperfei\u00e7oamento de processos, a empresa estimula o protagonismo dos colaboradores e fomenta um ambiente de participa\u00e7\u00e3o estrat\u00e9gica.<\/span><\/p>\n<p style=\"text-align: justify;\"><span style=\"font-family: arial, helvetica, sans-serif;\">O pr\u00eamio por \u201cboas ideias\u201d representa, por vezes, a combina\u00e7\u00e3o de uma recompensa financeira com o reconhecimento p\u00fablico por uma sugest\u00e3o do empregado que seja \u00fatil ao ambiente e ao processo de trabalho.<\/span><\/p>\n<p style=\"text-align: justify;\"><span style=\"font-family: arial, helvetica, sans-serif;\">\u00c9 importante esclarecer que n\u00e3o se trata de uma simples apresenta\u00e7\u00e3o e premia\u00e7\u00e3o de ideias. As empresas instituem pol\u00edticas complexas, com regras de avalia\u00e7\u00e3o, para premiar os empregados que apresentem as propostas mais relevantes, significativas e inovadoras, capazes de gerar, caso implementadas, benef\u00edcios reais n\u00e3o s\u00f3 \u00e0 atividade do empregador, mas tamb\u00e9m \u00e0 sa\u00fade e \u00e0 seguran\u00e7a dos demais colaboradores.<\/span><\/p>\n<p style=\"text-align: justify;\"><span style=\"font-family: arial, helvetica, sans-serif;\">N\u00e3o obstante a louv\u00e1vel finalidade de incentivar os trabalhadores a se engajarem no processo produtivo \u2013 com iniciativas que beneficiem n\u00e3o s\u00f3 a produtividade, mas a pr\u00f3pria seguran\u00e7a das atividades, a Receita Federal\u00a0tem autuado empresas por entender que esse tipo de premia\u00e7\u00e3o teria natureza remunerat\u00f3ria, sujeita \u00e0 incid\u00eancia de contribui\u00e7\u00f5es previdenci\u00e1rias.<\/span><\/p>\n<p style=\"text-align: justify;\"><span style=\"font-family: arial, helvetica, sans-serif;\">Todavia, ao analisar autua\u00e7\u00f5es da Receita Federal que exigiam tais contribui\u00e7\u00f5es, o Conselho Administrativo de Recursos Fiscais (Carf) tem se posicionado a favor dos contribuintes. O entendimento do \u00f3rg\u00e3o \u00e9 de que os valores concedidos como pr\u00eamio por boas ideias n\u00e3o possuem natureza remunerat\u00f3ria.<\/span><\/p>\n<p style=\"text-align: justify;\"><span style=\"font-family: arial, helvetica, sans-serif;\">Nesse contexto, destaca-se um precedente favor\u00e1vel aos contribuintes, de fevereiro de 2018, no qual a Primeira Turma Ordin\u00e1ria da Segunda C\u00e2mara do Carf reconheceu, por unanimidade, a aus\u00eancia de natureza remunerat\u00f3ria nos valores pagos para recompensar boas ideias que transformem o ambiente de trabalho e os meios de produ\u00e7\u00e3o.<\/span><\/p>\n<p style=\"text-align: justify;\"><span style=\"font-family: arial, helvetica, sans-serif;\">O relator desse precedente foi preciso ao enfatizar a aus\u00eancia de contrapresta\u00e7\u00e3o no pr\u00eamio por boas ideias, e vale destacar o seguinte trecho de seu voto<em>: \u201cCristalino incentivo a participa\u00e7\u00e3o do indiv\u00edduo na sociedade, na empresa, na coletividade. N\u00e3o \u00e9 pagamento pelos servi\u00e7os prestados por for\u00e7a do contrato de trabalho\u201d<\/em><\/span><a name=\"_ftnref1\"><\/a><span style=\"font-family: arial, helvetica, sans-serif;\"><a href=\"https:\/\/www.jota.info\/opiniao-e-analise\/artigos\/nao-incidencia-de-contribuicoes-previdenciarias-sobre-premio-por-boas-ideias?utm_medium=email&amp;utm_campaign=press_clipping_fenacon_-__04_de_fevereiro_de_2026&amp;utm_source=RD+Station#_ftn1\">[1]<\/a>.<\/span><\/p>\n<p style=\"text-align: justify;\"><span style=\"font-family: arial, helvetica, sans-serif;\">No mesmo sentido, em julho de 2023, a Primeira Turma da Terceira C\u00e2mara do Carf<\/span><a name=\"_ftnref2\"><\/a><span style=\"font-family: arial, helvetica, sans-serif;\"><a href=\"https:\/\/www.jota.info\/opiniao-e-analise\/artigos\/nao-incidencia-de-contribuicoes-previdenciarias-sobre-premio-por-boas-ideias?utm_medium=email&amp;utm_campaign=press_clipping_fenacon_-__04_de_fevereiro_de_2026&amp;utm_source=RD+Station#_ftn2\">[2]<\/a>\u00a0analisou o tema e reafirmou o entendimento de que n\u00e3o incidem contribui\u00e7\u00f5es previdenci\u00e1rias, pois est\u00e1 ausente o requisito da contrapresta\u00e7\u00e3o no pagamento do pr\u00eamio.<\/span><\/p>\n<p style=\"text-align: justify;\"><span style=\"font-family: arial, helvetica, sans-serif;\">Al\u00e9m de refor\u00e7ar que o pr\u00eamio por boas ideias n\u00e3o \u00e9 pago em decorr\u00eancia do contrato de trabalho, o ac\u00f3rd\u00e3o afirma que seu pagamento deriva do aspecto social e comunit\u00e1rio da empresa, visando ao incentivo da participa\u00e7\u00e3o ativa de empregados em solu\u00e7\u00f5es inovadoras para a empresa e a sociedade.<\/span><\/p>\n<p style=\"text-align: justify;\"><span style=\"font-family: arial, helvetica, sans-serif;\">Outro ponto levantado pelo ac\u00f3rd\u00e3o consiste na altera\u00e7\u00e3o, promovida pela reforma trabalhista, das parcelas exclu\u00eddas da base de c\u00e1lculo das contribui\u00e7\u00f5es previdenci\u00e1rias, tais como os pr\u00eamios e os abonos. Tal argumento remete \u00e0 import\u00e2ncia de aprofundar os estudos sobre o instituto do pr\u00eamio, a fim de definir quais modalidades podem ou n\u00e3o ser consideradas sujeitas \u00e0 incid\u00eancia de contribui\u00e7\u00f5es previdenci\u00e1rias.<\/span><\/p>\n<p style=\"text-align: justify;\"><span style=\"font-family: arial, helvetica, sans-serif;\">O estudo dos par\u00e2metros do art. 457, \u00a7\u00a7 2\u00ba e 4\u00ba, da\u00a0CLT\u00a0\u2013 que retira os encargos trabalhistas e previdenci\u00e1rios do pr\u00eamio pago por desempenho superior ao esperado \u2013 \u00e9 de extrema import\u00e2ncia. Isso porque a Receita Federal tem interpretado essa legisla\u00e7\u00e3o no sentido de que a exist\u00eancia de um ajuste expresso entre as partes afronta o requisito da liberalidade, condi\u00e7\u00e3o para afastar a incid\u00eancia dos referidos encargos.<\/span><\/p>\n<p style=\"text-align: justify;\"><span style=\"font-family: arial, helvetica, sans-serif;\">Embora o entendimento da Receita Federal dificulte a concess\u00e3o do pr\u00eamio por boas ideias \u2013 j\u00e1 que a exist\u00eancia de uma pol\u00edtica interna pode ser vista como afronta ao requisito de &#8216;liberalidade&#8217; \u2013, os precedentes mencionados do CARF afastam a incid\u00eancia das contribui\u00e7\u00f5es com base em um fundamento mais amplo: a aus\u00eancia de car\u00e1ter contraprestativo.<\/span><\/p>\n<p style=\"text-align: justify;\"><span style=\"font-family: arial, helvetica, sans-serif;\">Portanto, n\u00e3o obstante a aus\u00eancia de jurisprud\u00eancia pac\u00edfica, h\u00e1 bons precedentes no CARF no sentido de que o pagamento do pr\u00eamio por boas ideias, ainda que previsto em pol\u00edticas internas, n\u00e3o deveria sofrer a incid\u00eancia de contribui\u00e7\u00f5es previdenci\u00e1rias, por faltar o requisito da contrapresta\u00e7\u00e3o, sendo, desse modo, um importante instrumento de incentivo \u00e0 inova\u00e7\u00e3o, produtividade e cultura organizacional.<\/span><\/p>\n<p>___________________________________________________________________________<\/p>\n<p style=\"text-align: justify;\"><span style=\"font-family: arial, helvetica, sans-serif; font-size: 10pt;\">*<em>O presente artigo representa a vis\u00e3o dos autores e n\u00e3o corresponde a uma consulta jur\u00eddica.<\/em><\/span><\/p>\n<p style=\"text-align: justify;\"><a name=\"_ftn1\"><\/a><span style=\"font-family: arial, helvetica, sans-serif; font-size: 10pt;\"><a href=\"https:\/\/www.jota.info\/opiniao-e-analise\/artigos\/nao-incidencia-de-contribuicoes-previdenciarias-sobre-premio-por-boas-ideias?utm_medium=email&amp;utm_campaign=press_clipping_fenacon_-__04_de_fevereiro_de_2026&amp;utm_source=RD+Station#_ftnref1\">[1]<\/a>\u00a0CARF. 2201\u00ad004.073 | 15504.725546\/2012\u00ad15, \u00d3rg\u00e3o: CARF. Relator: Carlos Henrique de Oliveira. Julgado em 05\/02\/2018, Publicado em 23\/02\/2018.<\/span><\/p>\n<p style=\"text-align: justify;\"><a name=\"_ftn2\"><\/a><span style=\"font-family: arial, helvetica, sans-serif; font-size: 10pt;\"><a href=\"https:\/\/www.jota.info\/opiniao-e-analise\/artigos\/nao-incidencia-de-contribuicoes-previdenciarias-sobre-premio-por-boas-ideias?utm_medium=email&amp;utm_campaign=press_clipping_fenacon_-__04_de_fevereiro_de_2026&amp;utm_source=RD+Station#_ftnref2\">[2]<\/a>\u00a02301-010.666 | 15504.000491\/2007-70, \u00d3rg\u00e3o: CARF. Relator: WESLEY ROCHA. Julgado em 11\/07\/2023, Publicado em 23\/08\/2023.<\/span><\/p>\n<p style=\"text-align: justify;\"><span style=\"font-family: arial, helvetica, sans-serif; font-size: 10pt;\">Os artigos publicados pelo JOTA n\u00e3o refletem necessariamente a opini\u00e3o do site. Os textos buscam estimular o debate sobre temas importantes para o pa\u00eds, sempre prestigiando a pluralidade de ideias.<\/span><\/p>\n<p style=\"text-align: justify;\"><span style=\"font-family: arial, helvetica, sans-serif;\"><strong>FONTE: JOTA \u2013 POR LUIZ FELIPE MIRADOURO E\u00a0VICTORIA MARTINS AFONSO<\/strong><\/span><\/p>\n<p><strong>\u00a0<\/strong><\/p>\n","protected":false},"excerpt":{"rendered":"<p>Carf reconhece que pr\u00eamios por boas ideias n\u00e3o t\u00eam car\u00e1ter [&hellip;]<\/p>\n","protected":false},"author":6,"featured_media":0,"comment_status":"closed","ping_status":"open","sticky":false,"template":"","format":"standard","meta":{"jetpack_post_was_ever_published":false,"_jetpack_newsletter_access":"","_jetpack_dont_email_post_to_subs":false,"_jetpack_newsletter_tier_id":0,"_jetpack_memberships_contains_paywalled_content":false,"footnotes":"","_jetpack_memberships_contains_paid_content":false,"jetpack_publicize_message":"","jetpack_publicize_feature_enabled":true,"jetpack_social_post_already_shared":true,"jetpack_social_options":{"image_generator_settings":{"template":"highway","enabled":false}}},"categories":[2],"tags":[],"jetpack_publicize_connections":[],"jetpack_featured_media_url":"","jetpack_sharing_enabled":true,"jetpack_shortlink":"https:\/\/wp.me\/paFpWR-fu8","_links":{"self":[{"href":"https:\/\/bonettiassociados.com.br\/index.php\/wp-json\/wp\/v2\/posts\/59528"}],"collection":[{"href":"https:\/\/bonettiassociados.com.br\/index.php\/wp-json\/wp\/v2\/posts"}],"about":[{"href":"https:\/\/bonettiassociados.com.br\/index.php\/wp-json\/wp\/v2\/types\/post"}],"author":[{"embeddable":true,"href":"https:\/\/bonettiassociados.com.br\/index.php\/wp-json\/wp\/v2\/users\/6"}],"replies":[{"embeddable":true,"href":"https:\/\/bonettiassociados.com.br\/index.php\/wp-json\/wp\/v2\/comments?post=59528"}],"version-history":[{"count":1,"href":"https:\/\/bonettiassociados.com.br\/index.php\/wp-json\/wp\/v2\/posts\/59528\/revisions"}],"predecessor-version":[{"id":59529,"href":"https:\/\/bonettiassociados.com.br\/index.php\/wp-json\/wp\/v2\/posts\/59528\/revisions\/59529"}],"wp:attachment":[{"href":"https:\/\/bonettiassociados.com.br\/index.php\/wp-json\/wp\/v2\/media?parent=59528"}],"wp:term":[{"taxonomy":"category","embeddable":true,"href":"https:\/\/bonettiassociados.com.br\/index.php\/wp-json\/wp\/v2\/categories?post=59528"},{"taxonomy":"post_tag","embeddable":true,"href":"https:\/\/bonettiassociados.com.br\/index.php\/wp-json\/wp\/v2\/tags?post=59528"}],"curies":[{"name":"wp","href":"https:\/\/api.w.org\/{rel}","templated":true}]}}