{"id":59526,"date":"2026-02-04T11:12:36","date_gmt":"2026-02-04T14:12:36","guid":{"rendered":"https:\/\/bonettiassociados.com.br\/?p=59526"},"modified":"2026-02-04T11:12:36","modified_gmt":"2026-02-04T14:12:36","slug":"stj-entrega-de-declaracao-mensal-e-o-marco-inicial-para-contagem-de-prescricao-no-simples-nacional","status":"publish","type":"post","link":"https:\/\/bonettiassociados.com.br\/index.php\/2026\/02\/04\/stj-entrega-de-declaracao-mensal-e-o-marco-inicial-para-contagem-de-prescricao-no-simples-nacional\/","title":{"rendered":"STJ: ENTREGA DE DECLARA\u00c7\u00c3O MENSAL \u00c9 O MARCO INICIAL PARA CONTAGEM DE PRESCRI\u00c7\u00c3O NO SIMPLES NACIONAL"},"content":{"rendered":"<p style=\"text-align: justify;\"><span style=\"font-family: arial, helvetica, sans-serif;\">Para a 1\u00aa Turma, \u00e9 esse documento que traz as informa\u00e7\u00f5es necess\u00e1rias para o lan\u00e7amento do cr\u00e9dito tribut\u00e1rio.<\/span><\/p>\n<p style=\"text-align: justify;\"><!--more--><\/p>\n<p style=\"text-align: justify;\"><span style=\"font-family: arial, helvetica, sans-serif;\">A 1\u00aa Turma do Superior Tribunal de Justi\u00e7a (STJ) decidiu que a entrega do Documento de Arrecada\u00e7\u00e3o do Simples Nacional (DAS), fornecido mensalmente pelo contribuinte, \u00e9 o marco inicial do prazo prescricional para cobran\u00e7a de tributos sujeitos ao regime simplificado. Para o colegiado, \u00e9 esse documento que traz as informa\u00e7\u00f5es necess\u00e1rias para o lan\u00e7amento do cr\u00e9dito tribut\u00e1rio, e n\u00e3o a Declara\u00e7\u00e3o Anual, \u00danica e Simplificada de Informa\u00e7\u00f5es Socioecon\u00f4micas e Fiscais (Defis).<\/span><\/p>\n<p style=\"text-align: justify;\"><span style=\"font-family: arial, helvetica, sans-serif;\">Com esse entendimento, a turma anulou ac\u00f3rd\u00e3o do Tribunal Regional Federal da 4\u00aa Regi\u00e3o (TRF-4) que havia considerado a Defis como confiss\u00e3o de d\u00edvida em uma execu\u00e7\u00e3o fiscal, e determinou o retorno do caso \u00e0 inst\u00e2ncia de origem para confronta\u00e7\u00e3o das datas de vencimento dos tributos com as de entrega da declara\u00e7\u00e3o mensal, devendo ser considerado como marco inicial do prazo de prescri\u00e7\u00e3o o que ocorreu por \u00faltimo.<\/span><\/p>\n<p style=\"text-align: justify;\"><span style=\"font-family: arial, helvetica, sans-serif;\">A Fazenda Nacional ajuizou a execu\u00e7\u00e3o fiscal em fevereiro de 2013 com a inten\u00e7\u00e3o de receber de uma empresa tributos relativos ao per\u00edodo de junho a dezembro de 2007. Ao manter decis\u00e3o que n\u00e3o reconheceu a prescri\u00e7\u00e3o, o TRF-4 considerou como in\u00edcio do prazo de cinco anos a entrega da declara\u00e7\u00e3o anual prevista na Lei Complementar n\u00ba 123\/2006, feita em junho de 2008.<\/span><\/p>\n<p style=\"text-align: justify;\"><span style=\"font-family: arial, helvetica, sans-serif;\">Em recurso especial, a empresa alegou que o prazo prescricional deveria ser contado a partir das declara\u00e7\u00f5es fornecidas m\u00eas a m\u00eas, conforme as datas em que apresentou as informa\u00e7\u00f5es necess\u00e1rias ao c\u00e1lculo dos tributos devidos por meio do Programa Gerador do Documento de Arrecada\u00e7\u00e3o do Simples Nacional \u2013 Declarat\u00f3rio (PGDAS-D).<\/span><\/p>\n<p style=\"text-align: justify;\"><span style=\"font-family: arial, helvetica, sans-serif;\">No STJ, o ministro Paulo S\u00e9rgio Domingues, relator, lembrou que o STJ, em recurso repetitivo (Tema 383), j\u00e1 fixou o entendimento de que o prazo prescricional, nos tributos sujeitos a lan\u00e7amento por homologa\u00e7\u00e3o, come\u00e7a no dia seguinte ao vencimento ou \u00e0 declara\u00e7\u00e3o do d\u00e9bito n\u00e3o pago \u2013 prevalecendo a data mais recente. Essa regra, segundo ele, vale para o Simples Nacional, no qual o contribuinte presta mensalmente as informa\u00e7\u00f5es usadas para o c\u00e1lculo dos tributos, caracterizando o lan\u00e7amento por homologa\u00e7\u00e3o previsto no artigo 150 do C\u00f3digo Tribut\u00e1rio Nacional.<\/span><\/p>\n<p style=\"text-align: justify;\"><span style=\"font-family: arial, helvetica, sans-serif;\">Dessa forma, o relator destacou que o DAS, com as informa\u00e7\u00f5es enviadas m\u00eas a m\u00eas pelo contribuinte, \u00e9 o documento que deve servir de refer\u00eancia para definir o in\u00edcio do prazo prescricional. J\u00e1 a declara\u00e7\u00e3o anual obrigat\u00f3ria (Defis) \u2013 prosseguiu \u2013 \u00e9 apenas uma obriga\u00e7\u00e3o acess\u00f3ria voltada ao acompanhamento de dados econ\u00f4micos, sociais e fiscais das empresas do Simples Nacional, n\u00e3o podendo ser usada como marco para a contagem da prescri\u00e7\u00e3o.<\/span><\/p>\n<p style=\"text-align: justify;\"><span style=\"font-family: arial, helvetica, sans-serif;\">&#8220;Embora em ambos os casos \u2013 da declara\u00e7\u00e3o mensal e da anual \u2013 o legislador tenha atribu\u00eddo efeito de confiss\u00e3o de d\u00edvida, \u00e9 a data do fornecimento mensal de informa\u00e7\u00f5es necess\u00e1rias ao lan\u00e7amento do tributo, via PGDAS-D, que deve ser considerada como termo inicial do prazo prescricional, ou o dia posterior ao vencimento da obriga\u00e7\u00e3o, nos termos da jurisprud\u00eancia do STJ&#8221;, afirmou o ministro.<\/span><\/p>\n<p style=\"text-align: justify;\"><span style=\"font-family: arial, helvetica, sans-serif;\">No caso, Paulo S\u00e9rgio Domingues observou que o ac\u00f3rd\u00e3o do TRF-4 n\u00e3o traz dados suficientes sobre as declara\u00e7\u00f5es mensais do DAS, o que impede a aplica\u00e7\u00e3o correta da jurisprud\u00eancia do STJ sobre o in\u00edcio do prazo prescricional. &#8220;Assim, imp\u00f5e-se a remessa dos autos \u00e0 inst\u00e2ncia ordin\u00e1ria para que sejam confrontadas as datas de vencimento das exa\u00e7\u00f5es e a data de entrega do DAS, devendo-se, na an\u00e1lise da prescri\u00e7\u00e3o, considerar como seu termo inicial o que ocorreu por \u00faltimo&#8221;, concluiu o relator (REsp 1876175).<\/span><\/p>\n<p style=\"text-align: justify;\"><span style=\"font-family: arial, helvetica, sans-serif;\"><strong>FONTE: VALOR ECON\u00d4MICO <\/strong><\/span><\/p>\n","protected":false},"excerpt":{"rendered":"<p>Para a 1\u00aa Turma, \u00e9 esse documento que traz as [&hellip;]<\/p>\n","protected":false},"author":6,"featured_media":0,"comment_status":"closed","ping_status":"open","sticky":false,"template":"","format":"standard","meta":{"jetpack_post_was_ever_published":false,"_jetpack_newsletter_access":"","_jetpack_dont_email_post_to_subs":false,"_jetpack_newsletter_tier_id":0,"_jetpack_memberships_contains_paywalled_content":false,"footnotes":"","_jetpack_memberships_contains_paid_content":false,"jetpack_publicize_message":"","jetpack_publicize_feature_enabled":true,"jetpack_social_post_already_shared":true,"jetpack_social_options":{"image_generator_settings":{"template":"highway","enabled":false}}},"categories":[2],"tags":[],"jetpack_publicize_connections":[],"jetpack_featured_media_url":"","jetpack_sharing_enabled":true,"jetpack_shortlink":"https:\/\/wp.me\/paFpWR-fu6","_links":{"self":[{"href":"https:\/\/bonettiassociados.com.br\/index.php\/wp-json\/wp\/v2\/posts\/59526"}],"collection":[{"href":"https:\/\/bonettiassociados.com.br\/index.php\/wp-json\/wp\/v2\/posts"}],"about":[{"href":"https:\/\/bonettiassociados.com.br\/index.php\/wp-json\/wp\/v2\/types\/post"}],"author":[{"embeddable":true,"href":"https:\/\/bonettiassociados.com.br\/index.php\/wp-json\/wp\/v2\/users\/6"}],"replies":[{"embeddable":true,"href":"https:\/\/bonettiassociados.com.br\/index.php\/wp-json\/wp\/v2\/comments?post=59526"}],"version-history":[{"count":1,"href":"https:\/\/bonettiassociados.com.br\/index.php\/wp-json\/wp\/v2\/posts\/59526\/revisions"}],"predecessor-version":[{"id":59527,"href":"https:\/\/bonettiassociados.com.br\/index.php\/wp-json\/wp\/v2\/posts\/59526\/revisions\/59527"}],"wp:attachment":[{"href":"https:\/\/bonettiassociados.com.br\/index.php\/wp-json\/wp\/v2\/media?parent=59526"}],"wp:term":[{"taxonomy":"category","embeddable":true,"href":"https:\/\/bonettiassociados.com.br\/index.php\/wp-json\/wp\/v2\/categories?post=59526"},{"taxonomy":"post_tag","embeddable":true,"href":"https:\/\/bonettiassociados.com.br\/index.php\/wp-json\/wp\/v2\/tags?post=59526"}],"curies":[{"name":"wp","href":"https:\/\/api.w.org\/{rel}","templated":true}]}}