{"id":58776,"date":"2026-01-16T10:14:56","date_gmt":"2026-01-16T13:14:56","guid":{"rendered":"https:\/\/bonettiassociados.com.br\/?p=58776"},"modified":"2026-01-16T10:14:56","modified_gmt":"2026-01-16T13:14:56","slug":"cni-aciona-stf-contra-dispositivos-da-lei-que-reduz-beneficios-fiscais","status":"publish","type":"post","link":"https:\/\/bonettiassociados.com.br\/index.php\/2026\/01\/16\/cni-aciona-stf-contra-dispositivos-da-lei-que-reduz-beneficios-fiscais\/","title":{"rendered":"CNI ACIONA STF CONTRA DISPOSITIVOS DA LEI QUE REDUZ BENEF\u00cdCIOS FISCAIS"},"content":{"rendered":"<p style=\"text-align: justify;\"><span style=\"font-family: arial, helvetica, sans-serif;\">Confedera\u00e7\u00e3o questionou artigos da LC 224\/25 que trazem data limite para aprova\u00e7\u00e3o de projetos entre o poder p\u00fablico e empresas.<\/span><\/p>\n<p style=\"text-align: justify;\"><!--more--><\/p>\n<p style=\"text-align: justify;\"><span style=\"font-family: arial, helvetica, sans-serif;\">A Confedera\u00e7\u00e3o Nacional da Ind\u00fastria (CNI) ajuizou uma A\u00e7\u00e3o Direta de Inconstitucionalidade (ADI) no Supremo Tribunal Federal (STF) na \u00faltima quarta-feira (14\/1) contra dispositivos da Lei Complementar 224\/2025, que reduz benef\u00edcios fiscais \u00e0s empresas. A entidade pede que a Corte d\u00ea uma liminar para suspender o prazo de 31 de dezembro de 2025 como data limite para aprova\u00e7\u00e3o dos projetos entre o Poder P\u00fablico e empresas para a manter a isen\u00e7\u00e3o.<\/span><\/p>\n<p style=\"text-align: justify;\"><span style=\"font-family: arial, helvetica, sans-serif;\">Por meio da a\u00e7\u00e3o, que ainda n\u00e3o possui numera\u00e7\u00e3o ou relator, a CNI defende que a regra de projetos aprovada pelo Executivo federal at\u00e9 dezembro de 2025 n\u00e3o contempla isen\u00e7\u00f5es baseadas em outras contrapartidas oferecidas. Seria o caso, por exemplo, da cria\u00e7\u00e3o de empregos, diminui\u00e7\u00e3o de emiss\u00e3o de poluentes ou qualquer outro acordo firmado entre o Estado e o contribuinte.<\/span><\/p>\n<p style=\"text-align: justify;\"><span style=\"font-family: arial, helvetica, sans-serif;\">Dessa forma, na avalia\u00e7\u00e3o da entidade, a medida viola o direito adquirido a benef\u00edcios fiscais a prazo certo e sujeito a condi\u00e7\u00f5es que n\u00e3o prevejam aprova\u00e7\u00e3o pr\u00e9via pelo Poder Executivo ou condi\u00e7\u00f5es que n\u00e3o sejam classificadas como investimentos.<\/span><\/p>\n<p style=\"text-align: justify;\"><span style=\"font-family: arial, helvetica, sans-serif;\">A CNI requer que seja deferida liminar que determine a suspens\u00e3o dos efeitos da express\u00e3o \u201cconsiderando-se como condi\u00e7\u00e3o onerosa exclusivamente investimento previsto em projeto aprovado pelo Poder Executivo federal at\u00e9 o dia 31 de dezembro de 2025\u201d no inciso IV do \u00a7 8.\u00ba do artigo 4\u00ba da lei. O pedido \u00e9 o mesmo no m\u00e9rito.<\/span><\/p>\n<p style=\"text-align: justify;\"><span style=\"font-family: arial, helvetica, sans-serif;\">Por arrastamento, se pede a suspens\u00e3o de trechos do decreto regulamentar (artigo 14, IV, do Decreto 12.808\/2025) e do artigo 16 da Instru\u00e7\u00e3o Normativa da Receita Federal do Brasil 2305\/2025.<\/span><\/p>\n<p style=\"text-align: justify;\"><span style=\"font-family: arial, helvetica, sans-serif;\">Se a Corte n\u00e3o optar pela inconstitucionalidade da express\u00e3o, alternativamente, a entidade pede que seja afastado o sentido de que a enumera\u00e7\u00e3o nos seus incisos \u00e9 exaustiva. Isso permitiria que as autoridades administrativas e judici\u00e1rias reconhecessem a exist\u00eancia de direito adquirido quanto a benef\u00edcios e incentivos com prazo certo e condi\u00e7\u00f5es outras que n\u00e3o apenas \u201cinvestimento previsto em projeto aprovado pelo Poder Executivo federal at\u00e9 o dia 31 de dezembro de 2025\u201d.<\/span><\/p>\n<p style=\"text-align: justify;\"><span style=\"font-family: arial, helvetica, sans-serif;\">Na avalia\u00e7\u00e3o da CNI, a imposi\u00e7\u00e3o dessa data limite gera quebra de confian\u00e7a. Al\u00e9m disso, a mudan\u00e7a na regra fere o direito adquirido e o princ\u00edpio da n\u00e3o-surpresa \u2013 uma vez que o contribuinte ter\u00e1 novos custos, pois investimentos de longo prazo foram planejados com base em incentivos que ser\u00e3o reduzidos antes do prazo previsto.<\/span><\/p>\n<p style=\"text-align: justify;\"><span style=\"font-family: arial, helvetica, sans-serif;\">O ministro Andr\u00e9 Mendon\u00e7a foi sorteado relator da ADI 7920.<\/span><\/p>\n<p><strong>FONTE: JOTA &#8211; POR FL\u00c1VIA MAIA<\/strong><\/p>\n","protected":false},"excerpt":{"rendered":"<p>Confedera\u00e7\u00e3o questionou artigos da LC 224\/25 que trazem data limite [&hellip;]<\/p>\n","protected":false},"author":6,"featured_media":0,"comment_status":"closed","ping_status":"open","sticky":false,"template":"","format":"standard","meta":{"jetpack_post_was_ever_published":false,"_jetpack_newsletter_access":"","_jetpack_dont_email_post_to_subs":false,"_jetpack_newsletter_tier_id":0,"_jetpack_memberships_contains_paywalled_content":false,"footnotes":"","_jetpack_memberships_contains_paid_content":false,"jetpack_publicize_message":"","jetpack_publicize_feature_enabled":true,"jetpack_social_post_already_shared":true,"jetpack_social_options":{"image_generator_settings":{"template":"highway","enabled":false}}},"categories":[2],"tags":[],"jetpack_publicize_connections":[],"jetpack_featured_media_url":"","jetpack_sharing_enabled":true,"jetpack_shortlink":"https:\/\/wp.me\/paFpWR-fi0","_links":{"self":[{"href":"https:\/\/bonettiassociados.com.br\/index.php\/wp-json\/wp\/v2\/posts\/58776"}],"collection":[{"href":"https:\/\/bonettiassociados.com.br\/index.php\/wp-json\/wp\/v2\/posts"}],"about":[{"href":"https:\/\/bonettiassociados.com.br\/index.php\/wp-json\/wp\/v2\/types\/post"}],"author":[{"embeddable":true,"href":"https:\/\/bonettiassociados.com.br\/index.php\/wp-json\/wp\/v2\/users\/6"}],"replies":[{"embeddable":true,"href":"https:\/\/bonettiassociados.com.br\/index.php\/wp-json\/wp\/v2\/comments?post=58776"}],"version-history":[{"count":1,"href":"https:\/\/bonettiassociados.com.br\/index.php\/wp-json\/wp\/v2\/posts\/58776\/revisions"}],"predecessor-version":[{"id":58777,"href":"https:\/\/bonettiassociados.com.br\/index.php\/wp-json\/wp\/v2\/posts\/58776\/revisions\/58777"}],"wp:attachment":[{"href":"https:\/\/bonettiassociados.com.br\/index.php\/wp-json\/wp\/v2\/media?parent=58776"}],"wp:term":[{"taxonomy":"category","embeddable":true,"href":"https:\/\/bonettiassociados.com.br\/index.php\/wp-json\/wp\/v2\/categories?post=58776"},{"taxonomy":"post_tag","embeddable":true,"href":"https:\/\/bonettiassociados.com.br\/index.php\/wp-json\/wp\/v2\/tags?post=58776"}],"curies":[{"name":"wp","href":"https:\/\/api.w.org\/{rel}","templated":true}]}}