{"id":58738,"date":"2026-01-15T11:07:19","date_gmt":"2026-01-15T14:07:19","guid":{"rendered":"https:\/\/bonettiassociados.com.br\/?p=58738"},"modified":"2026-01-15T11:07:19","modified_gmt":"2026-01-15T14:07:19","slug":"credito-de-representante-comercial-tem-natureza-trabalhista-na-rj","status":"publish","type":"post","link":"https:\/\/bonettiassociados.com.br\/index.php\/2026\/01\/15\/credito-de-representante-comercial-tem-natureza-trabalhista-na-rj\/","title":{"rendered":"CR\u00c9DITO DE REPRESENTANTE COMERCIAL TEM NATUREZA TRABALHISTA NA RJ"},"content":{"rendered":"<p style=\"text-align: justify;\"><span style=\"font-family: arial, helvetica, sans-serif;\">Na recupera\u00e7\u00e3o judicial, os cr\u00e9ditos de representante comercial, seja pessoa f\u00edsica ou jur\u00eddica, t\u00eam a mesma natureza do cr\u00e9dito trabalhista. Com esse entendimento, a 4\u00aa Turma do Superior Tribunal de Justi\u00e7a negou provimento ao recurso de duas empresas que est\u00e3o em processo de RJ.<\/span><!--more--><\/p>\n<p style=\"text-align: justify;\"><span style=\"font-family: arial, helvetica, sans-serif;\">Segundo a a\u00e7\u00e3o, as duas companhias t\u00eam d\u00edvidas com outra empresa, que atuava como representante comercial. As recuperandas pediram \u00e0 Justi\u00e7a que o cr\u00e9dito devido \u00e0 representante fosse classificado como quirograf\u00e1rio (que n\u00e3o tem prioridade).<\/span><\/p>\n<p style=\"text-align: justify;\"><span style=\"font-family: arial, helvetica, sans-serif;\">Em primeiro grau, o juiz acatou os argumentos da empresa de representa\u00e7\u00e3o comercial. No entendimento dele, o artigo 44 da Lei 4.886\/1965, que regula os representantes comerciais, estabelece que os cr\u00e9ditos referentes ao setor, mesmo que de pessoas jur\u00eddicas, t\u00eam natureza trabalhista.<\/span><\/p>\n<p style=\"text-align: justify;\"><span style=\"font-family: arial, helvetica, sans-serif;\">As empresas recorreram ao Tribunal de Justi\u00e7a de S\u00e3o Paulo, insistindo pela classifica\u00e7\u00e3o dos cr\u00e9ditos como quirograf\u00e1rios. O tribunal rejeitou a pretens\u00e3o sob argumento de que a d\u00edvida tem caracter\u00edstica alimentar e, dessa forma, entra no rol trabalhista.<\/span><\/p>\n<p style=\"text-align: justify;\"><span style=\"font-family: arial, helvetica, sans-serif;\"><strong>A regra \u00e9 clara<\/strong><\/span><\/p>\n<p style=\"text-align: justify;\"><span style=\"font-family: arial, helvetica, sans-serif;\">As recuperandas recorreram, ent\u00e3o, ao STJ. A relatora do caso, ministra Isabel Gallotti, manteve as decis\u00f5es de primeira e segunda inst\u00e2ncias. \u201cO artigo 44 da Lei 4.886\/1965, com a reda\u00e7\u00e3o dada pela Lei 14.195\/2021, disp\u00f5e que os cr\u00e9ditos do representante comercial s\u00e3o considerados da mesma natureza dos cr\u00e9ditos trabalhistas para fins de inclus\u00e3o no pedido de fal\u00eancia ou de plano de recupera\u00e7\u00e3o judicial\u201d, escreveu.<\/span><\/p>\n<p style=\"text-align: justify;\"><span style=\"font-family: arial, helvetica, sans-serif;\">\u201cAo contr\u00e1rio do alegado pelas recorrentes, o dispositivo n\u00e3o prev\u00ea rol taxativo de pagamentos recebidos pelo representante comercial que tenham natureza trabalhista espec\u00edfica\u201d, disse a ministra.<\/span><\/p>\n<p style=\"text-align: justify;\"><span style=\"font-family: arial, helvetica, sans-serif;\"><strong>\u201c<\/strong>Da pr\u00f3pria literalidade do texto legal, depreende-se que as hip\u00f3teses ali mencionadas constituem apenas exemplos de import\u00e2ncias relacionadas \u00e0 representa\u00e7\u00e3o (\u2018[\u2026] inclusive comiss\u00f5es vencidas e vincendas, indeniza\u00e7\u00e3o e aviso pr\u00e9vio\u2019), havendo, ainda, indica\u00e7\u00e3o expressa de que se incluem \u2018qualquer outra verba devida ao representante oriunda da rela\u00e7\u00e3o estabelecida com base nesta Lei\u2019.\u201d<\/span><\/p>\n<p style=\"text-align: justify;\"><span style=\"font-family: arial, helvetica, sans-serif;\">A ministra ainda ressaltou que se o legislador n\u00e3o fez distin\u00e7\u00e3o entre pessoas f\u00edsicas e jur\u00eddicas, n\u00e3o cabe aos julgadores fazer. A decis\u00e3o foi un\u00e2nime.<\/span><\/p>\n<p style=\"text-align: justify;\"><span style=\"font-family: arial, helvetica, sans-serif;\"><strong>Clique <a href=\"https:\/\/www.conjur.com.br\/wp-content\/uploads\/2026\/01\/STJ_REsp_2234352_Acordao.pdf\">aqui<\/a> para ler o ac\u00f3rd\u00e3o<\/strong><\/span><\/p>\n<p style=\"text-align: justify;\"><span style=\"font-family: arial, helvetica, sans-serif;\"><strong>REsp 2.234.352<\/strong><\/span><\/p>\n<p style=\"text-align: justify;\"><span style=\"font-family: arial, helvetica, sans-serif;\"><strong>FONTE: CONSULTOR JUR\u00cdDICO &#8211; POR MARTINA COLAFEMINA<\/strong><\/span><\/p>\n<p><strong>\u00a0<\/strong><\/p>\n<p><strong>\u00a0<\/strong><\/p>\n<p><strong>\u00a0<\/strong><\/p>\n","protected":false},"excerpt":{"rendered":"<p>Na recupera\u00e7\u00e3o judicial, os cr\u00e9ditos de representante comercial, seja pessoa [&hellip;]<\/p>\n","protected":false},"author":6,"featured_media":0,"comment_status":"closed","ping_status":"open","sticky":false,"template":"","format":"standard","meta":{"jetpack_post_was_ever_published":false,"_jetpack_newsletter_access":"","_jetpack_dont_email_post_to_subs":false,"_jetpack_newsletter_tier_id":0,"_jetpack_memberships_contains_paywalled_content":false,"footnotes":"","_jetpack_memberships_contains_paid_content":false,"jetpack_publicize_message":"","jetpack_publicize_feature_enabled":true,"jetpack_social_post_already_shared":true,"jetpack_social_options":{"image_generator_settings":{"template":"highway","enabled":false}}},"categories":[2],"tags":[],"jetpack_publicize_connections":[],"jetpack_featured_media_url":"","jetpack_sharing_enabled":true,"jetpack_shortlink":"https:\/\/wp.me\/paFpWR-fho","_links":{"self":[{"href":"https:\/\/bonettiassociados.com.br\/index.php\/wp-json\/wp\/v2\/posts\/58738"}],"collection":[{"href":"https:\/\/bonettiassociados.com.br\/index.php\/wp-json\/wp\/v2\/posts"}],"about":[{"href":"https:\/\/bonettiassociados.com.br\/index.php\/wp-json\/wp\/v2\/types\/post"}],"author":[{"embeddable":true,"href":"https:\/\/bonettiassociados.com.br\/index.php\/wp-json\/wp\/v2\/users\/6"}],"replies":[{"embeddable":true,"href":"https:\/\/bonettiassociados.com.br\/index.php\/wp-json\/wp\/v2\/comments?post=58738"}],"version-history":[{"count":1,"href":"https:\/\/bonettiassociados.com.br\/index.php\/wp-json\/wp\/v2\/posts\/58738\/revisions"}],"predecessor-version":[{"id":58739,"href":"https:\/\/bonettiassociados.com.br\/index.php\/wp-json\/wp\/v2\/posts\/58738\/revisions\/58739"}],"wp:attachment":[{"href":"https:\/\/bonettiassociados.com.br\/index.php\/wp-json\/wp\/v2\/media?parent=58738"}],"wp:term":[{"taxonomy":"category","embeddable":true,"href":"https:\/\/bonettiassociados.com.br\/index.php\/wp-json\/wp\/v2\/categories?post=58738"},{"taxonomy":"post_tag","embeddable":true,"href":"https:\/\/bonettiassociados.com.br\/index.php\/wp-json\/wp\/v2\/tags?post=58738"}],"curies":[{"name":"wp","href":"https:\/\/api.w.org\/{rel}","templated":true}]}}