{"id":58736,"date":"2026-01-15T11:06:50","date_gmt":"2026-01-15T14:06:50","guid":{"rendered":"https:\/\/bonettiassociados.com.br\/?p=58736"},"modified":"2026-01-15T11:06:50","modified_gmt":"2026-01-15T14:06:50","slug":"stf-julgara-em-fevereiro-incidencia-de-pis-cofins-sobre-reservas-tecnicas-de-seguradoras","status":"publish","type":"post","link":"https:\/\/bonettiassociados.com.br\/index.php\/2026\/01\/15\/stf-julgara-em-fevereiro-incidencia-de-pis-cofins-sobre-reservas-tecnicas-de-seguradoras\/","title":{"rendered":"STF JULGAR\u00c1 EM FEVEREIRO INCID\u00caNCIA DE PIS\/COFINS SOBRE RESERVAS T\u00c9CNICAS DE SEGURADORAS"},"content":{"rendered":"<p style=\"text-align: justify;\"><span style=\"font-family: arial, helvetica, sans-serif;\">O resultado ser\u00e1 aplicado a todos os processos que discutem o mesmo tema na Justi\u00e7a.<\/span><span style=\"font-family: arial, helvetica, sans-serif;\"><strong>\u00a0<\/strong><\/span><!--more--><\/p>\n<p style=\"text-align: justify;\"><span style=\"font-family: arial, helvetica, sans-serif;\">O Supremo Tribunal Federal (STF) pode resolver em fevereiro uma controv\u00e9rsia que tem implica\u00e7\u00e3o bilion\u00e1ria para a Uni\u00e3o e seguradoras. O julgamento que discute a incid\u00eancia de PIS\/Cofins sobre as reservas t\u00e9cnicas de institui\u00e7\u00f5es financeiras foi pautado para o julgamento virtual que ser\u00e1 realizado entre 13 e 24 de fevereiro.<\/span><\/p>\n<p style=\"text-align: justify;\"><span style=\"font-family: arial, helvetica, sans-serif;\">A controv\u00e9rsia \u00e9 um desdobramento da decis\u00e3o que definiu, em 2023, que incide PIS\/Cofins sobre as receitas financeiras de bancos. A posi\u00e7\u00e3o que prevaleceu \u00e9 que os tributos federais devem incidir sobre o faturamento das atividades t\u00edpicas da empresa.<\/span><\/p>\n<p style=\"text-align: justify;\"><span style=\"font-family: arial, helvetica, sans-serif;\">A vit\u00f3ria da Uni\u00e3o evitou um rombo estimado em R$ 115 bilh\u00f5es. Mas o relator, ministro Dias Toffoli, afirmou no ac\u00f3rd\u00e3o que o entendimento daquele julgamento n\u00e3o se aplica \u00e0s empresas seguradoras. Por isso, parte desse valor ainda est\u00e1 em disputa.<\/span><\/p>\n<p style=\"text-align: justify;\"><span style=\"font-family: arial, helvetica, sans-serif;\">Para o relator da a\u00e7\u00e3o espec\u00edfica sobre as seguradoras, ministro Luiz Fux, a manuten\u00e7\u00e3o das reservas t\u00e9cnicas \u00e9 imposta a essas empresas por lei. Por isso, \u00e9 preciso definir se as receitas oriundas da aplica\u00e7\u00e3o destes recursos integram ou n\u00e3o o conceito de faturamento.<\/span><\/p>\n<p style=\"text-align: justify;\"><span style=\"font-family: arial, helvetica, sans-serif;\">Em 2024, Fux chegou a restabelecer uma cobran\u00e7a milion\u00e1ria da Mapfre relativa ao PIS\/Cofins sobre reservas t\u00e9cnicas. Depois, o ministro voltou atr\u00e1s, suspendeu a cobran\u00e7a novamente e decidiu enviar o caso para o plen\u00e1rio avaliar a repercuss\u00e3o geral.<\/span><\/p>\n<p style=\"text-align: justify;\"><span style=\"font-family: arial, helvetica, sans-serif;\"><strong>FONTE: FOLHA DE PERNAMBUCO <\/strong><\/span><\/p>\n","protected":false},"excerpt":{"rendered":"<p>O resultado ser\u00e1 aplicado a todos os processos que discutem [&hellip;]<\/p>\n","protected":false},"author":6,"featured_media":0,"comment_status":"closed","ping_status":"open","sticky":false,"template":"","format":"standard","meta":{"jetpack_post_was_ever_published":false,"_jetpack_newsletter_access":"","_jetpack_dont_email_post_to_subs":false,"_jetpack_newsletter_tier_id":0,"_jetpack_memberships_contains_paywalled_content":false,"footnotes":"","_jetpack_memberships_contains_paid_content":false,"jetpack_publicize_message":"","jetpack_publicize_feature_enabled":true,"jetpack_social_post_already_shared":true,"jetpack_social_options":{"image_generator_settings":{"template":"highway","enabled":false}}},"categories":[2],"tags":[],"jetpack_publicize_connections":[],"jetpack_featured_media_url":"","jetpack_sharing_enabled":true,"jetpack_shortlink":"https:\/\/wp.me\/paFpWR-fhm","_links":{"self":[{"href":"https:\/\/bonettiassociados.com.br\/index.php\/wp-json\/wp\/v2\/posts\/58736"}],"collection":[{"href":"https:\/\/bonettiassociados.com.br\/index.php\/wp-json\/wp\/v2\/posts"}],"about":[{"href":"https:\/\/bonettiassociados.com.br\/index.php\/wp-json\/wp\/v2\/types\/post"}],"author":[{"embeddable":true,"href":"https:\/\/bonettiassociados.com.br\/index.php\/wp-json\/wp\/v2\/users\/6"}],"replies":[{"embeddable":true,"href":"https:\/\/bonettiassociados.com.br\/index.php\/wp-json\/wp\/v2\/comments?post=58736"}],"version-history":[{"count":1,"href":"https:\/\/bonettiassociados.com.br\/index.php\/wp-json\/wp\/v2\/posts\/58736\/revisions"}],"predecessor-version":[{"id":58737,"href":"https:\/\/bonettiassociados.com.br\/index.php\/wp-json\/wp\/v2\/posts\/58736\/revisions\/58737"}],"wp:attachment":[{"href":"https:\/\/bonettiassociados.com.br\/index.php\/wp-json\/wp\/v2\/media?parent=58736"}],"wp:term":[{"taxonomy":"category","embeddable":true,"href":"https:\/\/bonettiassociados.com.br\/index.php\/wp-json\/wp\/v2\/categories?post=58736"},{"taxonomy":"post_tag","embeddable":true,"href":"https:\/\/bonettiassociados.com.br\/index.php\/wp-json\/wp\/v2\/tags?post=58736"}],"curies":[{"name":"wp","href":"https:\/\/api.w.org\/{rel}","templated":true}]}}