{"id":58728,"date":"2026-01-15T11:04:44","date_gmt":"2026-01-15T14:04:44","guid":{"rendered":"https:\/\/bonettiassociados.com.br\/?p=58728"},"modified":"2026-01-15T11:04:44","modified_gmt":"2026-01-15T14:04:44","slug":"empresa-inadimplente-nao-pode-ser-impedida-de-emitir-notas-fiscais-decide-tj-sp","status":"publish","type":"post","link":"https:\/\/bonettiassociados.com.br\/index.php\/2026\/01\/15\/empresa-inadimplente-nao-pode-ser-impedida-de-emitir-notas-fiscais-decide-tj-sp\/","title":{"rendered":"EMPRESA INADIMPLENTE N\u00c3O PODE SER IMPEDIDA DE EMITIR NOTAS FISCAIS, DECIDE TJ-SP"},"content":{"rendered":"<p style=\"text-align: justify;\"><span style=\"font-family: arial, helvetica, sans-serif;\">A Lei Complementar estadual 1.320\/18, ao tratar do regime especial para contribuintes reiteradamente inadimplentes, estabelece apenas a possibilidade de ser necess\u00e1ria a autoriza\u00e7\u00e3o pr\u00e9via para a emiss\u00e3o e a escritura\u00e7\u00e3o de documentos fiscais, e n\u00e3o a suspens\u00e3o da emiss\u00e3o de qualquer nota fiscal pelo contribuinte.<!--more--><\/span><\/p>\n<p style=\"text-align: justify;\"><span style=\"font-family: arial, helvetica, sans-serif;\">Com esse fundamento, a 3\u00aa C\u00e2mara de Direito P\u00fablico do Tribunal de Justi\u00e7a de S\u00e3o Paulo determinou que uma empresa inadimplente de fabrica\u00e7\u00e3o e com\u00e9rcio de produtos qu\u00edmicos volte a emitir notas fiscais. Segundo os autos, ela foi impedida de emitir notas eletr\u00f4nicas ap\u00f3s ser enquadrada como inadimplente contumaz, de acordo com a Lei 1.320\/18.<\/span><\/p>\n<p style=\"text-align: justify;\"><span style=\"font-family: arial, helvetica, sans-serif;\">A companhia entrou com mandado de seguran\u00e7a contra a medida, sustentando a ilegalidade do bloqueio por entender que a restri\u00e7\u00e3o inviabiliza o exerc\u00edcio de sua atividade econ\u00f4mica e configura san\u00e7\u00e3o pol\u00edtica.<\/span><\/p>\n<p style=\"text-align: justify;\"><span style=\"font-family: arial, helvetica, sans-serif;\"><strong>Alternativas legais<\/strong><\/span><\/p>\n<p style=\"text-align: justify;\"><span style=\"font-family: arial, helvetica, sans-serif;\">Em seu voto, o relator do recurso, desembargador Kleber Leyser de Aquino, destacou que a veda\u00e7\u00e3o n\u00e3o \u00e9 uma medida razo\u00e1vel diante da exist\u00eancia de outros meios legais para assegurar o adimplemento, como inscri\u00e7\u00e3o em d\u00edvida ativa, ajuizamento de execu\u00e7\u00f5es fiscais, imposi\u00e7\u00e3o de multas e juros ou inclus\u00e3o em cadastros de inadimplentes.<\/span><\/p>\n<p style=\"text-align: justify;\"><span style=\"font-family: arial, helvetica, sans-serif;\">O magistrado salientou ainda que a restri\u00e7\u00e3o ultrapassa o car\u00e1ter de mera fiscaliza\u00e7\u00e3o ou penalidade leg\u00edtima e assume contornos de san\u00e7\u00e3o pol\u00edtica, medida expressamente repudiada pelo Supremo Tribunal Federal e que poderia levar a empresa a preju\u00edzos financeiros significativos.<\/span><\/p>\n<p style=\"text-align: justify;\"><span style=\"font-family: arial, helvetica, sans-serif;\">Os desembargadores Silvana Malandrino Mollo, Jos\u00e9 Luiz Gavi\u00e3o de Almeida, Camargo Pereira e Encinas Manfr\u00e9 tamb\u00e9m participaram do julgamento. Com informa\u00e7\u00f5es da assessoria de imprensa do TJ-SP.<\/span><\/p>\n<p style=\"text-align: justify;\"><span style=\"font-family: arial, helvetica, sans-serif;\"><strong>Clique <a href=\"https:\/\/www.conjur.com.br\/wp-content\/uploads\/2026\/01\/doc_189402602-1.pdf\">aqui<\/a> para ler o ac\u00f3rd\u00e3o<\/strong><\/span><\/p>\n<p style=\"text-align: justify;\"><span style=\"font-family: arial, helvetica, sans-serif;\"><strong>Processo 1013697-57.2025.8.26.0564<\/strong><\/span><\/p>\n<p style=\"text-align: justify;\"><span style=\"font-family: arial, helvetica, sans-serif;\"><strong>FONTE: CONSULTOR JUR\u00cdDICO <\/strong><\/span><\/p>\n<p style=\"text-align: justify;\"><span style=\"font-family: arial, helvetica, sans-serif;\"><strong>\u00a0<\/strong><\/span><\/p>\n<p><strong>\u00a0<\/strong><\/p>\n<p><strong>\u00a0<\/strong><\/p>\n<p><strong>\u00a0<\/strong><\/p>\n","protected":false},"excerpt":{"rendered":"<p>A Lei Complementar estadual 1.320\/18, ao tratar do regime especial [&hellip;]<\/p>\n","protected":false},"author":6,"featured_media":0,"comment_status":"closed","ping_status":"open","sticky":false,"template":"","format":"standard","meta":{"jetpack_post_was_ever_published":false,"_jetpack_newsletter_access":"","_jetpack_dont_email_post_to_subs":false,"_jetpack_newsletter_tier_id":0,"_jetpack_memberships_contains_paywalled_content":false,"footnotes":"","_jetpack_memberships_contains_paid_content":false,"jetpack_publicize_message":"","jetpack_publicize_feature_enabled":true,"jetpack_social_post_already_shared":true,"jetpack_social_options":{"image_generator_settings":{"template":"highway","enabled":false}}},"categories":[2],"tags":[],"jetpack_publicize_connections":[],"jetpack_featured_media_url":"","jetpack_sharing_enabled":true,"jetpack_shortlink":"https:\/\/wp.me\/paFpWR-fhe","_links":{"self":[{"href":"https:\/\/bonettiassociados.com.br\/index.php\/wp-json\/wp\/v2\/posts\/58728"}],"collection":[{"href":"https:\/\/bonettiassociados.com.br\/index.php\/wp-json\/wp\/v2\/posts"}],"about":[{"href":"https:\/\/bonettiassociados.com.br\/index.php\/wp-json\/wp\/v2\/types\/post"}],"author":[{"embeddable":true,"href":"https:\/\/bonettiassociados.com.br\/index.php\/wp-json\/wp\/v2\/users\/6"}],"replies":[{"embeddable":true,"href":"https:\/\/bonettiassociados.com.br\/index.php\/wp-json\/wp\/v2\/comments?post=58728"}],"version-history":[{"count":1,"href":"https:\/\/bonettiassociados.com.br\/index.php\/wp-json\/wp\/v2\/posts\/58728\/revisions"}],"predecessor-version":[{"id":58729,"href":"https:\/\/bonettiassociados.com.br\/index.php\/wp-json\/wp\/v2\/posts\/58728\/revisions\/58729"}],"wp:attachment":[{"href":"https:\/\/bonettiassociados.com.br\/index.php\/wp-json\/wp\/v2\/media?parent=58728"}],"wp:term":[{"taxonomy":"category","embeddable":true,"href":"https:\/\/bonettiassociados.com.br\/index.php\/wp-json\/wp\/v2\/categories?post=58728"},{"taxonomy":"post_tag","embeddable":true,"href":"https:\/\/bonettiassociados.com.br\/index.php\/wp-json\/wp\/v2\/tags?post=58728"}],"curies":[{"name":"wp","href":"https:\/\/api.w.org\/{rel}","templated":true}]}}