{"id":58693,"date":"2026-01-14T11:52:46","date_gmt":"2026-01-14T14:52:46","guid":{"rendered":"https:\/\/bonettiassociados.com.br\/?p=58693"},"modified":"2026-01-14T11:52:46","modified_gmt":"2026-01-14T14:52:46","slug":"recuperacao-judicial-no-agro-paternalismo-incentivos-errados-e-a-ma-noticia-de-2025","status":"publish","type":"post","link":"https:\/\/bonettiassociados.com.br\/index.php\/2026\/01\/14\/recuperacao-judicial-no-agro-paternalismo-incentivos-errados-e-a-ma-noticia-de-2025\/","title":{"rendered":"RECUPERA\u00c7\u00c3O JUDICIAL NO AGRO: PATERNALISMO, INCENTIVOS ERRADOS E A M\u00c1 NOT\u00cdCIA DE 2025"},"content":{"rendered":"<p style=\"text-align: justify;\"><span style=\"font-family: arial, helvetica, sans-serif;\">Vimos se consolidar um padr\u00e3o que incentiva litig\u00e2ncia oportunista e compromete a seguran\u00e7a jur\u00eddica.<\/span><\/p>\n<p style=\"text-align: justify;\"><!--more--><\/p>\n<p style=\"text-align: justify;\"><span style=\"font-family: arial, helvetica, sans-serif;\">O agroneg\u00f3cio brasileiro sempre foi descrito como um dos setores mais resilientes da economia. Cadeias produtivas sofisticadas, elevada produtividade, voca\u00e7\u00e3o exportadora e r\u00e1pida incorpora\u00e7\u00e3o tecnol\u00f3gica sustentaram essa narrativa por d\u00e9cadas.<\/span><\/p>\n<p style=\"text-align: justify;\"><span style=\"font-family: arial, helvetica, sans-serif;\">O ano de 2025, contudo, consolidou uma m\u00e1 not\u00edcia: a escalada de recupera\u00e7\u00f5es judiciais no setor, combinada com a forma como o instituto vem sendo aplicado no Centro-Oeste, exp\u00f4s um problema institucional que vai al\u00e9m de clima, c\u00e2mbio ou pre\u00e7os de commodities. Em um setor intensivo em cr\u00e9dito, garantias e contratos de execu\u00e7\u00e3o diferida, previsibilidade jur\u00eddica \u00e9 ativo t\u00e3o relevante quanto produtividade no campo.<\/span><\/p>\n<p style=\"text-align: justify;\"><span style=\"font-family: arial, helvetica, sans-serif;\">Sob a \u00f3tica da An\u00e1lise Econ\u00f4mica do Direito (que \u00e9 a ferramenta mais potente de teoria na \u00e1rea empresarial), a recupera\u00e7\u00e3o judicial n\u00e3o \u00e9 um direito subjetivo do devedor, nem uma pol\u00edtica agr\u00edcola disfar\u00e7ada. \u00c9 um mecanismo de coordena\u00e7\u00e3o coletiva desenhado para preservar valor quando a empresa em funcionamento vale mais do que sua liquida\u00e7\u00e3o imediata.<\/span><\/p>\n<p style=\"text-align: justify;\"><span style=\"font-family: arial, helvetica, sans-serif;\">Seu papel \u00e9 reduzir custos de transa\u00e7\u00e3o, evitar a corrida individual de credores e permitir renegocia\u00e7\u00e3o ordenada, com informa\u00e7\u00e3o confi\u00e1vel e horizonte temporal disciplinador. Quando essas premissas se perdem, o instituto deixa de preservar valor e passa a redistribuir perdas de forma opaca, gerando incentivos ruins.<\/span><\/p>\n<p style=\"text-align: justify;\"><span style=\"font-family: arial, helvetica, sans-serif;\">A l\u00f3gica do instituto exige tr\u00eas condi\u00e7\u00f5es: transpar\u00eancia informacional, disciplina temporal e racionalidade econ\u00f4mica e financeira do plano. O que se observou ao longo de 2025 foi o enfraquecimento desses par\u00e2metros, especialmente no agroneg\u00f3cio, por um padr\u00e3o decis\u00f3rio paternalista.<\/span><\/p>\n<p style=\"text-align: justify;\"><span style=\"font-family: arial, helvetica, sans-serif;\">O Judici\u00e1rio, valendo-se de uma ret\u00f3rica ampla de \u201cfun\u00e7\u00e3o social da empresa\u201d, tem tolerado estrat\u00e9gias que antecipam benef\u00edcios e postergam custos, sem o correspondente escrut\u00ednio de viabilidade. Invoca-se uma fun\u00e7\u00e3o social quase metaf\u00edsica (desconectada de produtividade, gera\u00e7\u00e3o de caixa e capacidade real de honrar compromissos) como se o processo fosse capaz de substituir governan\u00e7a, capitaliza\u00e7\u00e3o e reorganiza\u00e7\u00e3o econ\u00f4mica.<\/span><\/p>\n<p style=\"text-align: justify;\"><span style=\"font-family: arial, helvetica, sans-serif;\">O primeiro vetor dessa distor\u00e7\u00e3o \u00e9 a banaliza\u00e7\u00e3o de cautelares preparat\u00f3rias \u00e0 recupera\u00e7\u00e3o judicial. Medidas que deveriam ser excepcionais passaram a antecipar efeitos t\u00edpicos do processo recuperacional antes mesmo da verifica\u00e7\u00e3o de pressupostos econ\u00f4micos elementares.<\/span><\/p>\n<p style=\"text-align: justify;\"><span style=\"font-family: arial, helvetica, sans-serif;\">Em termos de incentivos, isso altera o c\u00e1lculo do agente: se \u00e9 poss\u00edvel obter prote\u00e7\u00e3o imediata com baixa exig\u00eancia probat\u00f3ria e baixa consequ\u00eancia reputacional, a cautelar deixa de ser exce\u00e7\u00e3o e vira estrat\u00e9gia. A crise vira atalho processual. E, no limite, o processo vira instrumento de gest\u00e3o de passivos, n\u00e3o de reestrutura\u00e7\u00e3o.<\/span><\/p>\n<p style=\"text-align: justify;\"><span style=\"font-family: arial, helvetica, sans-serif;\">O segundo vetor \u00e9 a prolifera\u00e7\u00e3o de pedidos reiterados de prorroga\u00e7\u00e3o. Seja na fase pr\u00e9-processual, seja ap\u00f3s o processamento, prazos s\u00e3o estendidos sucessivamente com justificativas gen\u00e9ricas, sem demonstra\u00e7\u00e3o concreta de reestrutura\u00e7\u00e3o operacional, venda de ativos, mudan\u00e7a de governan\u00e7a, aporte de capital ou renegocia\u00e7\u00e3o efetiva.<\/span><\/p>\n<p style=\"text-align: justify;\"><span style=\"font-family: arial, helvetica, sans-serif;\">O tempo, que deveria disciplinar, torna-se moeda do devedor. E o custo do tempo n\u00e3o \u00e9 neutro: recai sobre credores, fornecedores, trabalhadores e sobre a cadeia produtiva como um todo, que passa a operar sob incerteza prolongada e com informa\u00e7\u00e3o degradada.<\/span><\/p>\n<p style=\"text-align: justify;\"><span style=\"font-family: arial, helvetica, sans-serif;\">O terceiro vetor \u00e9 a toler\u00e2ncia com planos desprovidos de racionalidade econ\u00f4mica e financeira. Proje\u00e7\u00f5es de safra e pre\u00e7os futuros sem sensibilidade a cen\u00e1rios adversos, premissas de margem desconectadas da realidade, aus\u00eancia de medidas verific\u00e1veis de ajuste e simples alongamento de passivos substituem, na pr\u00e1tica, um plano de reestrutura\u00e7\u00e3o. Preserva-se a apar\u00eancia de atividade e adia-se a solu\u00e7\u00e3o.<\/span><\/p>\n<p style=\"text-align: justify;\"><span style=\"font-family: arial, helvetica, sans-serif;\">O processo se prolonga, a informa\u00e7\u00e3o se degrada e a recupera\u00e7\u00e3o judicial se converte em mecanismo de sobreviv\u00eancia artificial. A ret\u00f3rica da fun\u00e7\u00e3o social, aqui, opera como justificativa para manter em p\u00e9 o que j\u00e1 n\u00e3o se sustenta economicamente.<\/span><\/p>\n<p style=\"text-align: justify;\"><span style=\"font-family: arial, helvetica, sans-serif;\">No agroneg\u00f3cio, os efeitos sist\u00eamicos s\u00e3o severos porque o setor \u00e9 intensivo em cr\u00e9dito e contratos. Tradings, cooperativas, revendas, fornecedores de insumos, transportadores, seguradoras e institui\u00e7\u00f5es financeiras precificam risco com base em previsibilidade.<\/span><\/p>\n<p style=\"text-align: justify;\"><span style=\"font-family: arial, helvetica, sans-serif;\">Quando o sistema sinaliza que cautelares e prorroga\u00e7\u00f5es podem alongar indefinidamente a incerteza, a rea\u00e7\u00e3o \u00e9 racional: encarece o cr\u00e9dito, reduzem-se limites, encurtam-se prazos, aumentam-se exig\u00eancias de garantias e eleva-se o custo de capital para todo o sistema. O comportamento \u201cpaternalista\u201d n\u00e3o \u00e9 gr\u00e1tis: ele aparece, inevitavelmente, no pre\u00e7o do financiamento e na disponibilidade de liquidez.<\/span><\/p>\n<p style=\"text-align: justify;\"><span style=\"font-family: arial, helvetica, sans-serif;\">O dano tamb\u00e9m atinge o investimento. Projetos de armazenagem, irriga\u00e7\u00e3o, moderniza\u00e7\u00e3o log\u00edstica, transi\u00e7\u00e3o energ\u00e9tica e ado\u00e7\u00e3o de tecnologia dependem de capital paciente e de contratos est\u00e1veis. Se a percep\u00e7\u00e3o \u00e9 de risco institucional elevado (porque garantias podem ser neutralizadas sem crit\u00e9rio e planos inexequ\u00edveis podem ser mantidos por longos per\u00edodos) o investimento produtivo diminui. O pa\u00eds perde competitividade, e o custo se difunde: menos produtividade, menor expans\u00e3o, mais volatilidade e menor capacidade de planejamento.<\/span><\/p>\n<p style=\"text-align: justify;\"><span style=\"font-family: arial, helvetica, sans-serif;\">Nada disso significa negar choques reais enfrentados pelo campo. O ponto \u00e9 outro: recupera\u00e7\u00e3o judicial n\u00e3o pode funcionar como seguro impl\u00edcito contra decis\u00f5es empresariais malsucedidas, tampouco como pol\u00edtica p\u00fablica improvisada pelo Judici\u00e1rio.<\/span><\/p>\n<p style=\"text-align: justify;\"><span style=\"font-family: arial, helvetica, sans-serif;\">Se a sociedade deseja amortecer choques setoriais, deve faz\u00ea-lo por instrumentos transparentes, or\u00e7ament\u00e1rios e sujeitos a controle democr\u00e1tico, e n\u00e3o pela distor\u00e7\u00e3o de um mecanismo privado de insolv\u00eancia, que foi desenhado para selecionar empresas vi\u00e1veis e reorganiz\u00e1-las com base em informa\u00e7\u00e3o e disciplina.<\/span><\/p>\n<p style=\"text-align: justify;\"><span style=\"font-family: arial, helvetica, sans-serif;\">A m\u00e1 not\u00edcia de 2025, portanto, n\u00e3o foi apenas o aumento do n\u00famero de casos, mas a consolida\u00e7\u00e3o de um padr\u00e3o que incentiva litig\u00e2ncia oportunista (no jarg\u00e3o econ\u00f4mico), prolonga artificialmente processos e compromete a seguran\u00e7a jur\u00eddica. Recuperar a racionalidade do sistema exige cautelares realmente excepcionais e proporcionais, limites efetivos \u00e0s prorroga\u00e7\u00f5es sucessivas e, sobretudo, escrut\u00ednio econ\u00f4mico s\u00e9rio dos planos, com premissas realistas, governan\u00e7a adequada e m\u00e9tricas verific\u00e1veis.<\/span><\/p>\n<p style=\"text-align: justify;\"><span style=\"font-family: arial, helvetica, sans-serif;\">Sem isso, o agroneg\u00f3cio continuar\u00e1 pagando (em cr\u00e9dito, investimento e competitividade) o custo invis\u00edvel de uma \u201cfun\u00e7\u00e3o social\u201d que n\u00e3o tem respaldo na teoria econ\u00f4mica, administrativa ou financeira, afastando a pr\u00e1tica judicial da realidade empresarial.<\/span><\/p>\n<p style=\"text-align: justify;\"><span style=\"font-family: arial, helvetica, sans-serif;\">Tudo isso sem falar do d\u00e9ficit democr\u00e1tico de tais medidas excessivamente ativistas: n\u00e3o h\u00e1 mandato constitucional para interpreta\u00e7\u00e3o principiol\u00f3gica judicial que escape ao texto legal. Sobra ret\u00f3rica, faltam dados e evid\u00eancias. \u00c9 preciso que o rumo do Centro Oeste seja rapidamente corrigido pelas inst\u00e2ncias superiores do Poder Judici\u00e1rio.logo-jota<\/span><\/p>\n<p style=\"text-align: justify;\"><span style=\"font-family: arial, helvetica, sans-serif;\">Os artigos publicados pelo JOTA n\u00e3o refletem necessariamente a opini\u00e3o do site. Os textos buscam estimular o debate sobre temas importantes para o Pa\u00eds, sempre prestigiando a pluralidade de ideias.<\/span><\/p>\n<p style=\"text-align: justify;\"><span style=\"font-family: arial, helvetica, sans-serif;\"><strong>FONTE: JOTA \u2013 POR LUCIANO BENETTI TIMM<\/strong><\/span><\/p>\n","protected":false},"excerpt":{"rendered":"<p>Vimos se consolidar um padr\u00e3o que incentiva litig\u00e2ncia oportunista e [&hellip;]<\/p>\n","protected":false},"author":6,"featured_media":0,"comment_status":"closed","ping_status":"open","sticky":false,"template":"","format":"standard","meta":{"jetpack_post_was_ever_published":false,"_jetpack_newsletter_access":"","_jetpack_dont_email_post_to_subs":false,"_jetpack_newsletter_tier_id":0,"_jetpack_memberships_contains_paywalled_content":false,"footnotes":"","_jetpack_memberships_contains_paid_content":false,"jetpack_publicize_message":"","jetpack_publicize_feature_enabled":true,"jetpack_social_post_already_shared":true,"jetpack_social_options":{"image_generator_settings":{"template":"highway","enabled":false}}},"categories":[2],"tags":[],"jetpack_publicize_connections":[],"jetpack_featured_media_url":"","jetpack_sharing_enabled":true,"jetpack_shortlink":"https:\/\/wp.me\/paFpWR-fgF","_links":{"self":[{"href":"https:\/\/bonettiassociados.com.br\/index.php\/wp-json\/wp\/v2\/posts\/58693"}],"collection":[{"href":"https:\/\/bonettiassociados.com.br\/index.php\/wp-json\/wp\/v2\/posts"}],"about":[{"href":"https:\/\/bonettiassociados.com.br\/index.php\/wp-json\/wp\/v2\/types\/post"}],"author":[{"embeddable":true,"href":"https:\/\/bonettiassociados.com.br\/index.php\/wp-json\/wp\/v2\/users\/6"}],"replies":[{"embeddable":true,"href":"https:\/\/bonettiassociados.com.br\/index.php\/wp-json\/wp\/v2\/comments?post=58693"}],"version-history":[{"count":1,"href":"https:\/\/bonettiassociados.com.br\/index.php\/wp-json\/wp\/v2\/posts\/58693\/revisions"}],"predecessor-version":[{"id":58694,"href":"https:\/\/bonettiassociados.com.br\/index.php\/wp-json\/wp\/v2\/posts\/58693\/revisions\/58694"}],"wp:attachment":[{"href":"https:\/\/bonettiassociados.com.br\/index.php\/wp-json\/wp\/v2\/media?parent=58693"}],"wp:term":[{"taxonomy":"category","embeddable":true,"href":"https:\/\/bonettiassociados.com.br\/index.php\/wp-json\/wp\/v2\/categories?post=58693"},{"taxonomy":"post_tag","embeddable":true,"href":"https:\/\/bonettiassociados.com.br\/index.php\/wp-json\/wp\/v2\/tags?post=58693"}],"curies":[{"name":"wp","href":"https:\/\/api.w.org\/{rel}","templated":true}]}}