{"id":58690,"date":"2026-01-14T11:51:59","date_gmt":"2026-01-14T14:51:59","guid":{"rendered":"https:\/\/bonettiassociados.com.br\/?p=58690"},"modified":"2026-01-14T11:51:59","modified_gmt":"2026-01-14T14:51:59","slug":"stj-afasta-equiparacao-da-caixa-a-fazenda-publica-em-fixacao-de-honorarios","status":"publish","type":"post","link":"https:\/\/bonettiassociados.com.br\/index.php\/2026\/01\/14\/stj-afasta-equiparacao-da-caixa-a-fazenda-publica-em-fixacao-de-honorarios\/","title":{"rendered":"STJ AFASTA EQUIPARA\u00c7\u00c3O DA CAIXA \u00c0 FAZENDA P\u00daBLICA EM FIXA\u00c7\u00c3O DE HONOR\u00c1RIOS"},"content":{"rendered":"<p style=\"text-align: justify;\"><span style=\"font-family: arial, helvetica, sans-serif;\">Quando atua sob o regime de Direito Privado, a Caixa Econ\u00f4mica Federal n\u00e3o pode ser equiparada \u00e0 Fazenda P\u00fablica para fins de fixa\u00e7\u00e3o de honor\u00e1rios advocat\u00edcios. Esse foi o entendimento da 3\u00aa Turma do Superior Tribunal de Justi\u00e7a ao julgar um recurso envolvendo liquida\u00e7\u00e3o de senten\u00e7a decorrente de contrato de natureza privada.<\/span><\/p>\n<p style=\"text-align: justify;\"><!--more--><\/p>\n<p style=\"text-align: justify;\"><span style=\"font-family: arial, helvetica, sans-serif;\">Na mesma decis\u00e3o, o colegiado do STJ reafirmou que \u00e9 poss\u00edvel a fixa\u00e7\u00e3o de honor\u00e1rios na fase de liquida\u00e7\u00e3o de senten\u00e7a, desde que haja atua\u00e7\u00e3o adicional do advogado, sem que isso configure bis in idem (duplicidade).<\/span><\/p>\n<p style=\"text-align: justify;\"><span style=\"font-family: arial, helvetica, sans-serif;\">Na origem, foram fixados honor\u00e1rios com base nos percentuais previstos para a Fazenda P\u00fablica, o que motivou a interposi\u00e7\u00e3o de recursos tanto pela Caixa quanto por uma das partes vencedoras.<\/span><\/p>\n<p style=\"text-align: justify;\"><span style=\"font-family: arial, helvetica, sans-serif;\">Em seu voto, o relator da mat\u00e9ria no STJ, ministro Moura Ribeiro, afirmou que a Caixa, ao atuar em contrato de Direito Privado e sem exercer fun\u00e7\u00e3o p\u00fablica ou gest\u00e3o do FGTS, submete-se ao regime jur\u00eddico privado. Logo, n\u00e3o se aplicam os percentuais reduzidos previstos para a Fazenda P\u00fablica, devendo ser observada a regra geral do artigo 85 do C\u00f3digo de Processo Civil, que estabelece honor\u00e1rios entre 10% e 20% sobre o valor da condena\u00e7\u00e3o, do proveito econ\u00f4mico ou da causa.<\/span><\/p>\n<p style=\"text-align: justify;\"><span style=\"font-family: arial, helvetica, sans-serif;\">O relator tamb\u00e9m afastou a possibilidade de arbitramento por equidade, destacando que, em causas de elevado valor, deve prevalecer a aplica\u00e7\u00e3o dos percentuais legais, conforme o entendimento firmado no Tema 1.076 do STJ.<\/span><\/p>\n<p style=\"text-align: justify;\"><span style=\"font-family: arial, helvetica, sans-serif;\">Al\u00e9m disso, Moura Ribeiro afastou a alega\u00e7\u00e3o de negativa de presta\u00e7\u00e3o jurisdicional e rejeitou o argumento de que a condena\u00e7\u00e3o em honor\u00e1rios na liquida\u00e7\u00e3o configura duplicidade. Segundo ele, o artigo 85 do CPC autoriza a fixa\u00e7\u00e3o de honor\u00e1rios em todas as fases do processo, inclusive na liquida\u00e7\u00e3o, desde que comprovada a atua\u00e7\u00e3o adicional do advogado.<\/span><\/p>\n<p style=\"text-align: justify;\"><span style=\"font-family: arial, helvetica, sans-serif;\">O voto do magistrado foi acompanhado por todos os demais integrantes da 3\u00aa Turma \u2014 as ministras Daniela Teixeira e Nancy Andrighi e os ministros Humberto Martins e Ricardo Villas B\u00f4as Cueva.<\/span><\/p>\n<p style=\"text-align: justify;\"><span style=\"font-family: arial, helvetica, sans-serif;\"><strong>Clique <a href=\"https:\/\/www.conjur.com.br\/wp-content\/uploads\/2026\/01\/REsp_2164440_STJ_Acordao.pdf\">aqui<\/a> para ler o ac\u00f3rd\u00e3o<\/strong><\/span><\/p>\n<p style=\"text-align: justify;\"><span style=\"font-family: arial, helvetica, sans-serif;\"><strong>REsp 2.164.440<\/strong><\/span><\/p>\n<p style=\"text-align: justify;\"><span style=\"font-family: arial, helvetica, sans-serif;\"><strong>FONTE:\u00a0 CONSULTOR JUR\u00cdDICO &#8211; POR KARLA GAMBA<\/strong><\/span><\/p>\n","protected":false},"excerpt":{"rendered":"<p>Quando atua sob o regime de Direito Privado, a Caixa [&hellip;]<\/p>\n","protected":false},"author":6,"featured_media":0,"comment_status":"closed","ping_status":"open","sticky":false,"template":"","format":"standard","meta":{"jetpack_post_was_ever_published":false,"_jetpack_newsletter_access":"","_jetpack_dont_email_post_to_subs":false,"_jetpack_newsletter_tier_id":0,"_jetpack_memberships_contains_paywalled_content":false,"footnotes":"","_jetpack_memberships_contains_paid_content":false,"jetpack_publicize_message":"","jetpack_publicize_feature_enabled":true,"jetpack_social_post_already_shared":true,"jetpack_social_options":{"image_generator_settings":{"template":"highway","enabled":false}}},"categories":[2],"tags":[],"jetpack_publicize_connections":[],"jetpack_featured_media_url":"","jetpack_sharing_enabled":true,"jetpack_shortlink":"https:\/\/wp.me\/paFpWR-fgC","_links":{"self":[{"href":"https:\/\/bonettiassociados.com.br\/index.php\/wp-json\/wp\/v2\/posts\/58690"}],"collection":[{"href":"https:\/\/bonettiassociados.com.br\/index.php\/wp-json\/wp\/v2\/posts"}],"about":[{"href":"https:\/\/bonettiassociados.com.br\/index.php\/wp-json\/wp\/v2\/types\/post"}],"author":[{"embeddable":true,"href":"https:\/\/bonettiassociados.com.br\/index.php\/wp-json\/wp\/v2\/users\/6"}],"replies":[{"embeddable":true,"href":"https:\/\/bonettiassociados.com.br\/index.php\/wp-json\/wp\/v2\/comments?post=58690"}],"version-history":[{"count":2,"href":"https:\/\/bonettiassociados.com.br\/index.php\/wp-json\/wp\/v2\/posts\/58690\/revisions"}],"predecessor-version":[{"id":58692,"href":"https:\/\/bonettiassociados.com.br\/index.php\/wp-json\/wp\/v2\/posts\/58690\/revisions\/58692"}],"wp:attachment":[{"href":"https:\/\/bonettiassociados.com.br\/index.php\/wp-json\/wp\/v2\/media?parent=58690"}],"wp:term":[{"taxonomy":"category","embeddable":true,"href":"https:\/\/bonettiassociados.com.br\/index.php\/wp-json\/wp\/v2\/categories?post=58690"},{"taxonomy":"post_tag","embeddable":true,"href":"https:\/\/bonettiassociados.com.br\/index.php\/wp-json\/wp\/v2\/tags?post=58690"}],"curies":[{"name":"wp","href":"https:\/\/api.w.org\/{rel}","templated":true}]}}