{"id":58688,"date":"2026-01-14T11:51:27","date_gmt":"2026-01-14T14:51:27","guid":{"rendered":"https:\/\/bonettiassociados.com.br\/?p=58688"},"modified":"2026-01-14T11:51:27","modified_gmt":"2026-01-14T14:51:27","slug":"desembargador-suspende-taxa-do-ibama-com-base-em-novo-codigo-do-contribuinte","status":"publish","type":"post","link":"https:\/\/bonettiassociados.com.br\/index.php\/2026\/01\/14\/desembargador-suspende-taxa-do-ibama-com-base-em-novo-codigo-do-contribuinte\/","title":{"rendered":"DESEMBARGADOR SUSPENDE TAXA DO IBAMA COM BASE EM NOVO C\u00d3DIGO DO CONTRIBUINTE"},"content":{"rendered":"<p style=\"text-align: justify;\"><span style=\"font-family: arial, helvetica, sans-serif;\">A administra\u00e7\u00e3o tribut\u00e1ria deve presumir a boa-f\u00e9 do contribuinte nos \u00e2mbitos judicial e extrajudicial. Tal princ\u00edpio \u00e9 previsto no rec\u00e9m-aprovado C\u00f3digo de Defesa do Contribuinte \u2014 a Lei Complementar 225\/2026, que ficou conhecida como Lei do Devedor Contumaz.<\/span><span style=\"font-family: arial, helvetica, sans-serif;\"><strong>\u00a0<\/strong><\/span><!--more--><\/p>\n<p style=\"text-align: justify;\"><span style=\"font-family: arial, helvetica, sans-serif;\">Com base nesse entendimento, o desembargador Leandro Paulsen, do Tribunal Regional Federal da 4\u00aa Regi\u00e3o, acatou um agravo de instrumento para suspender uma taxa exigida pelo Instituto Brasileiro do Meio Ambiente e dos Recursos Naturais Renov\u00e1veis (Ibama) de uma holding imobili\u00e1ria de Brusque (SC).<\/span><\/p>\n<p style=\"text-align: justify;\"><span style=\"font-family: arial, helvetica, sans-serif;\">A empresa foi autuada pelo \u00f3rg\u00e3o ambiental para pagar a Taxa de Controle e Fiscaliza\u00e7\u00e3o Ambiental (TCFA) referente ao per\u00edodo entre 2015 e 2019. A holding alegou, na via administrativa, que a cobran\u00e7a \u00e9 indevida porque n\u00e3o exerce atividades potencialmente poluidoras que justifiquem a incid\u00eancia do tributo.<\/span><\/p>\n<p style=\"text-align: justify;\"><span style=\"font-family: arial, helvetica, sans-serif;\">Ainda assim, a empresa fez o dep\u00f3sito dos valores exigidos, mas contestou o d\u00e9bito na Justi\u00e7a. No entanto, o ju\u00edzo da 3\u00aa Vara Federal de Itaja\u00ed (SC) negou o pedido de liminar, argumentando que a documenta\u00e7\u00e3o apresentada era insuficiente para comprovar os fatos sem o contradit\u00f3rio e que o dep\u00f3sito judicial independe de autoriza\u00e7\u00e3o do juiz.<\/span><\/p>\n<p style=\"text-align: justify;\"><span style=\"font-family: arial, helvetica, sans-serif;\">No recurso ao tribunal regional, a empresa sustentou que o dep\u00f3sito integral, por si s\u00f3, garante a suspens\u00e3o da d\u00edvida, conforme o artigo 115 do C\u00f3digo Tribut\u00e1rio Nacional.<\/span><\/p>\n<p style=\"text-align: justify;\"><span style=\"font-family: arial, helvetica, sans-serif;\"><strong>Nova legisla\u00e7\u00e3o<\/strong><\/span><\/p>\n<p style=\"text-align: justify;\"><span style=\"font-family: arial, helvetica, sans-serif;\">O relator acolheu os argumentos, fundamentando a decis\u00e3o na Lei Complementar 225\/2026, publicada na semana anterior ao julgamento. O magistrado destacou que a nova legisla\u00e7\u00e3o imp\u00f5e o dever de presumir a veracidade das alega\u00e7\u00f5es do cidad\u00e3o que recorre ao Judici\u00e1rio, conforme o artigo 3\u00ba, inciso VII.<\/span><\/p>\n<p style=\"text-align: justify;\"><span style=\"font-family: arial, helvetica, sans-serif;\">\u201cA argumenta\u00e7\u00e3o da agravante evidencia probabilidade do direito, havendo-se, ademais, que presumir a boa-f\u00e9 do contribuinte quando litiga em ju\u00edzo e, portanto, que n\u00e3o esteja omitindo fatos relevantes nem alterando a verdade dos fatos\u201d, afirmou Paulsen.<\/span><\/p>\n<p style=\"text-align: justify;\"><span style=\"font-family: arial, helvetica, sans-serif;\">\u201cNesse sentido, \u00e9 a determina\u00e7\u00e3o constante do C\u00f3digo de Defesa do Contribuinte; presumindo-se a boa-f\u00e9 do contribuinte neste feito judicial e havendo probabilidade do direito e risco, justifica-se a antecipa\u00e7\u00e3o da tutela\u201d, concluiu o desembargador.<\/span><\/p>\n<p style=\"text-align: justify;\"><span style=\"font-family: arial, helvetica, sans-serif;\"><strong>Clique <a href=\"https:\/\/www.conjur.com.br\/wp-content\/uploads\/2026\/01\/Dec_Paulsen_TRF4_Ibama_LC225_26.pdf\">aqui<\/a> para ler a decis\u00e3o<\/strong><\/span><\/p>\n<p style=\"text-align: justify;\"><span style=\"font-family: arial, helvetica, sans-serif;\"><strong>Ag 5041309-87.2025.4.04.0000<\/strong><\/span><\/p>\n<p style=\"text-align: justify;\"><span style=\"font-family: arial, helvetica, sans-serif;\"><strong>FONTE: CONSULTOR JUR\u00cdDICO <\/strong><\/span><\/p>\n<p><strong>\u00a0<\/strong><\/p>\n<p><strong>\u00a0<\/strong><\/p>\n","protected":false},"excerpt":{"rendered":"<p>A administra\u00e7\u00e3o tribut\u00e1ria deve presumir a boa-f\u00e9 do contribuinte nos [&hellip;]<\/p>\n","protected":false},"author":6,"featured_media":0,"comment_status":"closed","ping_status":"open","sticky":false,"template":"","format":"standard","meta":{"jetpack_post_was_ever_published":false,"_jetpack_newsletter_access":"","_jetpack_dont_email_post_to_subs":false,"_jetpack_newsletter_tier_id":0,"_jetpack_memberships_contains_paywalled_content":false,"footnotes":"","_jetpack_memberships_contains_paid_content":false,"jetpack_publicize_message":"","jetpack_publicize_feature_enabled":true,"jetpack_social_post_already_shared":true,"jetpack_social_options":{"image_generator_settings":{"template":"highway","enabled":false}}},"categories":[2],"tags":[],"jetpack_publicize_connections":[],"jetpack_featured_media_url":"","jetpack_sharing_enabled":true,"jetpack_shortlink":"https:\/\/wp.me\/paFpWR-fgA","_links":{"self":[{"href":"https:\/\/bonettiassociados.com.br\/index.php\/wp-json\/wp\/v2\/posts\/58688"}],"collection":[{"href":"https:\/\/bonettiassociados.com.br\/index.php\/wp-json\/wp\/v2\/posts"}],"about":[{"href":"https:\/\/bonettiassociados.com.br\/index.php\/wp-json\/wp\/v2\/types\/post"}],"author":[{"embeddable":true,"href":"https:\/\/bonettiassociados.com.br\/index.php\/wp-json\/wp\/v2\/users\/6"}],"replies":[{"embeddable":true,"href":"https:\/\/bonettiassociados.com.br\/index.php\/wp-json\/wp\/v2\/comments?post=58688"}],"version-history":[{"count":1,"href":"https:\/\/bonettiassociados.com.br\/index.php\/wp-json\/wp\/v2\/posts\/58688\/revisions"}],"predecessor-version":[{"id":58689,"href":"https:\/\/bonettiassociados.com.br\/index.php\/wp-json\/wp\/v2\/posts\/58688\/revisions\/58689"}],"wp:attachment":[{"href":"https:\/\/bonettiassociados.com.br\/index.php\/wp-json\/wp\/v2\/media?parent=58688"}],"wp:term":[{"taxonomy":"category","embeddable":true,"href":"https:\/\/bonettiassociados.com.br\/index.php\/wp-json\/wp\/v2\/categories?post=58688"},{"taxonomy":"post_tag","embeddable":true,"href":"https:\/\/bonettiassociados.com.br\/index.php\/wp-json\/wp\/v2\/tags?post=58688"}],"curies":[{"name":"wp","href":"https:\/\/api.w.org\/{rel}","templated":true}]}}