{"id":58677,"date":"2026-01-14T11:48:35","date_gmt":"2026-01-14T14:48:35","guid":{"rendered":"https:\/\/bonettiassociados.com.br\/?p=58677"},"modified":"2026-01-14T11:48:35","modified_gmt":"2026-01-14T14:48:35","slug":"liberado-o-envio-de-eventos-de-folha-para-o-esocial-apos-publicacao-de-portaria-que-reajusta-valores-previdenciarios-em-2026","status":"publish","type":"post","link":"https:\/\/bonettiassociados.com.br\/index.php\/2026\/01\/14\/liberado-o-envio-de-eventos-de-folha-para-o-esocial-apos-publicacao-de-portaria-que-reajusta-valores-previdenciarios-em-2026\/","title":{"rendered":"LIBERADO O ENVIO DE EVENTOS DE FOLHA PARA O ESOCIAL AP\u00d3S PUBLICA\u00c7\u00c3O DE PORTARIA QUE REAJUSTA VALORES PREVIDENCI\u00c1RIOS EM 2026."},"content":{"rendered":"<p style=\"text-align: justify;\"><span style=\"font-family: arial, helvetica, sans-serif;\">Portaria Interministerial MPS\/MF n\u00ba 13, de 9 de janeiro de 2026, reajustou sal\u00e1rios de contribui\u00e7\u00e3o, al\u00e9m de benef\u00edcios e demais valores da Previd\u00eancia, dentre eles o sal\u00e1rio-fam\u00edlia. Empregadores j\u00e1 podem transmitir folhas de pagamento de janeiro\/2026.<\/span><\/p>\n<p style=\"text-align: justify;\"><!--more--><\/p>\n<p><img decoding=\"async\" loading=\"lazy\" class=\"alignleft size-full wp-image-58678\" src=\"http:\/\/bonettiassociados.com.br\/wp-content\/uploads\/2026\/01\/Imagem3.jpg\" alt=\"\" width=\"512\" height=\"352\" srcset=\"https:\/\/bonettiassociados.com.br\/wp-content\/uploads\/2026\/01\/Imagem3.jpg 512w, https:\/\/bonettiassociados.com.br\/wp-content\/uploads\/2026\/01\/Imagem3-300x206.jpg 300w\" sizes=\"(max-width: 512px) 100vw, 512px\" \/><\/p>\n<p>&nbsp;<\/p>\n<p style=\"text-align: justify;\"><span style=\"font-family: arial, helvetica, sans-serif;\">Foi publicada a <a href=\"https:\/\/www.in.gov.br\/en\/web\/dou\/-\/portaria-interministerial-mps\/mf-n-13-de-9-de-janeiro-de-2026-680382603\">Portaria Interministerial MPS\/MF n\u00ba 13, de 9 de janeiro de 2026<\/a>, do Minist\u00e9rio da Previd\u00eancia Social e do Minist\u00e9rio da Fazenda, que divulga a tabela de faixas para atribui\u00e7\u00e3o de al\u00edquotas previdenci\u00e1rias, bem como limite de sal\u00e1rios de contribui\u00e7\u00e3o ao INSS, al\u00e9m de reajustar os benef\u00edcios pagos pelo Instituto Nacional do Seguro Social (INSS) e os demais valores constantes do Regulamento da Previd\u00eancia Social (RPS).<\/span><\/p>\n<p style=\"text-align: justify;\"><span style=\"font-family: arial, helvetica, sans-serif;\">A cota de sal\u00e1rio-fam\u00edlia passou a ter o valor de R$ 67,54, sendo paga aos segurados com remunera\u00e7\u00e3o mensal n\u00e3o superior a R$ 1.980,38.<\/span><\/p>\n<p style=\"text-align: justify;\"><span style=\"font-family: arial, helvetica, sans-serif;\">A publica\u00e7\u00e3o da Portaria era aguardada para que fosse desbloqueado o envio dos eventos peri\u00f3dicos de janeiro\/2026 (folhas de pagamento) ao eSocial, uma vez que os c\u00e1lculos realizados pelo sistema se baseiam nesses valores. Com isso, os empregadores j\u00e1 podem enviar os eventos de remunera\u00e7\u00e3o ao eSocial referentes \u00e0 compet\u00eancia janeiro\/2026.<\/span><\/p>\n<p style=\"text-align: justify;\"><span style=\"font-family: arial, helvetica, sans-serif;\">Confira os novos valores das faixas de contribui\u00e7\u00e3o:<\/span><\/p>\n<table width=\"529\">\n<tbody>\n<tr>\n<td style=\"border-style: solid; border-color: #000000;\" width=\"245\"><span style=\"font-family: arial, helvetica, sans-serif;\">Sal\u00e1rio-de-contribui\u00e7\u00e3o (R$)<\/span><\/td>\n<td style=\"border-style: solid; border-color: #000000;\" width=\"283\"><span style=\"font-family: arial, helvetica, sans-serif;\">Al\u00edquota para fins de recolhimento ao INSS<\/span><\/td>\n<\/tr>\n<tr>\n<td style=\"border-style: solid; border-color: #000000;\" width=\"245\"><span style=\"font-family: arial, helvetica, sans-serif;\">at\u00e9\u00a01.621,00<\/span><\/td>\n<td style=\"border-style: solid; border-color: #000000;\" width=\"283\"><span style=\"font-family: arial, helvetica, sans-serif;\">7,5%<\/span><\/td>\n<\/tr>\n<tr>\n<td style=\"border-style: solid; border-color: #000000;\" width=\"245\"><span style=\"font-family: arial, helvetica, sans-serif;\">de\u00a01.621,01 at\u00e9 2.902,84<\/span><\/td>\n<td style=\"border-style: solid; border-color: #000000;\" width=\"283\"><span style=\"font-family: arial, helvetica, sans-serif;\">9%<\/span><\/td>\n<\/tr>\n<tr>\n<td style=\"border-style: solid; border-color: #000000;\" width=\"245\"><span style=\"font-family: arial, helvetica, sans-serif;\">de\u00a02.902,85 at\u00e9 4.354,27<\/span><\/td>\n<td style=\"border-style: solid; border-color: #000000;\" width=\"283\"><span style=\"font-family: arial, helvetica, sans-serif;\">12%<\/span><\/td>\n<\/tr>\n<tr>\n<td style=\"border-style: solid; border-color: #000000;\" width=\"245\"><span style=\"font-family: arial, helvetica, sans-serif;\">de\u00a04.354,28 at\u00e9 8.475,55<\/span><\/td>\n<td style=\"border-style: solid; border-color: #000000;\" width=\"283\"><span style=\"font-family: arial, helvetica, sans-serif;\">14%<\/span><\/td>\n<\/tr>\n<\/tbody>\n<\/table>\n<p style=\"text-align: justify;\"><span style=\"font-family: arial, helvetica, sans-serif;\"><strong>\u00a0<\/strong><\/span><\/p>\n<p style=\"text-align: justify;\"><span style=\"font-family: arial, helvetica, sans-serif;\">M\u00d3DULO SIMPLIFICADOS (Dom\u00e9stico, Segurado Especial e Microempreendedor Individual)<\/span><\/p>\n<p style=\"text-align: justify;\"><span style=\"font-family: arial, helvetica, sans-serif;\">Est\u00e1 liberada a folha de janeiro\/2026 para o M\u00f3dulo Dom\u00e9stico do eSocial, j\u00e1 atualizado inclusive com o novo valor do sal\u00e1rio-fam\u00edlia.<\/span><\/p>\n<p style=\"text-align: justify;\"><span style=\"font-family: arial, helvetica, sans-serif;\"><strong>ATEN\u00c7\u00c3O:<\/strong><\/span><\/p>\n<p style=\"text-align: justify;\"><span style=\"font-family: arial, helvetica, sans-serif;\">EVENTOS DE DESLIGAMENTO (S-2299) E T\u00c9RMINO DE TSVE (S-2399)<\/span><\/p>\n<p style=\"text-align: justify;\"><span style=\"font-family: arial, helvetica, sans-serif;\">A transmiss\u00e3o dos eventos de Desligamento (S-2299) e T\u00e9rmino do Trabalhador Sem V\u00ednculo de Emprego (S-2399) n\u00e3o foi bloqueada. Como a portaria com as novas al\u00edquotas foi publicada com vig\u00eancia retroativa a 01\/01\/2026, cabe ao empregador realizar, antes do fechamento da folha do m\u00eas de janeiro\/2026, a retifica\u00e7\u00e3o dos eventos que foram transmitidos antes da implanta\u00e7\u00e3o da altera\u00e7\u00e3o, para que os c\u00e1lculos passem a contemplar os valores atualizados pela portaria.<\/span><\/p>\n<p style=\"text-align: justify;\"><span style=\"font-family: arial, helvetica, sans-serif;\">Informa\u00e7\u00f5es do eSocial<\/span><\/p>\n<p style=\"text-align: justify;\"><span style=\"font-family: arial, helvetica, sans-serif;\"><strong>FONTE: FENACON \u2013 POR FERNADNO OLIVAN<\/strong><\/span><\/p>\n<p><strong>\u00a0<\/strong><\/p>\n<p><strong>\u00a0<\/strong><\/p>\n<p><strong>\u00a0<\/strong><\/p>\n","protected":false},"excerpt":{"rendered":"<p>Portaria Interministerial MPS\/MF n\u00ba 13, de 9 de janeiro de [&hellip;]<\/p>\n","protected":false},"author":6,"featured_media":0,"comment_status":"closed","ping_status":"open","sticky":false,"template":"","format":"standard","meta":{"jetpack_post_was_ever_published":false,"_jetpack_newsletter_access":"","_jetpack_dont_email_post_to_subs":false,"_jetpack_newsletter_tier_id":0,"_jetpack_memberships_contains_paywalled_content":false,"footnotes":"","_jetpack_memberships_contains_paid_content":false,"jetpack_publicize_message":"","jetpack_publicize_feature_enabled":true,"jetpack_social_post_already_shared":true,"jetpack_social_options":{"image_generator_settings":{"template":"highway","enabled":false}}},"categories":[2],"tags":[],"jetpack_publicize_connections":[],"jetpack_featured_media_url":"","jetpack_sharing_enabled":true,"jetpack_shortlink":"https:\/\/wp.me\/paFpWR-fgp","_links":{"self":[{"href":"https:\/\/bonettiassociados.com.br\/index.php\/wp-json\/wp\/v2\/posts\/58677"}],"collection":[{"href":"https:\/\/bonettiassociados.com.br\/index.php\/wp-json\/wp\/v2\/posts"}],"about":[{"href":"https:\/\/bonettiassociados.com.br\/index.php\/wp-json\/wp\/v2\/types\/post"}],"author":[{"embeddable":true,"href":"https:\/\/bonettiassociados.com.br\/index.php\/wp-json\/wp\/v2\/users\/6"}],"replies":[{"embeddable":true,"href":"https:\/\/bonettiassociados.com.br\/index.php\/wp-json\/wp\/v2\/comments?post=58677"}],"version-history":[{"count":3,"href":"https:\/\/bonettiassociados.com.br\/index.php\/wp-json\/wp\/v2\/posts\/58677\/revisions"}],"predecessor-version":[{"id":58681,"href":"https:\/\/bonettiassociados.com.br\/index.php\/wp-json\/wp\/v2\/posts\/58677\/revisions\/58681"}],"wp:attachment":[{"href":"https:\/\/bonettiassociados.com.br\/index.php\/wp-json\/wp\/v2\/media?parent=58677"}],"wp:term":[{"taxonomy":"category","embeddable":true,"href":"https:\/\/bonettiassociados.com.br\/index.php\/wp-json\/wp\/v2\/categories?post=58677"},{"taxonomy":"post_tag","embeddable":true,"href":"https:\/\/bonettiassociados.com.br\/index.php\/wp-json\/wp\/v2\/tags?post=58677"}],"curies":[{"name":"wp","href":"https:\/\/api.w.org\/{rel}","templated":true}]}}