{"id":58631,"date":"2026-01-13T10:27:57","date_gmt":"2026-01-13T13:27:57","guid":{"rendered":"https:\/\/bonettiassociados.com.br\/?p=58631"},"modified":"2026-01-13T10:27:57","modified_gmt":"2026-01-13T13:27:57","slug":"entenda-a-importancia-da-auditoria-na-compra-de-imoveis","status":"publish","type":"post","link":"https:\/\/bonettiassociados.com.br\/index.php\/2026\/01\/13\/entenda-a-importancia-da-auditoria-na-compra-de-imoveis\/","title":{"rendered":"ENTENDA A IMPORT\u00c2NCIA DA AUDITORIA NA COMPRA DE IM\u00d3VEIS"},"content":{"rendered":"<p style=\"text-align: justify;\"><span style=\"font-family: arial, helvetica, sans-serif;\">Medida pode evitar a responsabiliza\u00e7\u00e3o por d\u00edvidas vinculadas ao bem ou relacionadas a disputas judiciais.<\/span><\/p>\n<p style=\"text-align: justify;\"><!--more--><\/p>\n<p style=\"text-align: justify;\"><span style=\"font-family: arial, helvetica, sans-serif;\">A compra de um im\u00f3vel, seja ele a primeira resid\u00eancia, uma casa na praia ou ainda um bem para fins de investimento demanda um procedimento chamado pelos especialistas da \u00e1rea jur\u00eddica de <em>&#8220;due diligence<\/em>&#8220;, que seria, na pr\u00e1tica, uma auditoria do im\u00f3vel antes da aquisi\u00e7\u00e3o para evitar riscos. O bem pode estar envolvido, por exemplo, em disputas judiciais.<\/span><\/p>\n<p style=\"text-align: justify;\"><span style=\"font-family: arial, helvetica, sans-serif;\">&#8220;H\u00e1 d\u00edvidas que acompanham o pr\u00f3prio bem e n\u00e3o a pessoa&#8221;, diz Amanda Karolini Burg, advogada da \u00e1rea de Direito P\u00fablico Empresarial da Bornholdt Advogados. &#8220;Ou seja, o novo propriet\u00e1rio vai ser respons\u00e1vel indiretamente pela d\u00edvida&#8221;, acrescenta. S\u00e3o exemplos concretos as d\u00edvidas de IPTU e de taxas condominiais.<\/span><\/p>\n<p style=\"text-align: justify;\"><span style=\"font-family: arial, helvetica, sans-serif;\">No caso de financiamento, o banco pode ser respons\u00e1vel pela auditoria imobili\u00e1ria. &#8220;Mas em muitos casos, uma an\u00e1lise pr\u00f3pria, mais espec\u00edfica, pode ser recomendada&#8221;, alerta a especialista.<\/span><\/p>\n<p style=\"text-align: justify;\"><span style=\"font-family: arial, helvetica, sans-serif;\">A seguir, Amanda, mestre em Direito Econ\u00f4mico e Concorrencial (UFSC), aborda em quatro perguntas e respostas a import\u00e2ncia da auditoria imobili\u00e1ria:<\/span><\/p>\n<p style=\"text-align: justify;\"><span style=\"font-family: arial, helvetica, sans-serif;\"><strong>1 \u2013 O que \u00e9 a <em>&#8220;due diligence&#8221;<\/em> imobili\u00e1ria?<\/strong><\/span><\/p>\n<p style=\"text-align: justify;\"><span style=\"font-family: arial, helvetica, sans-serif;\">Trata-se de procedimento pr\u00e9vio \u00e0 aquisi\u00e7\u00e3o do im\u00f3vel, no qual s\u00e3o levantadas informa\u00e7\u00f5es t\u00e9cnicas, jur\u00eddicas e financeiras relativas ao bem e aos seus propriet\u00e1rios, com vistas \u00e0 apura\u00e7\u00e3o de sua regularidade.<\/span><\/p>\n<p style=\"text-align: justify;\"><span style=\"font-family: arial, helvetica, sans-serif;\">Podemos definir como uma esp\u00e9cie de auditoria financeira e jur\u00eddica do im\u00f3vel, em que se verifica a situa\u00e7\u00e3o do bem que vai ser transacionado e, muitas vezes, tamb\u00e9m a situa\u00e7\u00e3o dos propriet\u00e1rios.<\/span><\/p>\n<p style=\"text-align: justify;\"><span style=\"font-family: arial, helvetica, sans-serif;\">Entre outras informa\u00e7\u00f5es checadas, podemos citar, por exemplo, a an\u00e1lise da matr\u00edcula do im\u00f3vel para verificar eventuais restri\u00e7\u00f5es ao uso, se existem gravames e\/ou garantias vinculadas ao im\u00f3vel, a exist\u00eancia de d\u00edvidas relacionadas a ele, bem como a situa\u00e7\u00e3o fiscal do im\u00f3vel perante os \u00f3rg\u00e3os p\u00fablicos. Outro ponto que merece destaque \u00e9 a situa\u00e7\u00e3o financeira dos propriet\u00e1rios, dado o risco de afeta\u00e7\u00e3o do bem por d\u00edvidas.<\/span><\/p>\n<p style=\"text-align: justify;\"><span style=\"font-family: arial, helvetica, sans-serif;\"><strong>2 \u2013 Quem faz essa auditoria imobili\u00e1ria?<\/strong><\/span><\/p>\n<p style=\"text-align: justify;\"><span style=\"font-family: arial, helvetica, sans-serif;\">A an\u00e1lise de regularidade da opera\u00e7\u00e3o se d\u00e1 por meio de equipe interdisciplinar, normalmente liderada pelo setor jur\u00eddico, mas, muitas vezes, contando com o aux\u00edlio de profissionais da engenharia e da contabilidade, por exemplo. Embora a auditoria n\u00e3o precise, necessariamente, ser executada por um advogado, considerando a natureza das informa\u00e7\u00f5es analisadas, normalmente o setor jur\u00eddico det\u00e9m conhecimento mais amplo para analisar a opera\u00e7\u00e3o como um todo, garantindo maior seguran\u00e7a.<\/span><\/p>\n<p style=\"text-align: justify;\"><span style=\"font-family: arial, helvetica, sans-serif;\">O banco pode ser respons\u00e1vel pela auditoria imobili\u00e1ria, na hip\u00f3tese de financiamento. Entretanto, essa quest\u00e3o pode variar de institui\u00e7\u00e3o para institui\u00e7\u00e3o. Sendo assim, \u00e9 importante que o comprador verifique com o banco se ele faz essa an\u00e1lise e a profundidade da verifica\u00e7\u00e3o. Em muitos casos, uma an\u00e1lise pr\u00f3pria, mais espec\u00edfica, pode ser recomendada.<\/span><\/p>\n<p style=\"text-align: justify;\"><span style=\"font-family: arial, helvetica, sans-serif;\"><strong>3 \u2013 O que \u00e9 analisado no procedimento?<\/strong><\/span><\/p>\n<p style=\"text-align: justify;\"><span style=\"font-family: arial, helvetica, sans-serif;\">De maneira geral, a <em>due diligence<\/em> imobili\u00e1ria envolve a an\u00e1lise de informa\u00e7\u00f5es acerca da regularidade fiscal, registral e cadastral do bem e financeira dos vendedores, mediante an\u00e1lise e verifica\u00e7\u00e3o de certid\u00f5es, \u00f4nus, pend\u00eancias administrativas, a\u00e7\u00f5es judiciais, ind\u00edcios de insolv\u00eancia ou endividamento, quest\u00f5es familiares ou d\u00edvidas <em>&#8220;propter rem&#8221;.<\/em><\/span><\/p>\n<p style=\"text-align: justify;\"><span style=\"font-family: arial, helvetica, sans-serif;\">As d\u00edvidas <em>&#8220;propter rem&#8221;<\/em> s\u00e3o d\u00edvidas que acompanham o pr\u00f3prio bem e n\u00e3o a pessoa. Ent\u00e3o, mesmo que haja transfer\u00eancia da propriedade desse bem, a d\u00edvida continuar\u00e1 vinculada ao bem. Ou seja, o novo propriet\u00e1rio vai ser respons\u00e1vel \u201cindiretamente\u201d pela d\u00edvida, porque o im\u00f3vel \u00e9 respons\u00e1vel pela d\u00edvida. Em suma, se a d\u00edvida de tal natureza n\u00e3o for quitada previamente pelo vendedor, o comprador pode ser responsabilizado, at\u00e9 mesmo perdendo o im\u00f3vel.<\/span><\/p>\n<p style=\"text-align: justify;\"><span style=\"font-family: arial, helvetica, sans-serif;\"><strong>4- No caso de im\u00f3vel comercial, a auditoria imobili\u00e1ria inclui quest\u00f5es diferenciadas?<\/strong><\/span><\/p>\n<p style=\"text-align: justify;\"><span style=\"font-family: arial, helvetica, sans-serif;\">Em rela\u00e7\u00e3o \u00e0 aquisi\u00e7\u00e3o de im\u00f3vel para fins comerciais, recomenda-se uma an\u00e1lise mais detalhada. Para al\u00e9m da an\u00e1lise de matr\u00edculas, certid\u00f5es, regularidade fiscal do im\u00f3vel, exist\u00eancia de d\u00edvidas ou processos vinculados, um aprofundamento bastante<\/span><\/p>\n<p style=\"text-align: justify;\"><span style=\"font-family: arial, helvetica, sans-serif;\">interessante diz respeito ao uso e ocupa\u00e7\u00e3o do solo, por exemplo, bem como a quest\u00e3o relativa a alvar\u00e1s e licen\u00e7as, para que a atividade comercial possa ser exercida de forma plena no im\u00f3vel adquirido. Eventuais restri\u00e7\u00f5es ambientais tamb\u00e9m devem ser analisadas, bem como a estrutura eventualmente existente e a possibilidade de sua modifica\u00e7\u00e3o.<\/span><\/p>\n<p style=\"text-align: justify;\"><span style=\"font-family: arial, helvetica, sans-serif;\"><strong>FONTE: VALOR ECON\u00d4MICO <\/strong><\/span><\/p>\n<p><strong>\u00a0<\/strong><\/p>\n","protected":false},"excerpt":{"rendered":"<p>Medida pode evitar a responsabiliza\u00e7\u00e3o por d\u00edvidas vinculadas ao bem [&hellip;]<\/p>\n","protected":false},"author":6,"featured_media":0,"comment_status":"closed","ping_status":"open","sticky":false,"template":"","format":"standard","meta":{"jetpack_post_was_ever_published":false,"_jetpack_newsletter_access":"","_jetpack_dont_email_post_to_subs":false,"_jetpack_newsletter_tier_id":0,"_jetpack_memberships_contains_paywalled_content":false,"footnotes":"","_jetpack_memberships_contains_paid_content":false,"jetpack_publicize_message":"","jetpack_publicize_feature_enabled":true,"jetpack_social_post_already_shared":true,"jetpack_social_options":{"image_generator_settings":{"template":"highway","enabled":false}}},"categories":[2],"tags":[],"jetpack_publicize_connections":[],"jetpack_featured_media_url":"","jetpack_sharing_enabled":true,"jetpack_shortlink":"https:\/\/wp.me\/paFpWR-ffF","_links":{"self":[{"href":"https:\/\/bonettiassociados.com.br\/index.php\/wp-json\/wp\/v2\/posts\/58631"}],"collection":[{"href":"https:\/\/bonettiassociados.com.br\/index.php\/wp-json\/wp\/v2\/posts"}],"about":[{"href":"https:\/\/bonettiassociados.com.br\/index.php\/wp-json\/wp\/v2\/types\/post"}],"author":[{"embeddable":true,"href":"https:\/\/bonettiassociados.com.br\/index.php\/wp-json\/wp\/v2\/users\/6"}],"replies":[{"embeddable":true,"href":"https:\/\/bonettiassociados.com.br\/index.php\/wp-json\/wp\/v2\/comments?post=58631"}],"version-history":[{"count":1,"href":"https:\/\/bonettiassociados.com.br\/index.php\/wp-json\/wp\/v2\/posts\/58631\/revisions"}],"predecessor-version":[{"id":58632,"href":"https:\/\/bonettiassociados.com.br\/index.php\/wp-json\/wp\/v2\/posts\/58631\/revisions\/58632"}],"wp:attachment":[{"href":"https:\/\/bonettiassociados.com.br\/index.php\/wp-json\/wp\/v2\/media?parent=58631"}],"wp:term":[{"taxonomy":"category","embeddable":true,"href":"https:\/\/bonettiassociados.com.br\/index.php\/wp-json\/wp\/v2\/categories?post=58631"},{"taxonomy":"post_tag","embeddable":true,"href":"https:\/\/bonettiassociados.com.br\/index.php\/wp-json\/wp\/v2\/tags?post=58631"}],"curies":[{"name":"wp","href":"https:\/\/api.w.org\/{rel}","templated":true}]}}