{"id":58627,"date":"2026-01-13T10:26:57","date_gmt":"2026-01-13T13:26:57","guid":{"rendered":"https:\/\/bonettiassociados.com.br\/?p=58627"},"modified":"2026-01-13T10:40:35","modified_gmt":"2026-01-13T13:40:35","slug":"execucao-de-empresario-nao-atinge-conjuge-em-comunhao-universal-decide-stj","status":"publish","type":"post","link":"https:\/\/bonettiassociados.com.br\/index.php\/2026\/01\/13\/execucao-de-empresario-nao-atinge-conjuge-em-comunhao-universal-decide-stj\/","title":{"rendered":"EXECU\u00c7\u00c3O DE EMPRES\u00c1RIO N\u00c3O ATINGE C\u00d4NJUGE EM COMUNH\u00c3O UNIVERSAL, DECIDE STJ"},"content":{"rendered":"<p style=\"text-align: justify;\"><span style=\"font-family: arial, helvetica, sans-serif;\">A execu\u00e7\u00e3o de empres\u00e1rio individual submetido a recupera\u00e7\u00e3o judicial n\u00e3o pode prosseguir contra o c\u00f4njuge avalista se eles est\u00e3o casados sob comunh\u00e3o universal. Como esse regime implica uni\u00e3o patrimonial, a execu\u00e7\u00e3o estendida ao c\u00f4njuge poderia atingir recursos necess\u00e1rios \u00e0 reabilita\u00e7\u00e3o da atividade empresarial.<\/span><\/p>\n<p style=\"text-align: justify;\"><!--more--><\/p>\n<p style=\"text-align: justify;\"><span style=\"font-family: arial, helvetica, sans-serif;\">Com esse entendimento, a 3\u00aa Turma do Superior Tribunal de Justi\u00e7a negou o recurso especial de uma credora, empresa do agroneg\u00f3cio, e manteve a impossibilidade de expropriar bens de um empres\u00e1rio e sua mulher.<\/span><\/p>\n<p style=\"text-align: justify;\"><span style=\"font-family: arial, helvetica, sans-serif;\">O caso concreto envolve uma execu\u00e7\u00e3o de t\u00edtulo extrajudicial baseada em nota promiss\u00f3ria no valor de R$ 3,4 milh\u00f5es. O devedor principal \u00e9 um empres\u00e1rio individual que teve sua recupera\u00e7\u00e3o judicial deferida. A mulher dele tamb\u00e9m figurou no t\u00edtulo de cr\u00e9dito, na condi\u00e7\u00e3o de avalista. Devido ao processo de recupera\u00e7\u00e3o, a execu\u00e7\u00e3o foi suspensa na origem.<\/span><\/p>\n<p style=\"text-align: justify;\"><span style=\"font-family: arial, helvetica, sans-serif;\">Ap\u00f3s o encerramento da recupera\u00e7\u00e3o judicial, a credora solicitou a retomada da execu\u00e7\u00e3o. O Tribunal de Justi\u00e7a do Rio Grande do Sul, no entanto, negou o pedido, afirmando que o patrim\u00f4nio dos avalistas se confundia com o da empresa.<\/span><\/p>\n<p style=\"text-align: justify;\"><span style=\"font-family: arial, helvetica, sans-serif;\">No recurso ao STJ, a empresa alegou que a suspens\u00e3o n\u00e3o poderia ser eterna e que, conforme a jurisprud\u00eancia, a recupera\u00e7\u00e3o n\u00e3o deveria impedir a execu\u00e7\u00e3o contra coobrigados.<\/span><\/p>\n<p style=\"text-align: justify;\"><span style=\"font-family: arial, helvetica, sans-serif;\">A defesa, por outro lado, sustentou que, devido ao regime de comunh\u00e3o universal, qualquer expropria\u00e7\u00e3o contra a mulher do empres\u00e1rio atingiria o patrim\u00f4nio da atividade empresarial<strong>.<\/strong><\/span><\/p>\n<p style=\"text-align: justify;\"><span style=\"font-family: arial, helvetica, sans-serif;\"><strong>Patrim\u00f4nio \u00fanico<\/strong><\/span><\/p>\n<p style=\"text-align: justify;\"><span style=\"font-family: arial, helvetica, sans-serif;\">O relator no STJ, ministro Ricardo Villas B\u00f4as Cueva, explicou que a figura do empres\u00e1rio individual n\u00e3o possui distin\u00e7\u00e3o patrimonial entre a pessoa f\u00edsica e a jur\u00eddica. Como o casamento foi celebrado sob comunh\u00e3o universal, essa confus\u00e3o de bens se estende ao c\u00f4njuge, impedindo a separa\u00e7\u00e3o do que seria \u201cbem particular\u201d ou \u201cbem da empresa\u201d.<\/span><\/p>\n<p style=\"text-align: justify;\"><span style=\"font-family: arial, helvetica, sans-serif;\">\u201cN\u00e3o h\u00e1 como isolar, dentro do patrim\u00f4nio do empres\u00e1rio individual, determinados bens, os quais responderiam \u00e0s obriga\u00e7\u00f5es contra\u00eddas na atividade empresarial, enquanto outros, diretamente atrelados \u00e0 atividade comum da pessoa f\u00edsica, estariam protegidos do pagamento das d\u00edvidas. Trata-se de apenas um patrim\u00f4nio que responde a todos os credores\u201d, explicou o ministro.<\/span><\/p>\n<p style=\"text-align: justify;\"><span style=\"font-family: arial, helvetica, sans-serif;\">Segundo o ac\u00f3rd\u00e3o, permitir a execu\u00e7\u00e3o contra a avalista significaria atingir os mesmos bens que garantem o cumprimento do plano de recupera\u00e7\u00e3o judicial, o que beneficiaria um credor em detrimento dos demais sujeitos ao concurso.<\/span><\/p>\n<p style=\"text-align: justify;\"><span style=\"font-family: arial, helvetica, sans-serif;\">\u201cNa hip\u00f3tese de o cr\u00e9dito estar sujeito \u00e0 recupera\u00e7\u00e3o judicial, a execu\u00e7\u00e3o n\u00e3o pode prosseguir contra o empres\u00e1rio individual, nem tampouco contra a sua pessoa f\u00edsica, ainda que na condi\u00e7\u00e3o de avalista, pois atingir\u00e1 o mesmo patrim\u00f4nio que ser\u00e1 empregado para o pagamento dos demais credores submetidos ao plano\u201d, concluiu o ministro.<\/span><\/p>\n<p style=\"text-align: justify;\"><span style=\"font-family: arial, helvetica, sans-serif;\"><strong>Clique <a href=\"https:\/\/www.conjur.com.br\/wp-content\/uploads\/2026\/01\/STJ_REsp_2221144_Acordao.pdf\">aqui<\/a> para ler o ac\u00f3rd\u00e3o<\/strong><\/span><\/p>\n<p style=\"text-align: justify;\"><span style=\"font-family: arial, helvetica, sans-serif;\"><strong>REsp 2.221.144<\/strong><\/span><\/p>\n<p style=\"text-align: justify;\"><span style=\"font-family: arial, helvetica, sans-serif;\"><strong>FONTE: CONSULTOR JUR\u00cdDICO <\/strong><\/span><\/p>\n<p>&nbsp;<\/p>\n<p>&nbsp;<\/p>\n","protected":false},"excerpt":{"rendered":"<p>A execu\u00e7\u00e3o de empres\u00e1rio individual submetido a recupera\u00e7\u00e3o judicial n\u00e3o [&hellip;]<\/p>\n","protected":false},"author":6,"featured_media":0,"comment_status":"closed","ping_status":"open","sticky":false,"template":"","format":"standard","meta":{"jetpack_post_was_ever_published":false,"_jetpack_newsletter_access":"","_jetpack_dont_email_post_to_subs":false,"_jetpack_newsletter_tier_id":0,"_jetpack_memberships_contains_paywalled_content":false,"footnotes":"","_jetpack_memberships_contains_paid_content":false,"jetpack_publicize_message":"","jetpack_publicize_feature_enabled":true,"jetpack_social_post_already_shared":true,"jetpack_social_options":{"image_generator_settings":{"template":"highway","enabled":false}}},"categories":[2],"tags":[],"jetpack_publicize_connections":[],"jetpack_featured_media_url":"","jetpack_sharing_enabled":true,"jetpack_shortlink":"https:\/\/wp.me\/paFpWR-ffB","_links":{"self":[{"href":"https:\/\/bonettiassociados.com.br\/index.php\/wp-json\/wp\/v2\/posts\/58627"}],"collection":[{"href":"https:\/\/bonettiassociados.com.br\/index.php\/wp-json\/wp\/v2\/posts"}],"about":[{"href":"https:\/\/bonettiassociados.com.br\/index.php\/wp-json\/wp\/v2\/types\/post"}],"author":[{"embeddable":true,"href":"https:\/\/bonettiassociados.com.br\/index.php\/wp-json\/wp\/v2\/users\/6"}],"replies":[{"embeddable":true,"href":"https:\/\/bonettiassociados.com.br\/index.php\/wp-json\/wp\/v2\/comments?post=58627"}],"version-history":[{"count":3,"href":"https:\/\/bonettiassociados.com.br\/index.php\/wp-json\/wp\/v2\/posts\/58627\/revisions"}],"predecessor-version":[{"id":58636,"href":"https:\/\/bonettiassociados.com.br\/index.php\/wp-json\/wp\/v2\/posts\/58627\/revisions\/58636"}],"wp:attachment":[{"href":"https:\/\/bonettiassociados.com.br\/index.php\/wp-json\/wp\/v2\/media?parent=58627"}],"wp:term":[{"taxonomy":"category","embeddable":true,"href":"https:\/\/bonettiassociados.com.br\/index.php\/wp-json\/wp\/v2\/categories?post=58627"},{"taxonomy":"post_tag","embeddable":true,"href":"https:\/\/bonettiassociados.com.br\/index.php\/wp-json\/wp\/v2\/tags?post=58627"}],"curies":[{"name":"wp","href":"https:\/\/api.w.org\/{rel}","templated":true}]}}