{"id":58623,"date":"2026-01-13T10:25:36","date_gmt":"2026-01-13T13:25:36","guid":{"rendered":"https:\/\/bonettiassociados.com.br\/?p=58623"},"modified":"2026-01-13T10:25:36","modified_gmt":"2026-01-13T13:25:36","slug":"regulamentacao-prevista-no-plp-128-definira-alcance-de-excecoes-no-corte-de-beneficios","status":"publish","type":"post","link":"https:\/\/bonettiassociados.com.br\/index.php\/2026\/01\/13\/regulamentacao-prevista-no-plp-128-definira-alcance-de-excecoes-no-corte-de-beneficios\/","title":{"rendered":"REGULAMENTA\u00c7\u00c3O PREVISTA NO PLP 128 DEFINIR\u00c1 ALCANCE DE EXCE\u00c7\u00d5ES NO CORTE DE BENEF\u00cdCIOS"},"content":{"rendered":"<p style=\"text-align: justify;\"><span style=\"font-family: arial, helvetica, sans-serif;\">Para tributaristas, \u00e9 dif\u00edcil saber com exatid\u00e3o quais benef\u00edcios devem ser reduzidos e quais devem continuar como est\u00e3o.<\/span><!--more--><\/p>\n<p style=\"text-align: justify;\"><span style=\"font-family: arial, helvetica, sans-serif;\">Aprovado pelo Congresso em 18 de dezembro, o PLP 128\/2025 instituiu um corte nos incentivos fiscais, mas deixou em aberto o detalhamento final sobre as exce\u00e7\u00f5es. Segundo especialistas, o artigo 4\u00ba traz as ressalvas de forma ampla e deixa para a regulamenta\u00e7\u00e3o o alcance delas. Na pr\u00e1tica, para os tributaristas, \u00e9 dif\u00edcil saber com exatid\u00e3o quais benef\u00edcios devem ser reduzidos e quais devem continuar como est\u00e3o.<\/span><\/p>\n<p style=\"text-align: justify;\"><span style=\"font-family: arial, helvetica, sans-serif;\">O texto ainda depende de san\u00e7\u00e3o presidencial. Procurados, a Receita Federal e o Minist\u00e9rio da Fazenda n\u00e3o responderam sobre os prazos para publica\u00e7\u00e3o da regulamenta\u00e7\u00e3o nem sobre o instrumento normativo que deve ser utilizado.<\/span><\/p>\n<p style=\"text-align: justify;\"><span style=\"font-family: arial, helvetica, sans-serif;\"><a href=\"https:\/\/d335luupugsy2.cloudfront.net\/cms%2Ffiles%2F43248%2F1766763121PLP_128__regulamentacao_definira_alcance_de_excecoes_no_corte_de_beneficios.pdf\">Baixe gratuitamente o relat\u00f3rio especial &#8216;PLP 128: regulamenta\u00e7\u00e3o definir\u00e1 alcance de exce\u00e7\u00f5es no corte de benef\u00edcios&#8217;<\/a><\/span><\/p>\n<p style=\"text-align: justify;\"><span style=\"font-family: arial, helvetica, sans-serif;\">A leitura preliminar \u00e9 de que o PLP coloca como refer\u00eancia para aplica\u00e7\u00e3o dos cortes de 10% os benef\u00edcios listados no Demonstrativo de Gastos Tribut\u00e1rios (DGT) da PLOA 2026 e os relacionados expressamente no PLP. No entanto, como o pr\u00f3prio projeto estabelece exce\u00e7\u00f5es formuladas com alguns incisos postos de maneira gen\u00e9rica e o texto do or\u00e7amento ainda n\u00e3o foi sancionado, a reda\u00e7\u00e3o tem gerado diverg\u00eancias entre tributaristas sobre quais incentivos poder\u00e3o, na pr\u00e1tica, ser afastados da redu\u00e7\u00e3o.<\/span><\/p>\n<p style=\"text-align: justify;\"><span style=\"font-family: arial, helvetica, sans-serif;\">Advogados ouvidos pelo JOTA avaliam que, como regra geral, os benef\u00edcios listados no DGT tendem a ser alcan\u00e7ados pela redu\u00e7\u00e3o, salvo nos casos em que seja poss\u00edvel o enquadramento em alguma das exce\u00e7\u00f5es previstas no par\u00e1grafo 8\u00ba do artigo 4\u00ba. Clique aqui e leia a reportagem completa.<\/span><\/p>\n<p style=\"text-align: justify;\"><span style=\"font-family: arial, helvetica, sans-serif;\"><strong>FONTE: JOTA &#8211; POR DIANE BIKEL<\/strong><\/span><\/p>\n<p><strong>\u00a0<\/strong><\/p>\n","protected":false},"excerpt":{"rendered":"<p>Para tributaristas, \u00e9 dif\u00edcil saber com exatid\u00e3o quais benef\u00edcios devem [&hellip;]<\/p>\n","protected":false},"author":6,"featured_media":0,"comment_status":"closed","ping_status":"open","sticky":false,"template":"","format":"standard","meta":{"jetpack_post_was_ever_published":false,"_jetpack_newsletter_access":"","_jetpack_dont_email_post_to_subs":false,"_jetpack_newsletter_tier_id":0,"_jetpack_memberships_contains_paywalled_content":false,"footnotes":"","_jetpack_memberships_contains_paid_content":false,"jetpack_publicize_message":"","jetpack_publicize_feature_enabled":true,"jetpack_social_post_already_shared":true,"jetpack_social_options":{"image_generator_settings":{"template":"highway","enabled":false}}},"categories":[2],"tags":[],"jetpack_publicize_connections":[],"jetpack_featured_media_url":"","jetpack_sharing_enabled":true,"jetpack_shortlink":"https:\/\/wp.me\/paFpWR-ffx","_links":{"self":[{"href":"https:\/\/bonettiassociados.com.br\/index.php\/wp-json\/wp\/v2\/posts\/58623"}],"collection":[{"href":"https:\/\/bonettiassociados.com.br\/index.php\/wp-json\/wp\/v2\/posts"}],"about":[{"href":"https:\/\/bonettiassociados.com.br\/index.php\/wp-json\/wp\/v2\/types\/post"}],"author":[{"embeddable":true,"href":"https:\/\/bonettiassociados.com.br\/index.php\/wp-json\/wp\/v2\/users\/6"}],"replies":[{"embeddable":true,"href":"https:\/\/bonettiassociados.com.br\/index.php\/wp-json\/wp\/v2\/comments?post=58623"}],"version-history":[{"count":1,"href":"https:\/\/bonettiassociados.com.br\/index.php\/wp-json\/wp\/v2\/posts\/58623\/revisions"}],"predecessor-version":[{"id":58624,"href":"https:\/\/bonettiassociados.com.br\/index.php\/wp-json\/wp\/v2\/posts\/58623\/revisions\/58624"}],"wp:attachment":[{"href":"https:\/\/bonettiassociados.com.br\/index.php\/wp-json\/wp\/v2\/media?parent=58623"}],"wp:term":[{"taxonomy":"category","embeddable":true,"href":"https:\/\/bonettiassociados.com.br\/index.php\/wp-json\/wp\/v2\/categories?post=58623"},{"taxonomy":"post_tag","embeddable":true,"href":"https:\/\/bonettiassociados.com.br\/index.php\/wp-json\/wp\/v2\/tags?post=58623"}],"curies":[{"name":"wp","href":"https:\/\/api.w.org\/{rel}","templated":true}]}}