{"id":58253,"date":"2025-12-19T11:21:26","date_gmt":"2025-12-19T14:21:26","guid":{"rendered":"https:\/\/bonettiassociados.com.br\/?p=58253"},"modified":"2025-12-19T11:21:26","modified_gmt":"2025-12-19T14:21:26","slug":"receita-emite-nota-de-esclarecimento-sobre-retencao-do-ir-de-lucro-apurado-ate-2025","status":"publish","type":"post","link":"https:\/\/bonettiassociados.com.br\/index.php\/2025\/12\/19\/receita-emite-nota-de-esclarecimento-sobre-retencao-do-ir-de-lucro-apurado-ate-2025\/","title":{"rendered":"RECEITA EMITE NOTA DE ESCLARECIMENTO SOBRE RETEN\u00c7\u00c3O DO IR DE LUCRO APURADO AT\u00c9 2025"},"content":{"rendered":"<p style=\"text-align: justify;\"><span style=\"font-family: arial, helvetica, sans-serif;\">Em rela\u00e7\u00e3o \u00e0 reportagem \u201cQue imposto \u00e9 esse: decis\u00e3o da Justi\u00e7a pode dar mais tempo a empresa para apurar dividendo sem imposto\u201d, a Receita Federal informa que \u00e9 bastante simples garantir o direito \u00e0 n\u00e3o reten\u00e7\u00e3o do IRRF no caso de lucros apurados at\u00e9 2025, evitando transtornos caso a liminar mencionada na reportagem seja posteriormente revogada.<\/span><\/p>\n<p style=\"text-align: justify;\"><span style=\"font-family: arial, helvetica, sans-serif;\"><!--more--><\/span><\/p>\n<p style=\"text-align: justify;\"><span style=\"font-family: arial, helvetica, sans-serif;\">O documento <a href=\"https:\/\/fenacon.org.br\/noticias\/48220\/\">Perguntas e Respostas sobre a Tributa\u00e7\u00e3o de Altas Rendas<\/a>, publicado pela Receita Federal em 17\/12\/2025, foi elaborado ap\u00f3s di\u00e1logo com o Conselho Federal de Contabilidade e teve como objetivo responder aos questionamentos mais frequentes dos setores envolvidos, de forma clara, objetiva e plenamente alinhada \u00e0 normatiza\u00e7\u00e3o cont\u00e1bil vigente.<\/span><\/p>\n<p style=\"text-align: justify;\"><span style=\"font-family: arial, helvetica, sans-serif;\">O material busca orientar os contribuintes, conferir maior seguran\u00e7a jur\u00eddica e contribuir para a preven\u00e7\u00e3o de lit\u00edgios.<\/span><\/p>\n<p style=\"text-align: justify;\"><span style=\"font-family: arial, helvetica, sans-serif;\">No caso mencionado, basta elaborar balan\u00e7o intermedi\u00e1rio ou balancete de verifica\u00e7\u00e3o, viabilizando a frui\u00e7\u00e3o do direito \u00e0 n\u00e3o reten\u00e7\u00e3o do IR nos termos do item 9 do Perguntas e Respostas.<\/span><\/p>\n<p style=\"text-align: justify;\"><span style=\"font-family: arial, helvetica, sans-serif;\">Assim, mesmo no caso de liminar, a Receita Federal orienta e recomenda a seguir o procedimento acima, no esfor\u00e7o de coopera\u00e7\u00e3o e conformidade.<\/span><\/p>\n<p style=\"text-align: justify;\"><span style=\"font-family: arial, helvetica, sans-serif;\">Com informa\u00e7\u00f5es da Receita Federal<\/span><\/p>\n<p style=\"text-align: justify;\"><span style=\"font-family: arial, helvetica, sans-serif;\"><strong>FONTE: FENACON \u2013 POR FERNANDO OLIVAN <\/strong><\/span><\/p>\n<p><strong>\u00a0<\/strong><\/p>\n","protected":false},"excerpt":{"rendered":"<p>Em rela\u00e7\u00e3o \u00e0 reportagem \u201cQue imposto \u00e9 esse: decis\u00e3o da [&hellip;]<\/p>\n","protected":false},"author":6,"featured_media":0,"comment_status":"closed","ping_status":"open","sticky":false,"template":"","format":"standard","meta":{"jetpack_post_was_ever_published":false,"_jetpack_newsletter_access":"","_jetpack_dont_email_post_to_subs":false,"_jetpack_newsletter_tier_id":0,"_jetpack_memberships_contains_paywalled_content":false,"footnotes":"","_jetpack_memberships_contains_paid_content":false,"jetpack_publicize_message":"","jetpack_publicize_feature_enabled":true,"jetpack_social_post_already_shared":true,"jetpack_social_options":{"image_generator_settings":{"template":"highway","enabled":false}}},"categories":[2],"tags":[],"jetpack_publicize_connections":[],"jetpack_featured_media_url":"","jetpack_sharing_enabled":true,"jetpack_shortlink":"https:\/\/wp.me\/paFpWR-f9z","_links":{"self":[{"href":"https:\/\/bonettiassociados.com.br\/index.php\/wp-json\/wp\/v2\/posts\/58253"}],"collection":[{"href":"https:\/\/bonettiassociados.com.br\/index.php\/wp-json\/wp\/v2\/posts"}],"about":[{"href":"https:\/\/bonettiassociados.com.br\/index.php\/wp-json\/wp\/v2\/types\/post"}],"author":[{"embeddable":true,"href":"https:\/\/bonettiassociados.com.br\/index.php\/wp-json\/wp\/v2\/users\/6"}],"replies":[{"embeddable":true,"href":"https:\/\/bonettiassociados.com.br\/index.php\/wp-json\/wp\/v2\/comments?post=58253"}],"version-history":[{"count":1,"href":"https:\/\/bonettiassociados.com.br\/index.php\/wp-json\/wp\/v2\/posts\/58253\/revisions"}],"predecessor-version":[{"id":58254,"href":"https:\/\/bonettiassociados.com.br\/index.php\/wp-json\/wp\/v2\/posts\/58253\/revisions\/58254"}],"wp:attachment":[{"href":"https:\/\/bonettiassociados.com.br\/index.php\/wp-json\/wp\/v2\/media?parent=58253"}],"wp:term":[{"taxonomy":"category","embeddable":true,"href":"https:\/\/bonettiassociados.com.br\/index.php\/wp-json\/wp\/v2\/categories?post=58253"},{"taxonomy":"post_tag","embeddable":true,"href":"https:\/\/bonettiassociados.com.br\/index.php\/wp-json\/wp\/v2\/tags?post=58253"}],"curies":[{"name":"wp","href":"https:\/\/api.w.org\/{rel}","templated":true}]}}