{"id":58207,"date":"2025-12-18T10:27:25","date_gmt":"2025-12-18T13:27:25","guid":{"rendered":"https:\/\/bonettiassociados.com.br\/?p=58207"},"modified":"2025-12-18T10:27:25","modified_gmt":"2025-12-18T13:27:25","slug":"stf-adia-discussao-sobre-aumento-do-icms-para-fundo-de-combate-a-pobreza","status":"publish","type":"post","link":"https:\/\/bonettiassociados.com.br\/index.php\/2025\/12\/18\/stf-adia-discussao-sobre-aumento-do-icms-para-fundo-de-combate-a-pobreza\/","title":{"rendered":"STF ADIA DISCUSS\u00c3O SOBRE AUMENTO DO ICMS PARA FUNDO DE COMBATE \u00c0 POBREZA"},"content":{"rendered":"<p style=\"text-align: justify;\"><span style=\"font-family: arial, helvetica, sans-serif;\">O Plen\u00e1rio do Supremo Tribunal Federal decidiu, nesta quarta-feira (17\/12), adiar a discuss\u00e3o sobre o aumento das al\u00edquotas do ICMS para a destina\u00e7\u00e3o de um percentual ao Fundo de Combate \u00e0 Pobreza e \u00e0s Desigualdades Sociais. A corte julgava um caso do estado do Rio de Janeiro, onde o percentual do aumento, acima de 2%, \u00e9 destinado ao fundo no \u00e2mbito estadual.<\/span><\/p>\n<p style=\"text-align: justify;\"><!--more--><\/p>\n<p style=\"text-align: justify;\"><span style=\"font-family: arial, helvetica, sans-serif;\">Relator da mat\u00e9ria, o ministro Fl\u00e1vio Dino prop\u00f4s o adiamento com o argumento de que h\u00e1 outras a\u00e7\u00f5es em tramita\u00e7\u00e3o no tribunal sobre o mesmo assunto, relacionadas a outros estados, e que \u00e9 mais prudente que o Supremo aguarde para julg\u00e1-las conjuntamente.<\/span><\/p>\n<p style=\"text-align: justify;\"><span style=\"font-family: arial, helvetica, sans-serif;\">Dino citou a ADI 7.716, de relatoria do ministro Dias Toffoli, que estava no Plen\u00e1rio virtual e ser\u00e1 reiniciada no f\u00edsico por causa de um pedido de destaque do ministro Luiz Fux, em setembro. Ele afirmou ainda que a quest\u00e3o exige um debate diferente daquele ocorrido na fixa\u00e7\u00e3o da tese do Tema 745 \u2014 que estabeleceu como inconstitucional a cobran\u00e7a de al\u00edquota de ICMS em patamar superior ao das opera\u00e7\u00f5es em geral, considerando-se o car\u00e1ter essencial dos bens e servi\u00e7os.<\/span><\/p>\n<p style=\"text-align: justify;\"><span style=\"font-family: arial, helvetica, sans-serif;\">O relator tamb\u00e9m sugeriu que sejam promovidas conversas com os estados que s\u00e3o partes das a\u00e7\u00f5es no Supremo sobre o assunto. \u201cComo \u00e9 um tema de alta envergadura para os estados, proponho fazer reuni\u00f5es, e levar a sugest\u00e3o de fazer um s\u00f3 julgamento.\u201d<\/span><\/p>\n<p style=\"text-align: justify;\"><span style=\"font-family: arial, helvetica, sans-serif;\">A sugest\u00e3o foi acolhida pelos demais ministros e pelo presidente da corte, ministro Edson Fachin, que classificou a proposta como uma \u201charmonia decis\u00f3ria\u201d.<\/span><\/p>\n<p style=\"text-align: justify;\"><span style=\"font-family: arial, helvetica, sans-serif;\">A a\u00e7\u00e3o que estava em discuss\u00e3o foi proposta pela Procuradoria-Geral da Rep\u00fablica e questiona pontos da Lei estadual 8.643\/2019 do Rio de Janeiro, que aumentou as al\u00edquotas para servi\u00e7os de energia el\u00e9trica e comunica\u00e7\u00e3o. Nas sustenta\u00e7\u00f5es orais, a procuradora do estado do Rio Patr\u00edcia Campos Melo afirmou que \u201ctratar do ICMS principal \u00e9 diferente de tratar do adicional de ICMS, pois s\u00e3o bases normativas diferentes, destina\u00e7\u00f5es de recursos diferentes\u201d. A procuradora afirmou que o Supremo tem muita jurisprud\u00eancia sobre o ICMS principal seletivo, mas nenhuma sobre o adicional de ICMS para fins do Fundo de Combate \u00e0 Pobreza.<\/span><\/p>\n<p style=\"text-align: justify;\"><span style=\"font-family: arial, helvetica, sans-serif;\"><strong>ADI 7.077<\/strong><\/span><\/p>\n<p style=\"text-align: justify;\"><span style=\"font-family: arial, helvetica, sans-serif;\"><strong>FONTE: CONSULTOR JUR\u00cdDICO \u2013 POR KARLA GAMBA<\/strong><\/span><\/p>\n<p style=\"text-align: justify;\"><span style=\"font-family: arial, helvetica, sans-serif;\"><strong>\u00a0<\/strong><\/span><\/p>\n<p><strong>\u00a0<\/strong><\/p>\n<p><strong>\u00a0<\/strong><\/p>\n","protected":false},"excerpt":{"rendered":"<p>O Plen\u00e1rio do Supremo Tribunal Federal decidiu, nesta quarta-feira (17\/12), [&hellip;]<\/p>\n","protected":false},"author":6,"featured_media":0,"comment_status":"closed","ping_status":"open","sticky":false,"template":"","format":"standard","meta":{"jetpack_post_was_ever_published":false,"_jetpack_newsletter_access":"","_jetpack_dont_email_post_to_subs":false,"_jetpack_newsletter_tier_id":0,"_jetpack_memberships_contains_paywalled_content":false,"footnotes":"","_jetpack_memberships_contains_paid_content":false,"jetpack_publicize_message":"","jetpack_publicize_feature_enabled":true,"jetpack_social_post_already_shared":true,"jetpack_social_options":{"image_generator_settings":{"template":"highway","enabled":false}}},"categories":[2],"tags":[],"jetpack_publicize_connections":[],"jetpack_featured_media_url":"","jetpack_sharing_enabled":true,"jetpack_shortlink":"https:\/\/wp.me\/paFpWR-f8P","_links":{"self":[{"href":"https:\/\/bonettiassociados.com.br\/index.php\/wp-json\/wp\/v2\/posts\/58207"}],"collection":[{"href":"https:\/\/bonettiassociados.com.br\/index.php\/wp-json\/wp\/v2\/posts"}],"about":[{"href":"https:\/\/bonettiassociados.com.br\/index.php\/wp-json\/wp\/v2\/types\/post"}],"author":[{"embeddable":true,"href":"https:\/\/bonettiassociados.com.br\/index.php\/wp-json\/wp\/v2\/users\/6"}],"replies":[{"embeddable":true,"href":"https:\/\/bonettiassociados.com.br\/index.php\/wp-json\/wp\/v2\/comments?post=58207"}],"version-history":[{"count":1,"href":"https:\/\/bonettiassociados.com.br\/index.php\/wp-json\/wp\/v2\/posts\/58207\/revisions"}],"predecessor-version":[{"id":58208,"href":"https:\/\/bonettiassociados.com.br\/index.php\/wp-json\/wp\/v2\/posts\/58207\/revisions\/58208"}],"wp:attachment":[{"href":"https:\/\/bonettiassociados.com.br\/index.php\/wp-json\/wp\/v2\/media?parent=58207"}],"wp:term":[{"taxonomy":"category","embeddable":true,"href":"https:\/\/bonettiassociados.com.br\/index.php\/wp-json\/wp\/v2\/categories?post=58207"},{"taxonomy":"post_tag","embeddable":true,"href":"https:\/\/bonettiassociados.com.br\/index.php\/wp-json\/wp\/v2\/tags?post=58207"}],"curies":[{"name":"wp","href":"https:\/\/api.w.org\/{rel}","templated":true}]}}