{"id":58205,"date":"2025-12-18T10:26:54","date_gmt":"2025-12-18T13:26:54","guid":{"rendered":"https:\/\/bonettiassociados.com.br\/?p=58205"},"modified":"2025-12-18T10:26:54","modified_gmt":"2025-12-18T13:26:54","slug":"stj-impede-cobranca-de-taxa-de-segregacao-e-entrega-por-terminal-portuario","status":"publish","type":"post","link":"https:\/\/bonettiassociados.com.br\/index.php\/2025\/12\/18\/stj-impede-cobranca-de-taxa-de-segregacao-e-entrega-por-terminal-portuario\/","title":{"rendered":"STJ IMPEDE COBRAN\u00c7A DE TAXA DE SEGREGA\u00c7\u00c3O E ENTREGA POR TERMINAL PORTU\u00c1RIO"},"content":{"rendered":"<p style=\"text-align: justify;\"><span style=\"font-family: arial, helvetica, sans-serif;\">Exig\u00eancia foi considerada abusiva pelo ministro relator.<\/span><\/p>\n<p style=\"text-align: justify;\"><!--more--><\/p>\n<p style=\"text-align: justify;\"><span style=\"font-family: arial, helvetica, sans-serif;\">Por 3 votos a 2, a 2\u00aa Turma do Superior Tribunal de Justi\u00e7a (STJ) invalidou a cobran\u00e7a da taxa de segrega\u00e7\u00e3o e entrega de cont\u00eaineres (THC2) por terminal portu\u00e1rio. O resultado seguiu o entendimento do relator, ministro Gurgel de Faria, que acolheu o argumento do contribuinte sobre a abusividade da cobran\u00e7a destinada ao desembarque da carga do navio. Faria foi seguido por Regina Helena Costa e Paulo S\u00e9rgio Domingues.<\/span><\/p>\n<p style=\"text-align: justify;\"><span style=\"font-family: arial, helvetica, sans-serif;\">Em voto-vista, o ministro Benedito Gon\u00e7alves concordou com a tese da diverg\u00eancia aberta pelo ministro S\u00e9rgio Kukina, que votou pela legalidade da cobran\u00e7a. Para Gon\u00e7alves, a empresa n\u00e3o provou a alega\u00e7\u00e3o de abusividade dos pre\u00e7os praticados pelo terminal portu\u00e1rio ou concorr\u00eancia desleal. Ainda, afirmou que o tribunal de origem discordou que o recolhimento da THC2 configura dupla cobran\u00e7a, por, segundo o contribuinte, o servi\u00e7o j\u00e1 estar englobado na tarifa box rate (THC) tradicional, destinada ao desembarque da carga do navio.<\/span><\/p>\n<p style=\"text-align: justify;\"><span style=\"font-family: arial, helvetica, sans-serif;\">\u201cO tribunal de origem debru\u00e7ou-se sobre as provas dos autos, concluindo em sentido contr\u00e1rio, por verificar que a despeito da potencialidade do abuso, este n\u00e3o se concretizou no caso vertente\u201d, disse Gon\u00e7alves, ao pontuar que a S\u00famula 7 do STJ pro\u00edbe a rean\u00e1lise de provas.<\/span><\/p>\n<p style=\"text-align: justify;\"><span style=\"font-family: arial, helvetica, sans-serif;\">Restou ao ministro Domingues desempatar o placar. Ao acompanhar o relator, o magistrado afirmou que a quest\u00e3o deve ser \u201cresolvida no Congresso Nacional\u201d. \u201cSe formos analisar simplesmente sobre a quest\u00e3o de Direito Privado, de uma empresa contra a outra, teremos dezenas de a\u00e7\u00f5es, em dezenas de portos distintos do pa\u00eds, com cada uma podendo ter um resultado diferente\u201d, disse.<\/span><\/p>\n<p style=\"text-align: justify;\"><span style=\"font-family: arial, helvetica, sans-serif;\">Inicialmente, em mar\u00e7o, Gurgel de Faria defendeu o n\u00e3o conhecimento do recurso especial, mas ficou vencido. Desde que o m\u00e9rito entrou em pauta, em maio, dois pedidos de vista j\u00e1 suspenderam sua an\u00e1lise.<\/span><\/p>\n<p style=\"text-align: justify;\"><span style=\"font-family: arial, helvetica, sans-serif;\">O processo tramita como AREsp 1728913.<\/span><\/p>\n<p style=\"text-align: justify;\"><span style=\"font-family: arial, helvetica, sans-serif;\"><strong>FONTE: JOTA &#8211; POR KATARINA MORAES<\/strong><\/span><\/p>\n<p><strong>\u00a0<\/strong><\/p>\n<p><strong>\u00a0<\/strong><\/p>\n<p><strong>\u00a0<\/strong><\/p>\n","protected":false},"excerpt":{"rendered":"<p>Exig\u00eancia foi considerada abusiva pelo ministro relator.<\/p>\n","protected":false},"author":6,"featured_media":0,"comment_status":"closed","ping_status":"open","sticky":false,"template":"","format":"standard","meta":{"jetpack_post_was_ever_published":false,"_jetpack_newsletter_access":"","_jetpack_dont_email_post_to_subs":false,"_jetpack_newsletter_tier_id":0,"_jetpack_memberships_contains_paywalled_content":false,"footnotes":"","_jetpack_memberships_contains_paid_content":false,"jetpack_publicize_message":"","jetpack_publicize_feature_enabled":true,"jetpack_social_post_already_shared":true,"jetpack_social_options":{"image_generator_settings":{"template":"highway","enabled":false}}},"categories":[2],"tags":[],"jetpack_publicize_connections":[],"jetpack_featured_media_url":"","jetpack_sharing_enabled":true,"jetpack_shortlink":"https:\/\/wp.me\/paFpWR-f8N","_links":{"self":[{"href":"https:\/\/bonettiassociados.com.br\/index.php\/wp-json\/wp\/v2\/posts\/58205"}],"collection":[{"href":"https:\/\/bonettiassociados.com.br\/index.php\/wp-json\/wp\/v2\/posts"}],"about":[{"href":"https:\/\/bonettiassociados.com.br\/index.php\/wp-json\/wp\/v2\/types\/post"}],"author":[{"embeddable":true,"href":"https:\/\/bonettiassociados.com.br\/index.php\/wp-json\/wp\/v2\/users\/6"}],"replies":[{"embeddable":true,"href":"https:\/\/bonettiassociados.com.br\/index.php\/wp-json\/wp\/v2\/comments?post=58205"}],"version-history":[{"count":1,"href":"https:\/\/bonettiassociados.com.br\/index.php\/wp-json\/wp\/v2\/posts\/58205\/revisions"}],"predecessor-version":[{"id":58206,"href":"https:\/\/bonettiassociados.com.br\/index.php\/wp-json\/wp\/v2\/posts\/58205\/revisions\/58206"}],"wp:attachment":[{"href":"https:\/\/bonettiassociados.com.br\/index.php\/wp-json\/wp\/v2\/media?parent=58205"}],"wp:term":[{"taxonomy":"category","embeddable":true,"href":"https:\/\/bonettiassociados.com.br\/index.php\/wp-json\/wp\/v2\/categories?post=58205"},{"taxonomy":"post_tag","embeddable":true,"href":"https:\/\/bonettiassociados.com.br\/index.php\/wp-json\/wp\/v2\/tags?post=58205"}],"curies":[{"name":"wp","href":"https:\/\/api.w.org\/{rel}","templated":true}]}}