{"id":58170,"date":"2025-12-17T10:36:09","date_gmt":"2025-12-17T13:36:09","guid":{"rendered":"https:\/\/bonettiassociados.com.br\/?p=58170"},"modified":"2025-12-17T10:36:09","modified_gmt":"2025-12-17T13:36:09","slug":"empresa-de-sociedade-limitada-esta-sujeita-a-penhora-de-bens-de-trabalho","status":"publish","type":"post","link":"https:\/\/bonettiassociados.com.br\/index.php\/2025\/12\/17\/empresa-de-sociedade-limitada-esta-sujeita-a-penhora-de-bens-de-trabalho\/","title":{"rendered":"EMPRESA DE SOCIEDADE LIMITADA EST\u00c1 SUJEITA \u00c0 PENHORA DE BENS DE TRABALHO"},"content":{"rendered":"<p style=\"text-align: justify;\"><span style=\"font-family: arial, helvetica, sans-serif;\">Prevista no C\u00f3digo de Processo Civil, a proibi\u00e7\u00e3o da penhora de bens de trabalho restringe-se a pessoas f\u00edsicas e, excepcionalmente, a microempresas ou empresas de pequeno porte em que a atividade pessoal dos s\u00f3cios se confunda com a da pessoa jur\u00eddica. Empresas de sociedade limitada (Ltda) n\u00e3o est\u00e3o cobertas pelo benef\u00edcio.<\/span><\/p>\n<p style=\"text-align: justify;\"><!--more--><\/p>\n<p style=\"text-align: justify;\"><span style=\"font-family: arial, helvetica, sans-serif;\">Com base nesse entendimento, a ju\u00edza Alessandra Meneghetti, da 2\u00aa Vara de Cumprimentos de Senten\u00e7a C\u00edveis de Florian\u00f3polis, autorizou a penhora e a avalia\u00e7\u00e3o de todo o mobili\u00e1rio e equipamentos de inform\u00e1tica da sede de uma empresa de investimentos.<\/span><\/p>\n<p style=\"text-align: justify;\"><span style=\"font-family: arial, helvetica, sans-serif;\">A sociedade limitada \u00e9 alvo de uma execu\u00e7\u00e3o de t\u00edtulo extrajudicial. Diante da falta de pagamento espont\u00e2neo e da n\u00e3o indica\u00e7\u00e3o de bens pela devedora, um oficial de Justi\u00e7a fez dilig\u00eancia na sede da empresa, onde constatou uma estrutura em pleno funcionamento. A certid\u00e3o do oficial listou uma s\u00e9rie de bens, incluindo 18 esta\u00e7\u00f5es de trabalho, 15 computadores desktop, servidor de dados, aparelhos de ar condicionado de alta capacidade, televisores e mobili\u00e1rio corporativo.<\/span><\/p>\n<p style=\"text-align: justify;\"><span style=\"font-family: arial, helvetica, sans-serif;\">O credor pediu a penhora e remo\u00e7\u00e3o dos itens para leil\u00e3o, visando \u00e0 satisfa\u00e7\u00e3o do cr\u00e9dito.<\/span><\/p>\n<p style=\"text-align: justify;\"><span style=\"font-family: arial, helvetica, sans-serif;\">Ao analisar o pedido, a ju\u00edza afastou a possibilidade de blindagem patrimonial com base na essencialidade dos bens para a atividade econ\u00f4mica. Ela avaliou que a empresa n\u00e3o faz jus \u00e0 impenhorabilidade prevista no inciso V do artigo 833 do CPC.<\/span><\/p>\n<p style=\"text-align: justify;\"><span style=\"font-family: arial, helvetica, sans-serif;\">\u201cNo presente caso, trata-se de uma sociedade empresarial de responsabilidade limitada que n\u00e3o se classifica como microempresa ou empresa de pequeno porte. Portanto, \u00e9 invi\u00e1vel a aplica\u00e7\u00e3o da prote\u00e7\u00e3o legal prevista no artigo em quest\u00e3o\u201d, disse a julgadora. Ela destacou na decis\u00e3o julgados do Superior Tribunal de Justi\u00e7a e do pr\u00f3prio TJ-SC que se alinham a esse entendimento.<\/span><\/p>\n<p style=\"text-align: justify;\"><span style=\"font-family: arial, helvetica, sans-serif;\">O advogado Vitor Gomes Rodrigues de Mello representou o autor da execu\u00e7\u00e3o.<\/span><\/p>\n<p style=\"text-align: justify;\"><span style=\"font-family: arial, helvetica, sans-serif;\"><strong>Clique <a href=\"https:\/\/www.conjur.com.br\/wp-content\/uploads\/2025\/12\/ilovepdf_merged-39.pdf\">aqui<\/a> para ler a decis\u00e3o<\/strong><\/span><\/p>\n<p style=\"text-align: justify;\"><span style=\"font-family: arial, helvetica, sans-serif;\"><strong>Execu\u00e7\u00e3o de t\u00edtulo extrajudicial 5003011-73.2019.8.24.0023<\/strong><\/span><\/p>\n<p style=\"text-align: justify;\"><span style=\"font-family: arial, helvetica, sans-serif;\"><strong>FONTE: CONSULTOR JUR\u00cdDICO <\/strong><\/span><\/p>\n","protected":false},"excerpt":{"rendered":"<p>Prevista no C\u00f3digo de Processo Civil, a proibi\u00e7\u00e3o da penhora [&hellip;]<\/p>\n","protected":false},"author":6,"featured_media":0,"comment_status":"closed","ping_status":"open","sticky":false,"template":"","format":"standard","meta":{"jetpack_post_was_ever_published":false,"_jetpack_newsletter_access":"","_jetpack_dont_email_post_to_subs":false,"_jetpack_newsletter_tier_id":0,"_jetpack_memberships_contains_paywalled_content":false,"footnotes":"","_jetpack_memberships_contains_paid_content":false,"jetpack_publicize_message":"","jetpack_publicize_feature_enabled":true,"jetpack_social_post_already_shared":true,"jetpack_social_options":{"image_generator_settings":{"template":"highway","enabled":false}}},"categories":[2],"tags":[],"jetpack_publicize_connections":[],"jetpack_featured_media_url":"","jetpack_sharing_enabled":true,"jetpack_shortlink":"https:\/\/wp.me\/paFpWR-f8e","_links":{"self":[{"href":"https:\/\/bonettiassociados.com.br\/index.php\/wp-json\/wp\/v2\/posts\/58170"}],"collection":[{"href":"https:\/\/bonettiassociados.com.br\/index.php\/wp-json\/wp\/v2\/posts"}],"about":[{"href":"https:\/\/bonettiassociados.com.br\/index.php\/wp-json\/wp\/v2\/types\/post"}],"author":[{"embeddable":true,"href":"https:\/\/bonettiassociados.com.br\/index.php\/wp-json\/wp\/v2\/users\/6"}],"replies":[{"embeddable":true,"href":"https:\/\/bonettiassociados.com.br\/index.php\/wp-json\/wp\/v2\/comments?post=58170"}],"version-history":[{"count":1,"href":"https:\/\/bonettiassociados.com.br\/index.php\/wp-json\/wp\/v2\/posts\/58170\/revisions"}],"predecessor-version":[{"id":58171,"href":"https:\/\/bonettiassociados.com.br\/index.php\/wp-json\/wp\/v2\/posts\/58170\/revisions\/58171"}],"wp:attachment":[{"href":"https:\/\/bonettiassociados.com.br\/index.php\/wp-json\/wp\/v2\/media?parent=58170"}],"wp:term":[{"taxonomy":"category","embeddable":true,"href":"https:\/\/bonettiassociados.com.br\/index.php\/wp-json\/wp\/v2\/categories?post=58170"},{"taxonomy":"post_tag","embeddable":true,"href":"https:\/\/bonettiassociados.com.br\/index.php\/wp-json\/wp\/v2\/tags?post=58170"}],"curies":[{"name":"wp","href":"https:\/\/api.w.org\/{rel}","templated":true}]}}