{"id":56860,"date":"2025-11-06T10:07:34","date_gmt":"2025-11-06T13:07:34","guid":{"rendered":"https:\/\/bonettiassociados.com.br\/?p=56860"},"modified":"2025-11-06T10:07:34","modified_gmt":"2025-11-06T13:07:34","slug":"pl-propoe-nova-fase-do-programa-relp-para-parcelamento-de-dividas-apuradas-pelo-simples-nacional","status":"publish","type":"post","link":"https:\/\/bonettiassociados.com.br\/index.php\/2025\/11\/06\/pl-propoe-nova-fase-do-programa-relp-para-parcelamento-de-dividas-apuradas-pelo-simples-nacional\/","title":{"rendered":"PL PROP\u00d5E NOVA FASE DO PROGRAMA RELP PARA PARCELAMENTO DE D\u00cdVIDAS APURADAS PELO SIMPLES NACIONAL"},"content":{"rendered":"<p style=\"text-align: justify;\"><span style=\"font-family: arial, helvetica, sans-serif;\">Projeto reabre ades\u00e3o a programa de renegocia\u00e7\u00e3o de d\u00edvidas de micro e pequenas empresas, o Relp.<\/span><span style=\"font-family: arial, helvetica, sans-serif;\"><strong>\u00a0<\/strong><\/span><!--more--><\/p>\n<p style=\"text-align: justify;\"><span style=\"font-family: arial, helvetica, sans-serif;\">A C\u00e2mara dos Deputados est\u00e1 analisando o Projeto de Lei Complementar (PLP) 202\/24, que prev\u00ea uma nova fase para ades\u00e3o ao programa de parcelamento de d\u00edvidas de micro e pequenas empresas pelo Programa de Reescalonamento do Pagamento de D\u00e9bitos no \u00c2mbito do <strong>Simples Nacional<\/strong> (Relp), encerrado formalmente em 2022.<\/span><\/p>\n<p style=\"text-align: justify;\"><span style=\"font-family: arial, helvetica, sans-serif;\">O texto do PL prev\u00ea as seguintes regras para a nova fase do programa de parcelamento de d\u00edvidas Relp:<\/span><\/p>\n<ol style=\"text-align: justify;\">\n<li><span style=\"font-family: arial, helvetica, sans-serif;\">O alvo s\u00e3o os d\u00e9bitos posteriores a abril de 2022, at\u00e9 o m\u00eas anterior \u00e0 vig\u00eancia da futura lei;<\/span><\/li>\n<li><span style=\"font-family: arial, helvetica, sans-serif;\">O devedor dever\u00e1 pagar 12,5% da d\u00edvida total, sem redu\u00e7\u00f5es, em at\u00e9 oito parcelas mensais;<\/span><\/li>\n<li><span style=\"font-family: arial, helvetica, sans-serif;\">O saldo remanescente poder\u00e1 ser parcelado em at\u00e9 180 parcelas, com redu\u00e7\u00e3o de 65% dos juros e multas de mora, e de 75% dos encargos legais.<\/span><\/li>\n<\/ol>\n<p style=\"text-align: justify;\"><span style=\"font-family: arial, helvetica, sans-serif;\">O projeto ser\u00e1 analisado pelas comiss\u00f5es de Ind\u00fastria, Com\u00e9rcio e Servi\u00e7os; Finan\u00e7as e Tributa\u00e7\u00e3o; e Constitui\u00e7\u00e3o e Justi\u00e7a e de Cidadania (CCJ). Depois seguir\u00e1 para o Plen\u00e1rio. Para virar lei, a proposta precisa ser aprovada pela C\u00e2mara e pelo Senado.<\/span><\/p>\n<p style=\"text-align: justify;\"><span style=\"font-family: arial, helvetica, sans-serif;\">Se aprovada, a proposta altera a Lei Complementar 193\/22, que criou o Relp.<\/span><\/p>\n<p style=\"text-align: justify;\"><span style=\"font-family: arial, helvetica, sans-serif;\"><strong>Como funcionou o Relp<\/strong><\/span><\/p>\n<p style=\"text-align: justify;\"><span style=\"font-family: arial, helvetica, sans-serif;\">O Programa de Reescalonamento do Pagamento de D\u00e9bitos no \u00c2mbito do Simples Nacional (Relp) permitiu o pagamento de uma entrada, sem descontos, e o parcelamento do restante em at\u00e9 180 vezes, com redu\u00e7\u00e3o de at\u00e9 90% das multas e juros, dependendo do volume da perda de receita da empresa durante os meses de mar\u00e7o a dezembro de 2020 (calculado em rela\u00e7\u00e3o a 2019).<\/span><\/p>\n<p style=\"text-align: justify;\"><span style=\"font-family: arial, helvetica, sans-serif;\">Podiam aderir ao Relp Micro e pequenas empresas (ME e EPP) que possu\u00edam d\u00edvidas apuradas pelo Simples Nacional.<\/span><\/p>\n<p style=\"text-align: justify;\"><span style=\"font-family: arial, helvetica, sans-serif;\">Com informa\u00e7\u00f5es adaptadas Ag\u00eancia C\u00e2mara de Not\u00edcias<\/span><\/p>\n<p style=\"text-align: justify;\"><span style=\"font-family: arial, helvetica, sans-serif;\"><strong>FONTE: \u00a0CONT\u00c1BEIS &#8211; POR IZABELLA MIRANDA<\/strong><\/span><\/p>\n<p style=\"text-align: justify;\"><span style=\"font-family: arial, helvetica, sans-serif;\"><strong>\u00a0<\/strong><\/span><\/p>\n","protected":false},"excerpt":{"rendered":"<p>Projeto reabre ades\u00e3o a programa de renegocia\u00e7\u00e3o de d\u00edvidas de [&hellip;]<\/p>\n","protected":false},"author":6,"featured_media":0,"comment_status":"closed","ping_status":"open","sticky":false,"template":"","format":"standard","meta":{"jetpack_post_was_ever_published":false,"_jetpack_newsletter_access":"","_jetpack_dont_email_post_to_subs":false,"_jetpack_newsletter_tier_id":0,"_jetpack_memberships_contains_paywalled_content":false,"footnotes":"","_jetpack_memberships_contains_paid_content":false,"jetpack_publicize_message":"","jetpack_publicize_feature_enabled":true,"jetpack_social_post_already_shared":true,"jetpack_social_options":{"image_generator_settings":{"template":"highway","enabled":false}}},"categories":[2],"tags":[],"jetpack_publicize_connections":[],"jetpack_featured_media_url":"","jetpack_sharing_enabled":true,"jetpack_shortlink":"https:\/\/wp.me\/paFpWR-eN6","_links":{"self":[{"href":"https:\/\/bonettiassociados.com.br\/index.php\/wp-json\/wp\/v2\/posts\/56860"}],"collection":[{"href":"https:\/\/bonettiassociados.com.br\/index.php\/wp-json\/wp\/v2\/posts"}],"about":[{"href":"https:\/\/bonettiassociados.com.br\/index.php\/wp-json\/wp\/v2\/types\/post"}],"author":[{"embeddable":true,"href":"https:\/\/bonettiassociados.com.br\/index.php\/wp-json\/wp\/v2\/users\/6"}],"replies":[{"embeddable":true,"href":"https:\/\/bonettiassociados.com.br\/index.php\/wp-json\/wp\/v2\/comments?post=56860"}],"version-history":[{"count":1,"href":"https:\/\/bonettiassociados.com.br\/index.php\/wp-json\/wp\/v2\/posts\/56860\/revisions"}],"predecessor-version":[{"id":56861,"href":"https:\/\/bonettiassociados.com.br\/index.php\/wp-json\/wp\/v2\/posts\/56860\/revisions\/56861"}],"wp:attachment":[{"href":"https:\/\/bonettiassociados.com.br\/index.php\/wp-json\/wp\/v2\/media?parent=56860"}],"wp:term":[{"taxonomy":"category","embeddable":true,"href":"https:\/\/bonettiassociados.com.br\/index.php\/wp-json\/wp\/v2\/categories?post=56860"},{"taxonomy":"post_tag","embeddable":true,"href":"https:\/\/bonettiassociados.com.br\/index.php\/wp-json\/wp\/v2\/tags?post=56860"}],"curies":[{"name":"wp","href":"https:\/\/api.w.org\/{rel}","templated":true}]}}