{"id":540,"date":"2019-02-20T12:07:15","date_gmt":"2019-02-20T15:07:15","guid":{"rendered":"http:\/\/bonettiassociados.com.br\/?p=540"},"modified":"2019-02-20T12:07:15","modified_gmt":"2019-02-20T15:07:15","slug":"receita-federal-declara-inaptidao-de-mais-de-3-milhoes-de-cnpj","status":"publish","type":"post","link":"https:\/\/bonettiassociados.com.br\/index.php\/2019\/02\/20\/receita-federal-declara-inaptidao-de-mais-de-3-milhoes-de-cnpj\/","title":{"rendered":"RECEITA FEDERAL DECLARA INAPTID\u00c3O DE MAIS DE 3 MILH\u00d5ES DE CNPJ"},"content":{"rendered":"<p><span style=\"font-family: arial, helvetica, sans-serif;\">De acordo com a Instru\u00e7\u00e3o Normativa RFB n\u00ba 1.634, a inaptid\u00e3o do CNPJ produz diversos efeitos negativos para o contribuinte como a nulidade de documentos fiscais, invalidade da utiliza\u00e7\u00e3o da inscri\u00e7\u00e3o para fins cadastrais, entre outros.<\/span><\/p>\n<p><!--more--><\/p>\n<p><span style=\"font-family: arial, helvetica, sans-serif;\">Iniciado no ano passado, o processamento de inaptid\u00e3o de inscri\u00e7\u00f5es no Cadastro Nacional da Pessoa Jur\u00eddica (CNPJ) por aus\u00eancia de Declara\u00e7\u00e3o de D\u00e9bitos e Cr\u00e9ditos Tribut\u00e1rios Federais (DCTF) por, pelo menos, 2 (dois) exerc\u00edcios consecutivos entre os anos de 2013 a 2017, foi conclu\u00eddo.<\/span><\/p>\n<p><span style=\"font-family: arial, helvetica, sans-serif;\">Foram declarados inaptos 3.426.251 (tr\u00eas milh\u00f5es, quatrocentos e vinte e seis mil, duzentos e cinquenta e uma) inscri\u00e7\u00f5es no CNPJ, sendo que 116.847 (cento e dezesseis mil, oitocentos e quarenta e sete) inscri\u00e7\u00f5es tiveram a inaptid\u00e3o revertidas com a entrega das declara\u00e7\u00f5es omitidas.<\/span><\/p>\n<p><span style=\"font-family: arial, helvetica, sans-serif;\">Os pr\u00f3ximos passos ser\u00e3o a intensifica\u00e7\u00e3o da inaptid\u00e3o no CNPJ por aus\u00eancia de DCTF, compreendendo os anos de 2017 e 2018, da Declara\u00e7\u00e3o de Informa\u00e7\u00f5es Socioecon\u00f4micas e Fiscais (Defis), da Declara\u00e7\u00e3o Anual Simplificada para o Microempreendedor Individual (Dasn-Simei) e do Programa Gerador de Documento de Arrecada\u00e7\u00e3o do Simples Nacional \u2013 Declarat\u00f3rio (PGDAS-D) e Escritura\u00e7\u00e3o Cont\u00e1bil Fiscal (ECF).<\/span><\/p>\n<p><span style=\"font-family: arial, helvetica, sans-serif;\">A inaptid\u00e3o do CNPJ produz diversos efeitos para a pessoa jur\u00eddica, como a invalidade da utiliza\u00e7\u00e3o da inscri\u00e7\u00e3o para fins cadastrais, em especial nas institui\u00e7\u00f5es financeiras, podendo ocasionar o bloqueio de movimenta\u00e7\u00e3o e at\u00e9 o encerramento de contas; o impedimento de participar de novas inscri\u00e7\u00f5es; a possibilidade de baixa de of\u00edcio da inscri\u00e7\u00e3o; a nulidade de documentos fiscais e a responsabiliza\u00e7\u00e3o pessoal dos administradores pelos d\u00e9bitos em cobran\u00e7a.<\/span><\/p>\n<p><span style=\"font-family: arial, helvetica, sans-serif;\">Para se prevenir, evitando a declara\u00e7\u00e3o de inaptid\u00e3o, o contribuinte precisa entregar as escritura\u00e7\u00f5es fiscais e as declara\u00e7\u00f5es omitidas relativas aos \u00faltimos 5 anos. Se o contribuinte deixar omiss\u00f5es n\u00e3o regularizadas e que n\u00e3o configurem situa\u00e7\u00e3o de inaptid\u00e3o, estar\u00e1 sujeito \u00e0 intima\u00e7\u00e3o e ao agravamento das multas por atraso na entrega.<\/span><\/p>\n<p><span style=\"font-family: arial, helvetica, sans-serif;\"><strong>FONTE: Receita Federal<\/strong><\/span><\/p>\n","protected":false},"excerpt":{"rendered":"<p>De acordo com a Instru\u00e7\u00e3o Normativa RFB n\u00ba 1.634, a [&hellip;]<\/p>\n","protected":false},"author":6,"featured_media":0,"comment_status":"closed","ping_status":"open","sticky":false,"template":"","format":"standard","meta":{"jetpack_post_was_ever_published":false,"_jetpack_newsletter_access":"","_jetpack_dont_email_post_to_subs":false,"_jetpack_newsletter_tier_id":0,"_jetpack_memberships_contains_paywalled_content":false,"footnotes":"","_jetpack_memberships_contains_paid_content":false,"jetpack_publicize_message":"","jetpack_publicize_feature_enabled":true,"jetpack_social_post_already_shared":true,"jetpack_social_options":{"image_generator_settings":{"template":"highway","enabled":false}}},"categories":[2],"tags":[],"jetpack_publicize_connections":[],"jetpack_featured_media_url":"","jetpack_sharing_enabled":true,"jetpack_shortlink":"https:\/\/wp.me\/paFpWR-8I","_links":{"self":[{"href":"https:\/\/bonettiassociados.com.br\/index.php\/wp-json\/wp\/v2\/posts\/540"}],"collection":[{"href":"https:\/\/bonettiassociados.com.br\/index.php\/wp-json\/wp\/v2\/posts"}],"about":[{"href":"https:\/\/bonettiassociados.com.br\/index.php\/wp-json\/wp\/v2\/types\/post"}],"author":[{"embeddable":true,"href":"https:\/\/bonettiassociados.com.br\/index.php\/wp-json\/wp\/v2\/users\/6"}],"replies":[{"embeddable":true,"href":"https:\/\/bonettiassociados.com.br\/index.php\/wp-json\/wp\/v2\/comments?post=540"}],"version-history":[{"count":1,"href":"https:\/\/bonettiassociados.com.br\/index.php\/wp-json\/wp\/v2\/posts\/540\/revisions"}],"predecessor-version":[{"id":541,"href":"https:\/\/bonettiassociados.com.br\/index.php\/wp-json\/wp\/v2\/posts\/540\/revisions\/541"}],"wp:attachment":[{"href":"https:\/\/bonettiassociados.com.br\/index.php\/wp-json\/wp\/v2\/media?parent=540"}],"wp:term":[{"taxonomy":"category","embeddable":true,"href":"https:\/\/bonettiassociados.com.br\/index.php\/wp-json\/wp\/v2\/categories?post=540"},{"taxonomy":"post_tag","embeddable":true,"href":"https:\/\/bonettiassociados.com.br\/index.php\/wp-json\/wp\/v2\/tags?post=540"}],"curies":[{"name":"wp","href":"https:\/\/api.w.org\/{rel}","templated":true}]}}