{"id":45509,"date":"2024-11-29T10:30:18","date_gmt":"2024-11-29T13:30:18","guid":{"rendered":"https:\/\/bonettiassociados.com.br\/?p=45509"},"modified":"2024-11-29T10:30:18","modified_gmt":"2024-11-29T13:30:18","slug":"publicada-versao-10-1-0-do-programa-da-ecf","status":"publish","type":"post","link":"https:\/\/bonettiassociados.com.br\/index.php\/2024\/11\/29\/publicada-versao-10-1-0-do-programa-da-ecf\/","title":{"rendered":"PUBLICADA VERS\u00c3O 10.1.0 DO PROGRAMA DA ECF"},"content":{"rendered":"<p style=\"text-align: justify;\"><span style=\"font-family: arial, helvetica, sans-serif;\">Vers\u00e3o 10.1.0 do Programa da ECF v\u00e1lida para o ano-calend\u00e1rio 2023 e situa\u00e7\u00f5es especiais de 2024, e para os anos anteriores.<\/span><!--more--><\/p>\n<p style=\"text-align: justify;\"><span style=\"font-family: arial, helvetica, sans-serif;\">Foi publicada a vers\u00e3o 10.0.15 do programa da ECF, que deve ser utilizado para transmiss\u00f5es de arquivos da ECF referentes ao ano-calend\u00e1rio 2023 e situa\u00e7\u00f5es especiais de 2024 (leiaute 10), com as seguintes atualiza\u00e7\u00f5es:<\/span><\/p>\n<p style=\"text-align: justify;\"><span style=\"font-family: arial, helvetica, sans-serif;\">1 \u2013 Corre\u00e7\u00e3o do problema de impress\u00e3o dos dados da ECF; e<\/span><\/p>\n<p style=\"text-align: justify;\"><span style=\"font-family: arial, helvetica, sans-serif;\">2 \u2013 Melhorias no desempenho do programa.<\/span><\/p>\n<p style=\"text-align: justify;\"><span style=\"font-family: arial, helvetica, sans-serif;\">As instru\u00e7\u00f5es referentes ao leiaute 10 constam no Manual da ECF e no arquivo de Tabelas Din\u00e2micas, publicados no link http:\/\/sped.rfb.gov.br\/pasta\/show\/1644.<\/span><\/p>\n<p style=\"text-align: justify;\"><span style=\"font-family: arial, helvetica, sans-serif;\">A vers\u00e3o 10.0.15 tamb\u00e9m deve ser utilizada para transmiss\u00e3o de ECF referentes a anos-calend\u00e1rio anteriores (leiautes 1 a 9), sejam elas originais ou retificadoras.<\/span><\/p>\n<p style=\"text-align: justify;\"><span style=\"font-family: arial, helvetica, sans-serif;\">O programa est\u00e1 dispon\u00edvel no link abaixo, a partir da \u00e1rea de downloads do s\u00edtio do Sped: https:\/\/www.gov.br\/receitafederal\/pt-br\/assuntos\/orientacao-tributaria\/declaracoes-e-demonstrativos\/sped-sistema-publico-de-escrituracao-digital\/escrituracao-contabil-fiscal-ecf\/sped-programa-sped-contabil-fiscal<\/span><\/p>\n<p style=\"text-align: justify;\"><span style=\"font-family: arial, helvetica, sans-serif;\">Com informa\u00e7\u00f5es do Sped<\/span><\/p>\n<p style=\"text-align: justify;\"><span style=\"font-family: arial, helvetica, sans-serif;\"><strong>FONTE: FENACON &#8211; FERNANDO OLIVAN <\/strong><\/span><\/p>\n<p style=\"text-align: justify;\"><span style=\"font-family: arial, helvetica, sans-serif;\"><strong>\u00a0<\/strong><\/span><\/p>\n<p><strong>\u00a0<\/strong><\/p>\n","protected":false},"excerpt":{"rendered":"<p>Vers\u00e3o 10.1.0 do Programa da ECF v\u00e1lida para o ano-calend\u00e1rio [&hellip;]<\/p>\n","protected":false},"author":6,"featured_media":0,"comment_status":"closed","ping_status":"open","sticky":false,"template":"","format":"standard","meta":{"jetpack_post_was_ever_published":false,"_jetpack_newsletter_access":"","_jetpack_dont_email_post_to_subs":false,"_jetpack_newsletter_tier_id":0,"_jetpack_memberships_contains_paywalled_content":false,"footnotes":"","_jetpack_memberships_contains_paid_content":false,"jetpack_publicize_message":"","jetpack_publicize_feature_enabled":true,"jetpack_social_post_already_shared":true,"jetpack_social_options":{"image_generator_settings":{"template":"highway","enabled":false}}},"categories":[2],"tags":[],"jetpack_publicize_connections":[],"jetpack_featured_media_url":"","jetpack_sharing_enabled":true,"jetpack_shortlink":"https:\/\/wp.me\/paFpWR-bQ1","_links":{"self":[{"href":"https:\/\/bonettiassociados.com.br\/index.php\/wp-json\/wp\/v2\/posts\/45509"}],"collection":[{"href":"https:\/\/bonettiassociados.com.br\/index.php\/wp-json\/wp\/v2\/posts"}],"about":[{"href":"https:\/\/bonettiassociados.com.br\/index.php\/wp-json\/wp\/v2\/types\/post"}],"author":[{"embeddable":true,"href":"https:\/\/bonettiassociados.com.br\/index.php\/wp-json\/wp\/v2\/users\/6"}],"replies":[{"embeddable":true,"href":"https:\/\/bonettiassociados.com.br\/index.php\/wp-json\/wp\/v2\/comments?post=45509"}],"version-history":[{"count":1,"href":"https:\/\/bonettiassociados.com.br\/index.php\/wp-json\/wp\/v2\/posts\/45509\/revisions"}],"predecessor-version":[{"id":45510,"href":"https:\/\/bonettiassociados.com.br\/index.php\/wp-json\/wp\/v2\/posts\/45509\/revisions\/45510"}],"wp:attachment":[{"href":"https:\/\/bonettiassociados.com.br\/index.php\/wp-json\/wp\/v2\/media?parent=45509"}],"wp:term":[{"taxonomy":"category","embeddable":true,"href":"https:\/\/bonettiassociados.com.br\/index.php\/wp-json\/wp\/v2\/categories?post=45509"},{"taxonomy":"post_tag","embeddable":true,"href":"https:\/\/bonettiassociados.com.br\/index.php\/wp-json\/wp\/v2\/tags?post=45509"}],"curies":[{"name":"wp","href":"https:\/\/api.w.org\/{rel}","templated":true}]}}