{"id":4055,"date":"2019-08-22T10:28:53","date_gmt":"2019-08-22T13:28:53","guid":{"rendered":"http:\/\/bonettiassociados.com.br\/?p=4055"},"modified":"2019-08-22T10:28:53","modified_gmt":"2019-08-22T13:28:53","slug":"receita-supera-previsao-e-pode-haver-liberacao-de-recursos","status":"publish","type":"post","link":"https:\/\/bonettiassociados.com.br\/index.php\/2019\/08\/22\/receita-supera-previsao-e-pode-haver-liberacao-de-recursos\/","title":{"rendered":"RECEITA SUPERA PREVIS\u00c3O E PODE HAVER LIBERA\u00c7\u00c3O DE RECURSOS"},"content":{"rendered":"<p style=\"text-align: justify;\"><span style=\"font-family: arial, helvetica, sans-serif;\">Em julho, a arrecada\u00e7\u00e3o de tributos administrados pela Receita Federal (exclu\u00edda a contribui\u00e7\u00e3o para a Previd\u00eancia Social) ficou R$ 5 bilh\u00f5es acima do previsto na programa\u00e7\u00e3o or\u00e7ament\u00e1ria e financeira. A quantia \u00e9 l\u00edquida de restitui\u00e7\u00f5es e incentivos fiscais.<\/span><!--more--><\/p>\n<p style=\"text-align: justify;\"><span style=\"font-family: arial, helvetica, sans-serif;\">Com isso, o governo est\u00e1 em condi\u00e7\u00f5es de fazer um descontingenciamento das dota\u00e7\u00f5es or\u00e7ament\u00e1rias, tirando alguns minist\u00e9rios do sufoco financeiro em que se encontram, segundo fontes ouvidas pelo <u>Valor<\/u>.<\/span><\/p>\n<p style=\"text-align: justify;\"><span style=\"font-family: arial, helvetica, sans-serif;\">As receitas do Imposto de Renda das empresas e da Contribui\u00e7\u00e3o Social sobre o Lucro L\u00edquido (CSLL) foram as que mais cresceram. O aumento pode ter decorrido, em parte, de pagamentos extraordin\u00e1rios de empresas. Os dados oficiais sobre a arrecada\u00e7\u00e3o bruta em julho ser\u00e3o divulgados hoje pela Receita.<\/span><\/p>\n<p style=\"text-align: justify;\"><span style=\"font-family: arial, helvetica, sans-serif;\">Um levantamento no Siafi, o sistema eletr\u00f4nico que registra todas as receitas e despesas da Uni\u00e3o, feito pela economista Vilma da Concei\u00e7\u00e3o Pinto, do Ibre\/FGV, mostrou um crescimento real de 2,6% da receita bruta em julho na compara\u00e7\u00e3o com julho do ano passado. Nesse per\u00edodo, houve queda real de 10% na arrecada\u00e7\u00e3o do IPI e aumento de 2,2% na do PIS\/Pasep\/Cofins. No caso do Imposto de Renda das Pessoas Jur\u00eddicas houve alta de 23% e na CSLL, de 16,6%.<\/span><\/p>\n<p style=\"text-align: justify;\"><span style=\"font-family: arial, helvetica, sans-serif;\"><strong>Fonte: VALOR ECONOMICO \u2013 Ribamar Oliveira<\/strong><\/span><\/p>\n","protected":false},"excerpt":{"rendered":"<p>Em julho, a arrecada\u00e7\u00e3o de tributos administrados pela Receita Federal [&hellip;]<\/p>\n","protected":false},"author":6,"featured_media":0,"comment_status":"closed","ping_status":"open","sticky":false,"template":"","format":"standard","meta":{"jetpack_post_was_ever_published":false,"_jetpack_newsletter_access":"","_jetpack_dont_email_post_to_subs":false,"_jetpack_newsletter_tier_id":0,"_jetpack_memberships_contains_paywalled_content":false,"footnotes":"","_jetpack_memberships_contains_paid_content":false,"jetpack_publicize_message":"","jetpack_publicize_feature_enabled":true,"jetpack_social_post_already_shared":true,"jetpack_social_options":{"image_generator_settings":{"template":"highway","enabled":false}}},"categories":[2],"tags":[],"jetpack_publicize_connections":[],"jetpack_featured_media_url":"","jetpack_sharing_enabled":true,"jetpack_shortlink":"https:\/\/wp.me\/paFpWR-13p","_links":{"self":[{"href":"https:\/\/bonettiassociados.com.br\/index.php\/wp-json\/wp\/v2\/posts\/4055"}],"collection":[{"href":"https:\/\/bonettiassociados.com.br\/index.php\/wp-json\/wp\/v2\/posts"}],"about":[{"href":"https:\/\/bonettiassociados.com.br\/index.php\/wp-json\/wp\/v2\/types\/post"}],"author":[{"embeddable":true,"href":"https:\/\/bonettiassociados.com.br\/index.php\/wp-json\/wp\/v2\/users\/6"}],"replies":[{"embeddable":true,"href":"https:\/\/bonettiassociados.com.br\/index.php\/wp-json\/wp\/v2\/comments?post=4055"}],"version-history":[{"count":1,"href":"https:\/\/bonettiassociados.com.br\/index.php\/wp-json\/wp\/v2\/posts\/4055\/revisions"}],"predecessor-version":[{"id":4056,"href":"https:\/\/bonettiassociados.com.br\/index.php\/wp-json\/wp\/v2\/posts\/4055\/revisions\/4056"}],"wp:attachment":[{"href":"https:\/\/bonettiassociados.com.br\/index.php\/wp-json\/wp\/v2\/media?parent=4055"}],"wp:term":[{"taxonomy":"category","embeddable":true,"href":"https:\/\/bonettiassociados.com.br\/index.php\/wp-json\/wp\/v2\/categories?post=4055"},{"taxonomy":"post_tag","embeddable":true,"href":"https:\/\/bonettiassociados.com.br\/index.php\/wp-json\/wp\/v2\/tags?post=4055"}],"curies":[{"name":"wp","href":"https:\/\/api.w.org\/{rel}","templated":true}]}}