{"id":4048,"date":"2019-08-21T10:45:12","date_gmt":"2019-08-21T13:45:12","guid":{"rendered":"http:\/\/bonettiassociados.com.br\/?p=4048"},"modified":"2019-08-21T10:45:12","modified_gmt":"2019-08-21T13:45:12","slug":"mp-que-muda-coaf-para-o-banco-central-e-publicada-no-diario-oficial","status":"publish","type":"post","link":"https:\/\/bonettiassociados.com.br\/index.php\/2019\/08\/21\/mp-que-muda-coaf-para-o-banco-central-e-publicada-no-diario-oficial\/","title":{"rendered":"MP QUE MUDA COAF PARA O BANCO CENTRAL \u00c9 PUBLICADA NO DI\u00c1RIO OFICIAL"},"content":{"rendered":"<p style=\"text-align: justify;\"><span style=\"font-family: arial, helvetica, sans-serif;\">O conselho passa a ser chamado de Unidade de Intelig\u00eancia Financeira.<\/span><!--more--><\/p>\n<p style=\"text-align: justify;\"><span style=\"font-family: arial, helvetica, sans-serif;\">A medida provis\u00f3ria (MP) que transforma o Conselho de Controle de Atividades Financeiras (Coaf) em Unidade de Intelig\u00eancia Financeira, vinculada ao Banco Central (BC), est\u00e1 publicada no Di\u00e1rio Oficial da Uni\u00e3o desta ter\u00e7a-feira (20). De acordo com a MP, a unidade tem autonomia t\u00e9cnica e operacional e atua\u00e7\u00e3o em todo o territ\u00f3rio nacional.<\/span><\/p>\n<p style=\"text-align: justify;\"><span style=\"font-family: arial, helvetica, sans-serif;\">A Unidade de Intelig\u00eancia Financeira ser\u00e1 \u201crespons\u00e1vel por produzir e gerir informa\u00e7\u00f5es para a preven\u00e7\u00e3o e o combate \u00e0 lavagem de dinheiro, ao financiamento do terrorismo, ao financiamento da prolifera\u00e7\u00e3o de armas de destrui\u00e7\u00e3o em massa e promover a interlocu\u00e7\u00e3o institucional com \u00f3rg\u00e3os e entidades nacionais, estrangeiros e internacionais que tenham conex\u00e3o com a mat\u00e9ria\u201d, diz o texto do documento.<\/span><\/p>\n<p style=\"text-align: justify;\"><span style=\"font-family: arial, helvetica, sans-serif;\">O colegiado \u00e9 formado por um conselho deliberativo, com um presidente e, no m\u00ednimo, oito e, no m\u00e1ximo, 14 conselheiros, escolhidos entre \u201ccidad\u00e3os brasileiros com reputa\u00e7\u00e3o ilibada e reconhecidos conhecimentos em mat\u00e9ria de preven\u00e7\u00e3o e combate \u00e0 lavagem de dinheiro ao financiamento do terrorismo ou ao financiamento da prolifera\u00e7\u00e3o de armas de destrui\u00e7\u00e3o em massa\u201d; e um quadro t\u00e9cnico-administrativo composto por uma secretaria executiva e diretorias especializadas. Caber\u00e1 ao presidente do BC escolher o presidente do colegiado e seus conselheiros&#8221;.<\/span><\/p>\n<p style=\"text-align: justify;\"><span style=\"font-family: arial, helvetica, sans-serif;\">A MP prev\u00ea tamb\u00e9m, entre outras medidas, que a transfer\u00eancia dos servidores e empregados em exerc\u00edcio no Coaf para a unidade financeira n\u00e3o implicar\u00e1 altera\u00e7\u00e3o remunerat\u00f3ria.<\/span><\/p>\n<p style=\"text-align: justify;\"><span style=\"font-family: arial, helvetica, sans-serif;\"><u>Porta-voz<\/u><\/span><\/p>\n<p style=\"text-align: justify;\"><span style=\"font-family: arial, helvetica, sans-serif;\">Nessa segunda-feira (19), o porta-voz da Presid\u00eancia da Rep\u00fablica, Ot\u00e1vio Rego Barros, ao falar sobre a transfer\u00eancia do Coaf para o BC, disse que a mudan\u00e7a n\u00e3o tirar\u00e1 o car\u00e1ter colaborativo com outros \u00f3rg\u00e3os e manter\u00e1 o perfil de combate \u00e0 corrup\u00e7\u00e3o.<\/span><\/p>\n<p style=\"text-align: justify;\"><span style=\"font-family: arial, helvetica, sans-serif;\">\u201cEssa mudan\u00e7a n\u00e3o inviabilizar\u00e1 esse combate t\u00e3o importante. Foi dentro desse contexto que o presidente fez, por meio do assessoramento dos minist\u00e9rios da Economia e da Justi\u00e7a, essas pequenas modifica\u00e7\u00f5es a fim de, posicionando essa unidade de intelig\u00eancia financeira, obter dela a mais eficiente e eficaz a\u00e7\u00e3o\u201d, disse.<\/span><\/p>\n<p style=\"text-align: justify;\"><span style=\"font-family: arial, helvetica, sans-serif;\">Criado em 1998, no \u00e2mbito do Minist\u00e9rio da Fazenda, o Coaf \u00e9 uma \u00f3rg\u00e3o de intelig\u00eancia financeira do governo federal que atua principalmente na preven\u00e7\u00e3o e no combate \u00e0 lavagem de dinheiro.<\/span><\/p>\n<p style=\"text-align: justify;\"><span style=\"font-family: arial, helvetica, sans-serif;\">A reforma administrativa do governo do presidente Jair Bolsonaro previa a transfer\u00eancia do conselho para o Minist\u00e9rio da Justi\u00e7a e Seguran\u00e7a P\u00fablica. A medida, no entanto, foi rejeitada pelo Congresso Nacional, que manteve o \u00f3rg\u00e3o subordinado ao Minist\u00e9rio da Economia.<\/span><\/p>\n<p style=\"text-align: justify;\"><span style=\"font-family: arial, helvetica, sans-serif;\"><strong>Fonte: PORTAL CONTABEIS \u2013 Freitas<\/strong><\/span><\/p>\n","protected":false},"excerpt":{"rendered":"<p>O conselho passa a ser chamado de Unidade de Intelig\u00eancia [&hellip;]<\/p>\n","protected":false},"author":6,"featured_media":0,"comment_status":"closed","ping_status":"open","sticky":false,"template":"","format":"standard","meta":{"jetpack_post_was_ever_published":false,"_jetpack_newsletter_access":"","_jetpack_dont_email_post_to_subs":false,"_jetpack_newsletter_tier_id":0,"_jetpack_memberships_contains_paywalled_content":false,"footnotes":"","_jetpack_memberships_contains_paid_content":false,"jetpack_publicize_message":"","jetpack_publicize_feature_enabled":true,"jetpack_social_post_already_shared":true,"jetpack_social_options":{"image_generator_settings":{"template":"highway","enabled":false}}},"categories":[2],"tags":[],"jetpack_publicize_connections":[],"jetpack_featured_media_url":"","jetpack_sharing_enabled":true,"jetpack_shortlink":"https:\/\/wp.me\/paFpWR-13i","_links":{"self":[{"href":"https:\/\/bonettiassociados.com.br\/index.php\/wp-json\/wp\/v2\/posts\/4048"}],"collection":[{"href":"https:\/\/bonettiassociados.com.br\/index.php\/wp-json\/wp\/v2\/posts"}],"about":[{"href":"https:\/\/bonettiassociados.com.br\/index.php\/wp-json\/wp\/v2\/types\/post"}],"author":[{"embeddable":true,"href":"https:\/\/bonettiassociados.com.br\/index.php\/wp-json\/wp\/v2\/users\/6"}],"replies":[{"embeddable":true,"href":"https:\/\/bonettiassociados.com.br\/index.php\/wp-json\/wp\/v2\/comments?post=4048"}],"version-history":[{"count":1,"href":"https:\/\/bonettiassociados.com.br\/index.php\/wp-json\/wp\/v2\/posts\/4048\/revisions"}],"predecessor-version":[{"id":4049,"href":"https:\/\/bonettiassociados.com.br\/index.php\/wp-json\/wp\/v2\/posts\/4048\/revisions\/4049"}],"wp:attachment":[{"href":"https:\/\/bonettiassociados.com.br\/index.php\/wp-json\/wp\/v2\/media?parent=4048"}],"wp:term":[{"taxonomy":"category","embeddable":true,"href":"https:\/\/bonettiassociados.com.br\/index.php\/wp-json\/wp\/v2\/categories?post=4048"},{"taxonomy":"post_tag","embeddable":true,"href":"https:\/\/bonettiassociados.com.br\/index.php\/wp-json\/wp\/v2\/tags?post=4048"}],"curies":[{"name":"wp","href":"https:\/\/api.w.org\/{rel}","templated":true}]}}