{"id":4042,"date":"2019-08-21T10:33:43","date_gmt":"2019-08-21T13:33:43","guid":{"rendered":"http:\/\/bonettiassociados.com.br\/?p=4042"},"modified":"2019-08-21T10:33:43","modified_gmt":"2019-08-21T13:33:43","slug":"reforma-altera-aliquotas-de-contribuicao-a-previdencia","status":"publish","type":"post","link":"https:\/\/bonettiassociados.com.br\/index.php\/2019\/08\/21\/reforma-altera-aliquotas-de-contribuicao-a-previdencia\/","title":{"rendered":"REFORMA ALTERA AL\u00cdQUOTAS DE CONTRIBUI\u00c7\u00c3O \u00c0 PREVID\u00caNCIA"},"content":{"rendered":"<p style=\"text-align: justify;\"><span style=\"font-family: arial, helvetica, sans-serif;\">A reforma da Previd\u00eancia (PEC 6\/19) muda as al\u00edquotas de contribui\u00e7\u00e3o previdenci\u00e1ria, tanto do regime geral quanto do regime pr\u00f3prio. As novas al\u00edquotas, incidentes sobre faixas de remunera\u00e7\u00e3o, valer\u00e3o ap\u00f3s quatro meses.<\/span><!--more--><\/p>\n<p style=\"text-align: justify;\"><span style=\"font-family: arial, helvetica, sans-serif;\">A reforma da Previd\u00eancia (PEC 6\/19) muda as al\u00edquotas de contribui\u00e7\u00e3o previdenci\u00e1ria, tanto do regime geral quanto do regime pr\u00f3prio. As novas al\u00edquotas, incidentes sobre faixas de remunera\u00e7\u00e3o, valer\u00e3o ap\u00f3s quatro meses da publica\u00e7\u00e3o da futura emenda constitucional.<\/span><\/p>\n<p style=\"text-align: justify;\"><span style=\"font-family: arial, helvetica, sans-serif;\">Atualmente, os trabalhadores com carteira assinada pagam 8%, 9% ou 11%, segundo a faixa salarial at\u00e9 o teto do INSS (R$ 5.839,45 atualmente); enquanto os servidores federais pagam 11% sobre a remunera\u00e7\u00e3o total que recebem, exceto se participam de fundo complementar (Funpresp), quando contribuem sobre esse teto.<\/span><\/p>\n<p style=\"text-align: justify;\"><span style=\"font-family: arial, helvetica, sans-serif;\">Segundo o texto, at\u00e9 que entre em vigor uma lei fixando as al\u00edquotas, elas ser\u00e3o divididas em oito faixas, aplic\u00e1veis sobre o sal\u00e1rio de contribui\u00e7\u00e3o:<\/span><\/p>\n<p style=\"text-align: justify;\"><span style=\"font-family: arial, helvetica, sans-serif;\">&#8211; at\u00e9 um sal\u00e1rio m\u00ednimo: 7,5%<\/span><\/p>\n<p style=\"text-align: justify;\"><span style=\"font-family: arial, helvetica, sans-serif;\">&#8211; mais de um sal\u00e1rio m\u00ednimo at\u00e9 R$ 2 mil: 9%<\/span><\/p>\n<p style=\"text-align: justify;\"><span style=\"font-family: arial, helvetica, sans-serif;\">&#8211; de R$ 2.000,01 a R$ 3 mil: 12%<\/span><\/p>\n<p style=\"text-align: justify;\"><span style=\"font-family: arial, helvetica, sans-serif;\">&#8211; de R$ 3.000,01 a R$ 5.839,45: 14%<\/span><\/p>\n<p style=\"text-align: justify;\"><span style=\"font-family: arial, helvetica, sans-serif;\">&#8211; de R$ 5.839,46 a R$ 10 mil: 14,5%<\/span><\/p>\n<p style=\"text-align: justify;\"><span style=\"font-family: arial, helvetica, sans-serif;\">&#8211; de R$ 10.000,01 a R$ 20 mil: 16,5%<\/span><\/p>\n<p style=\"text-align: justify;\"><span style=\"font-family: arial, helvetica, sans-serif;\">&#8211; de R$ 20.000.01 a R$ 39 mil: 19%; e<\/span><\/p>\n<p style=\"text-align: justify;\"><span style=\"font-family: arial, helvetica, sans-serif;\">&#8211; acima de R$ 39.000,01: 22%<\/span><\/p>\n<p style=\"text-align: justify;\"><span style=\"font-family: arial, helvetica, sans-serif;\">Para os trabalhadores vinculados ao INSS, a al\u00edquota ser\u00e1 limitada ao teto de contribui\u00e7\u00e3o ao \u00f3rg\u00e3o. Para os servidores, incide sobre toda a remunera\u00e7\u00e3o. Os valores ser\u00e3o reajustados pelo mesmo \u00edndice das aposentadorias do Regime Geral (atualmente, o INPC).<\/span><\/p>\n<p style=\"text-align: justify;\"><span style=\"font-family: arial, helvetica, sans-serif;\">Em rela\u00e7\u00e3o aos servidores aposentados e pensionistas, a PEC determina que a al\u00edquota seja aplicada sobre o que passar do teto do INSS (R$ 5.839,45), inclusive para o benefici\u00e1rio que seja portador de doen\u00e7a incapacitante.<\/span><\/p>\n<p style=\"text-align: justify;\"><span style=\"font-family: arial, helvetica, sans-serif;\">Atualmente, a al\u00edquota de contribui\u00e7\u00e3o previdenci\u00e1ria j\u00e1 existe para os servidores aposentados. Para os portadores de doen\u00e7a incapacitante, ela \u00e9 aplicada sobre o que passar do dobro desse teto (em torno de R$ 11 mil).<\/span><\/p>\n<p style=\"text-align: justify;\"><span style=\"font-family: arial, helvetica, sans-serif;\">O texto abre possibilidade, entretanto, de essa base de incid\u00eancia ser maior para todos os aposentados e pensionistas do servi\u00e7o p\u00fablico. Se, com base em uma lei complementar que disciplinar normas gerais para os regimes pr\u00f3prios de previd\u00eancia social, for demonstrada a exist\u00eancia de d\u00e9ficit atuarial, a contribui\u00e7\u00e3o poder\u00e1 ser aplicada sobre o que exceder um sal\u00e1rio m\u00ednimo.<\/span><\/p>\n<p style=\"text-align: justify;\"><span style=\"font-family: arial, helvetica, sans-serif;\">Al\u00e9m disso, tamb\u00e9m somente para servidores federais, poder\u00e1 ser institu\u00edda por lei contribui\u00e7\u00e3o extraordin\u00e1ria por at\u00e9 20 anos se o regime pr\u00f3prio demonstrar d\u00e9ficit atuarial.<\/span><\/p>\n<p style=\"text-align: justify;\"><span style=\"font-family: arial, helvetica, sans-serif;\"><strong>Fonte: C\u00c2MARA DOS DEPUTADOS<\/strong><\/span><\/p>\n","protected":false},"excerpt":{"rendered":"<p>A reforma da Previd\u00eancia (PEC 6\/19) muda as al\u00edquotas de [&hellip;]<\/p>\n","protected":false},"author":6,"featured_media":0,"comment_status":"closed","ping_status":"open","sticky":false,"template":"","format":"standard","meta":{"jetpack_post_was_ever_published":false,"_jetpack_newsletter_access":"","_jetpack_dont_email_post_to_subs":false,"_jetpack_newsletter_tier_id":0,"_jetpack_memberships_contains_paywalled_content":false,"footnotes":"","_jetpack_memberships_contains_paid_content":false,"jetpack_publicize_message":"","jetpack_publicize_feature_enabled":true,"jetpack_social_post_already_shared":true,"jetpack_social_options":{"image_generator_settings":{"template":"highway","enabled":false}}},"categories":[2],"tags":[],"jetpack_publicize_connections":[],"jetpack_featured_media_url":"","jetpack_sharing_enabled":true,"jetpack_shortlink":"https:\/\/wp.me\/paFpWR-13c","_links":{"self":[{"href":"https:\/\/bonettiassociados.com.br\/index.php\/wp-json\/wp\/v2\/posts\/4042"}],"collection":[{"href":"https:\/\/bonettiassociados.com.br\/index.php\/wp-json\/wp\/v2\/posts"}],"about":[{"href":"https:\/\/bonettiassociados.com.br\/index.php\/wp-json\/wp\/v2\/types\/post"}],"author":[{"embeddable":true,"href":"https:\/\/bonettiassociados.com.br\/index.php\/wp-json\/wp\/v2\/users\/6"}],"replies":[{"embeddable":true,"href":"https:\/\/bonettiassociados.com.br\/index.php\/wp-json\/wp\/v2\/comments?post=4042"}],"version-history":[{"count":1,"href":"https:\/\/bonettiassociados.com.br\/index.php\/wp-json\/wp\/v2\/posts\/4042\/revisions"}],"predecessor-version":[{"id":4043,"href":"https:\/\/bonettiassociados.com.br\/index.php\/wp-json\/wp\/v2\/posts\/4042\/revisions\/4043"}],"wp:attachment":[{"href":"https:\/\/bonettiassociados.com.br\/index.php\/wp-json\/wp\/v2\/media?parent=4042"}],"wp:term":[{"taxonomy":"category","embeddable":true,"href":"https:\/\/bonettiassociados.com.br\/index.php\/wp-json\/wp\/v2\/categories?post=4042"},{"taxonomy":"post_tag","embeddable":true,"href":"https:\/\/bonettiassociados.com.br\/index.php\/wp-json\/wp\/v2\/tags?post=4042"}],"curies":[{"name":"wp","href":"https:\/\/api.w.org\/{rel}","templated":true}]}}