{"id":4038,"date":"2019-08-21T10:31:58","date_gmt":"2019-08-21T13:31:58","guid":{"rendered":"http:\/\/bonettiassociados.com.br\/?p=4038"},"modified":"2019-08-21T10:31:58","modified_gmt":"2019-08-21T13:31:58","slug":"receita-intima-contribuintes-que-aderiram-a-repatriacao","status":"publish","type":"post","link":"https:\/\/bonettiassociados.com.br\/index.php\/2019\/08\/21\/receita-intima-contribuintes-que-aderiram-a-repatriacao\/","title":{"rendered":"RECEITA INTIMA CONTRIBUINTES QUE ADERIRAM \u00c0 REPATRIA\u00c7\u00c3O"},"content":{"rendered":"<p style=\"text-align: justify;\"><span style=\"font-family: arial, helvetica, sans-serif;\">Contribuintes que aderiram ao Regime Especial de Regulariza\u00e7\u00e3o Cambial e Tribut\u00e1ria (RERCT) &#8211; o programa de repatria\u00e7\u00e3o &#8211; e declararam baixos valores de ativos que mantinham no exterior t\u00eam sido notificados pela Receita Federal. O \u00f3rg\u00e3o suspeita que esses bens foram subavaliados para reduzir o pagamento de Imposto de Renda.<\/span><!--more--><\/p>\n<p style=\"text-align: justify;\"><span style=\"font-family: arial, helvetica, sans-serif;\">Todos os casos aos quais o Valor teve acesso envolvem pessoas f\u00edsicas donas de offshores no exterior que recolheram menos de R$ 50 mil. O programa de repatria\u00e7\u00e3o teve in\u00edcio em 2016 e exigia o pagamento de 15% de imposto e 15% de multa sobre os valores que estavam sendo declarados.<\/span><\/p>\n<p style=\"text-align: justify;\"><span style=\"font-family: arial, helvetica, sans-serif;\">Uma fonte da Receita Federal informa que est\u00e1 sendo feita uma verifica\u00e7\u00e3o nos casos em que h\u00e1 ind\u00edcios de que contribuintes estariam se beneficiando da anistia para se livrar de crimes como evas\u00e3o, sonega\u00e7\u00e3o e lavagem de dinheiro, mas pagando menos impostos do que deveriam. O Fisco tem identificado, segundo essa fonte, que h\u00e1 declara\u00e7\u00f5es de ativos em valor abaixo do que seria o padr\u00e3o.<\/span><\/p>\n<p style=\"text-align: justify;\"><span style=\"font-family: arial, helvetica, sans-serif;\">&#8220;\u00c9 como se a pessoa declarasse a venda de um apartamento na Vieira Souto [avenida nobre do Rio de Janeiro] por R$ 100 mil, saindo totalmente da m\u00e9dia para n\u00e3o pagar o ganho de capital&#8221;, diz a fonte. &#8220;\u00c9 uma subavalia\u00e7\u00e3o de ativos para pagar menos impostos ao mesmo tempo em que se beneficia da anistia penal.&#8221;<\/span><\/p>\n<p style=\"text-align: justify;\"><span style=\"font-family: arial, helvetica, sans-serif;\">O interlocutor contextualiza que os ativos podem ser bens im\u00f3veis, mas tamb\u00e9m contas banc\u00e1rias utilizadas ao longo do tempo. Ele diz que como a opera\u00e7\u00e3o de identifica\u00e7\u00e3o e notifica\u00e7\u00e3o dos contribuintes ainda est\u00e1 em andamento, n\u00e3o h\u00e1 um n\u00famero j\u00e1 fechado de intima\u00e7\u00f5es enviadas.<\/span><\/p>\n<p style=\"text-align: justify;\"><span style=\"font-family: arial, helvetica, sans-serif;\">A Receita, nesses casos, pede para que seja informado o valor l\u00edquido de cada empresa mantida no exterior at\u00e9 o dia 31 de dezembro de 2014 &#8211; a data de corte estabelecida para as ades\u00f5es ao programa -, al\u00e9m do balan\u00e7o patrimonial e a demonstra\u00e7\u00e3o dos resultados.<\/span><\/p>\n<p style=\"text-align: justify;\"><span style=\"font-family: arial, helvetica, sans-serif;\">Diz ainda ser necess\u00e1ria a apresenta\u00e7\u00e3o de uma descri\u00e7\u00e3o, &#8220;a mais sucinta e objetiva poss\u00edvel&#8221;, da &#8220;atividade industrial\/comercial realizada e declarada como origem dos ativos informados na Dercat&#8221; &#8211; a declara\u00e7\u00e3o de regulariza\u00e7\u00e3o do patrim\u00f4nio mantido de forma irregular fora do pa\u00eds. Nas intima\u00e7\u00f5es consta que tem de ser juntada &#8220;a documenta\u00e7\u00e3o comprobat\u00f3ria&#8221; de todas as informa\u00e7\u00f5es.<\/span><\/p>\n<p style=\"text-align: justify;\"><span style=\"font-family: arial, helvetica, sans-serif;\">No in\u00edcio do ano, o Fisco informou que dedicaria tratamento especial ao assunto. H\u00e1 men\u00e7\u00e3o espec\u00edfica aos contribuintes que &#8220;consignaram valores m\u00f3dicos para efeitos de regulariza\u00e7\u00e3o&#8221; no Plano de Fiscaliza\u00e7\u00e3o Anual do \u00f3rg\u00e3o. Advogados acreditam que dentro desse universo esteja quem fez a declara\u00e7\u00e3o com base na &#8220;foto&#8221;, ou seja, o saldo existente na conta no dia 31 de dezembro de 2014.<\/span><\/p>\n<p style=\"text-align: justify;\"><span style=\"font-family: arial, helvetica, sans-serif;\">Essa foi uma das quest\u00f5es mais pol\u00eamicas na \u00e9poca das ades\u00f5es. O Fisco firmou entendimento de que a lei do RERCT (n\u00ba 13.254, de 2016) n\u00e3o tratava s\u00f3 da &#8220;foto&#8221;, mas do &#8220;filme&#8221;. O que significa que o contribuinte deveria declarar toda a movimenta\u00e7\u00e3o dos \u00faltimos cinco anos.<\/span><\/p>\n<p style=\"text-align: justify;\"><span style=\"font-family: arial, helvetica, sans-serif;\">H\u00e1 preocupa\u00e7\u00e3o em rela\u00e7\u00e3o a esses casos especificamente, afirmam advogados, porque a Receita pode entender que houve sonega\u00e7\u00e3o nas situa\u00e7\u00f5es em que o contribuinte usou como base a &#8220;foto&#8221; &#8211; pois n\u00e3o ter\u00e1, nessa hip\u00f3tese, feito a declara\u00e7\u00e3o na sua integralidade. Existe margem, no entanto, para discutir judicialmente a quest\u00e3o, segundo eles, porque a lei que instituiu o programa n\u00e3o trata disso.<\/span><\/p>\n<p style=\"text-align: justify;\"><span style=\"font-family: arial, helvetica, sans-serif;\">Outra fonte da Receita afirma, por\u00e9m, que n\u00e3o &#8220;h\u00e1 uma varredura a quem entregou a Decart&#8221;. Confirma, no entanto, que al\u00e9m dos casos de baixos valores, est\u00e3o sendo analisadas situa\u00e7\u00f5es n\u00e3o autorizadas em lei: a ades\u00e3o de ocupantes de cargo p\u00fablico ao programa e ind\u00edcios de origem il\u00edcita de recursos.<\/span><\/p>\n<p style=\"text-align: justify;\"><span style=\"font-family: arial, helvetica, sans-serif;\">A origem dos recursos tem gerado muitas contesta\u00e7\u00f5es no meio jur\u00eddico. Advogados entendem que a Receita n\u00e3o pode exigir que o contribuinte comprove a licitude do dinheiro. A Lei 13.254 n\u00e3o faz essa determina\u00e7\u00e3o.<\/span><\/p>\n<p style=\"text-align: justify;\"><span style=\"font-family: arial, helvetica, sans-serif;\">Al\u00e9m disso, sustentam, no &#8220;perguntas e respostas&#8221; elaborado pelo pr\u00f3prio \u00f3rg\u00e3o na \u00e9poca das ades\u00f5es constava expressamente que o \u00f4nus da prova para demonstrar que as informa\u00e7\u00f5es eram falsas seria do Fisco. A Receita alterou esse trecho do texto em dezembro.<\/span><\/p>\n<p style=\"text-align: justify;\"><span style=\"font-family: arial, helvetica, sans-serif;\">Foram acrescentadas a ele tr\u00eas notas complementares. Na primeira, a Receita afirma que a desobriga\u00e7\u00e3o de comprovar a origem, por meio de documentos, valia apenas para o momento da ades\u00e3o. Na segunda, estabelece que o ingresso e a perman\u00eancia no regime poder\u00e1 ser objeto de fiscaliza\u00e7\u00e3o e, na terceira, informa que conceder\u00e1 &#8220;prazo razo\u00e1vel&#8221; para que o contribuinte apresente os documentos depois que for intimado.<\/span><\/p>\n<p style=\"text-align: justify;\"><span style=\"font-family: arial, helvetica, sans-serif;\">A mudan\u00e7a foi vista como uma &#8220;deslealdade do governo&#8221; entre tributaristas. Principalmente porque a altera\u00e7\u00e3o no perguntas e respostas ocorreu mais de dois anos ap\u00f3s os contribuintes terem optado pelo programa.<\/span><\/p>\n<p style=\"text-align: justify;\"><span style=\"font-family: arial, helvetica, sans-serif;\">&#8220;\u00c9 importante lembrar que na primeira vers\u00e3o do PL [Projeto de Lei que deu origem ao RERCT] havia a previs\u00e3o de comprova\u00e7\u00e3o e o Congresso suprimiu isso. A lei, ent\u00e3o, n\u00e3o s\u00f3 n\u00e3o previu, como afastou expressamente essa necessidade&#8221;, diz o advogado Luiz Gustavo Bichara, s\u00f3cio do Bichara Advogados.<\/span><\/p>\n<p style=\"text-align: justify;\"><span style=\"font-family: arial, helvetica, sans-serif;\">As primeiras intima\u00e7\u00f5es a contribuintes considerados suspeitos ocorreram no in\u00edcio do ano. Entre os j\u00e1 notificados est\u00e3o, por exemplo, pessoas que tiveram seus nomes divulgados pela Panam\u00e1 Paper &#8211; apura\u00e7\u00e3o do Cons\u00f3rcio Internacional de Jornalistas de Investiga\u00e7\u00e3o (ICIJ) sobre offshores constitu\u00eddas em para\u00edsos fiscais com a ajuda do escrit\u00f3rio panamenho Mossack Fonseca.<\/span><\/p>\n<p style=\"text-align: justify;\"><span style=\"font-family: arial, helvetica, sans-serif;\">Jornalistas de 76 pa\u00edses publicaram, em 2016, reportagens a partir de 11 milh\u00f5es de documentos vazados dessa firma e divulgaram os nomes de propriet\u00e1rios das offshores &#8211; empres\u00e1rios e pol\u00edticos em sua maioria. Ter o nome na lista, por\u00e9m, n\u00e3o significa que a pessoa tenha feito algo ilegal, j\u00e1 que offshores n\u00e3o s\u00e3o proibidas.<\/span><\/p>\n<p style=\"text-align: justify;\"><span style=\"font-family: arial, helvetica, sans-serif;\">Especialista em gest\u00e3o patrimonial, Alessandro Fonseca, s\u00f3cio do Mattos Filho, entende que a Receita n\u00e3o pode fazer exigir a comprova\u00e7\u00e3o de origem dos recursos. Acrescenta, por outro lado, que n\u00e3o haveria nenhuma irregularidade na fiscaliza\u00e7\u00e3o da base de c\u00e1lculo usada no programa. &#8220;A declara\u00e7\u00e3o tem cinco anos para ser homologada e a Receita pode confirmar se os valores declarados s\u00e3o aqueles mesmos.&#8221;<\/span><\/p>\n<p style=\"text-align: justify;\"><span style=\"font-family: arial, helvetica, sans-serif;\">J\u00e1 a advogada Ana Carolina Monguilod, do PGLaw, diz que as notifica\u00e7\u00f5es s\u00e3o ainda muito pontuais. &#8220;Os planos de fiscaliza\u00e7\u00e3o indicam que estariam potencialmente sujeitos \u00e0 fiscaliza\u00e7\u00e3o, em 2018, 45 casos e, em 2019, 50 casos, sendo que as duas edi\u00e7\u00f5es do programa de regulariza\u00e7\u00e3o contaram com cerca de 27 mil participantes&#8221;, frisa.<\/span><\/p>\n<p style=\"text-align: justify;\"><span style=\"font-family: arial, helvetica, sans-serif;\">A primeira fase do programa, em 2016, teve a ades\u00e3o de 25 mil pessoas f\u00edsicas e cem empresas. A arrecada\u00e7\u00e3o, para a Uni\u00e3o foi de R$ 46,8 bilh\u00f5es. J\u00e1 a segunda fase, em 2017, teve a ades\u00e3o de 1.915 pessoas f\u00edsicas e 20 empresas, e a arrecada\u00e7\u00e3o foi de R$ 1,61 bilh\u00e3o.<\/span><\/p>\n<p style=\"text-align: justify;\"><span style=\"font-family: arial, helvetica, sans-serif;\"><strong>Fonte: VALOR ECONOMICO &#8211;\u00a0 Joice Bacelo e Fabio Graner<\/strong><\/span><\/p>\n","protected":false},"excerpt":{"rendered":"<p>Contribuintes que aderiram ao Regime Especial de Regulariza\u00e7\u00e3o Cambial e [&hellip;]<\/p>\n","protected":false},"author":6,"featured_media":0,"comment_status":"closed","ping_status":"open","sticky":false,"template":"","format":"standard","meta":{"jetpack_post_was_ever_published":false,"_jetpack_newsletter_access":"","_jetpack_dont_email_post_to_subs":false,"_jetpack_newsletter_tier_id":0,"_jetpack_memberships_contains_paywalled_content":false,"footnotes":"","_jetpack_memberships_contains_paid_content":false,"jetpack_publicize_message":"","jetpack_publicize_feature_enabled":true,"jetpack_social_post_already_shared":true,"jetpack_social_options":{"image_generator_settings":{"template":"highway","enabled":false}}},"categories":[2],"tags":[],"jetpack_publicize_connections":[],"jetpack_featured_media_url":"","jetpack_sharing_enabled":true,"jetpack_shortlink":"https:\/\/wp.me\/paFpWR-138","_links":{"self":[{"href":"https:\/\/bonettiassociados.com.br\/index.php\/wp-json\/wp\/v2\/posts\/4038"}],"collection":[{"href":"https:\/\/bonettiassociados.com.br\/index.php\/wp-json\/wp\/v2\/posts"}],"about":[{"href":"https:\/\/bonettiassociados.com.br\/index.php\/wp-json\/wp\/v2\/types\/post"}],"author":[{"embeddable":true,"href":"https:\/\/bonettiassociados.com.br\/index.php\/wp-json\/wp\/v2\/users\/6"}],"replies":[{"embeddable":true,"href":"https:\/\/bonettiassociados.com.br\/index.php\/wp-json\/wp\/v2\/comments?post=4038"}],"version-history":[{"count":1,"href":"https:\/\/bonettiassociados.com.br\/index.php\/wp-json\/wp\/v2\/posts\/4038\/revisions"}],"predecessor-version":[{"id":4039,"href":"https:\/\/bonettiassociados.com.br\/index.php\/wp-json\/wp\/v2\/posts\/4038\/revisions\/4039"}],"wp:attachment":[{"href":"https:\/\/bonettiassociados.com.br\/index.php\/wp-json\/wp\/v2\/media?parent=4038"}],"wp:term":[{"taxonomy":"category","embeddable":true,"href":"https:\/\/bonettiassociados.com.br\/index.php\/wp-json\/wp\/v2\/categories?post=4038"},{"taxonomy":"post_tag","embeddable":true,"href":"https:\/\/bonettiassociados.com.br\/index.php\/wp-json\/wp\/v2\/tags?post=4038"}],"curies":[{"name":"wp","href":"https:\/\/api.w.org\/{rel}","templated":true}]}}