{"id":4031,"date":"2019-08-20T10:42:25","date_gmt":"2019-08-20T13:42:25","guid":{"rendered":"http:\/\/bonettiassociados.com.br\/?p=4031"},"modified":"2019-08-20T10:42:25","modified_gmt":"2019-08-20T13:42:25","slug":"receita-pode-parar-de-emitir-cpf-processamento-de-ir-e-certidoes-negativas","status":"publish","type":"post","link":"https:\/\/bonettiassociados.com.br\/index.php\/2019\/08\/20\/receita-pode-parar-de-emitir-cpf-processamento-de-ir-e-certidoes-negativas\/","title":{"rendered":"RECEITA PODE PARAR DE EMITIR CPF, PROCESSAMENTO DE IR E CERTID\u00d5ES NEGATIVAS"},"content":{"rendered":"<p style=\"text-align: justify;\"><span style=\"font-family: arial, helvetica, sans-serif;\">Corte de gastos afeta Receita que precisa de pelo menos R$ 300 milh\u00f5es para manter os sistemas funcionando at\u00e9 o fim do ano.<\/span><!--more--><\/p>\n<p style=\"text-align: justify;\"><span style=\"font-family: arial, helvetica, sans-serif;\">Circula um aviso interno entre os funcion\u00e1rios da Receita Federal informando que se n\u00e3o forem liberadas mais verbas no or\u00e7amento, os sistemas respons\u00e1veis por emiss\u00e3o de CPF e processamento de restitui\u00e7\u00f5es de Imposto de renda ser\u00e3o desligados.<\/span><\/p>\n<p style=\"text-align: justify;\"><span style=\"font-family: arial, helvetica, sans-serif;\">Arrecada\u00e7\u00e3o de tributos, emiss\u00f5es de certid\u00f5es negativas, controle aduaneiro e opera\u00e7\u00f5es de com\u00e9rcio exterior tamb\u00e9m ser\u00e3o afetados, assim como o envio de cartas de cobran\u00e7a aos devedores do fisco e a disponibiliza\u00e7\u00e3o de recursos aos Fundos de participa\u00e7\u00e3o de Estados e munic\u00edpios.<\/span><\/p>\n<p style=\"text-align: justify;\"><span style=\"font-family: arial, helvetica, sans-serif;\">Al\u00e9m disso, o Fisco ter\u00e1 que suspender o envio de cartas de cobran\u00e7a aos devedores e paralisar as opera\u00e7\u00f5es de com\u00e9rcio exterior. A disponibiliza\u00e7\u00e3o de recursos para Fundos de Participa\u00e7\u00e3o de Estados e Munic\u00edpios tamb\u00e9m est\u00e1 comprometida.<\/span><\/p>\n<p style=\"text-align: justify;\"><span style=\"font-family: arial, helvetica, sans-serif;\">Falta de recursos<\/span><\/p>\n<p style=\"text-align: justify;\"><span style=\"font-family: arial, helvetica, sans-serif;\">A falta de recursos \u00e9 devida aos cortes no or\u00e7amento que v\u00eam sendo feitos desde o in\u00edcio do ano.\u00a0 A Receita precisa de pelo menos R$ 300 milh\u00f5es para manter os sistemas funcionando at\u00e9 o fim do ano. O \u00f3rg\u00e3o teve contingenciado 30% de seu or\u00e7amento de 2019, de cerca de R$ 3 bilh\u00f5es.<\/span><\/p>\n<p style=\"text-align: justify;\"><span style=\"font-family: arial, helvetica, sans-serif;\">A Junta Or\u00e7ament\u00e1ria pediu um plano de conting\u00eancia para os minist\u00e9rios porque a maioria come\u00e7ar\u00e1 a apresentar problemas a partir de setembro ou outubro em decorr\u00eancia da falta de recursos.<\/span><\/p>\n<p style=\"text-align: justify;\"><span style=\"font-family: arial, helvetica, sans-serif;\">Caso n\u00e3o sejam liberadas mais verbas, a Receita Federal ter\u00e1 de desligar todos os seus sistemas informatizados a partir do dia 25 de agosto.<\/span><\/p>\n<p style=\"text-align: justify;\"><span style=\"font-family: arial, helvetica, sans-serif;\">Contingenciamento<\/span><\/p>\n<p style=\"text-align: justify;\"><span style=\"font-family: arial, helvetica, sans-serif;\">O Banco Central, que tamb\u00e9m j\u00e1 vem tendo suas rotinas afetadas por cortes de custos, sofrer\u00e1 em 2020 mais um corte de R$ 20 milh\u00f5es em suas despesas discricion\u00e1rias. O recado foi dado em reuni\u00f5es internas e comunicado aos funcion\u00e1rios.<\/span><\/p>\n<p style=\"text-align: justify;\"><span style=\"font-family: arial, helvetica, sans-serif;\">Em 2019, o contingenciamento j\u00e1 vem sendo feito. A Lei Or\u00e7ament\u00e1ria Anual previa para o BC um or\u00e7amento de R$ 289,7 milh\u00f5es em despesas discricion\u00e1rias, valor que foi reduzido para R$ 209,6 milh\u00f5es, e o BC vinha pedindo a recomposi\u00e7\u00e3o de parte dos recursos. A situa\u00e7\u00e3o ficar\u00e1 ainda pior com a ida do Conselho de Controle de Atividades Financeiras para a autoridade or\u00e7ament\u00e1ria, o que, segundo fontes, demandar\u00e1 mais recursos.<\/span><\/p>\n<p style=\"text-align: justify;\"><span style=\"font-family: arial, helvetica, sans-serif;\">Limites or\u00e7ament\u00e1rios<\/span><\/p>\n<p style=\"text-align: justify;\"><span style=\"font-family: arial, helvetica, sans-serif;\">Os servidores da autarquia foram comunicados dos cortes de gastos atrav\u00e9s de um e-mail em nome da diretora de Administra\u00e7\u00e3o. Eles ser\u00e3o necess\u00e1rios para adequar os limites or\u00e7ament\u00e1rios.<\/span><\/p>\n<p style=\"text-align: justify;\"><span style=\"font-family: arial, helvetica, sans-serif;\">No mesmo e-mail, a diretora lembra que contratos de secretariado, transporte, energia el\u00e9trica, \u00e1gua, manuten\u00e7\u00e3o predial, seguran\u00e7a, apoio e limpeza j\u00e1 tinham sido ajustados em fun\u00e7\u00e3o dos dois contingenciamentos deste ano, em abril e maio.<\/span><\/p>\n<p style=\"text-align: justify;\"><span style=\"font-family: arial, helvetica, sans-serif;\">O resultado foi a demiss\u00e3o de 200 terceirizados em Bras\u00edlia e nas regionais do BC e a paralisa\u00e7\u00e3o de 34 projetos corporativos. Na \u00e1rea de comunica\u00e7\u00e3o, foi suspensa a produ\u00e7\u00e3o de impressos e o servi\u00e7o de transmiss\u00e3o de v\u00eddeo pela internet foi restringido somente \u00e0 divulga\u00e7\u00e3o de relat\u00f3rios de infla\u00e7\u00e3o e de estabilidade banc\u00e1ria, relacionados \u00e0 comunica\u00e7\u00e3o da autoridade monet\u00e1ria.<\/span><\/p>\n<p style=\"text-align: justify;\"><span style=\"font-family: arial, helvetica, sans-serif;\">O esfor\u00e7o levou a um corte de aproximadamente 10% das despesas do BC, em torno de R$ 28 milh\u00f5es, economia insuficiente para atender o contingenciamento.<\/span><\/p>\n<p style=\"text-align: justify;\"><span style=\"font-family: arial, helvetica, sans-serif;\">\u201cHaver\u00e1 ainda demiss\u00f5es dos prestadores de servi\u00e7os de comunica\u00e7\u00e3o e est\u00e3o tamb\u00e9m previstos cortes em contratos de est\u00e1gio a partir de outubro, caso n\u00e3o haja nova recomposi\u00e7\u00e3o or\u00e7ament\u00e1ria at\u00e9 setembro\u201d, esclareceu a diretora por meio do e-mail corporativo da autoridade monet\u00e1ria.<\/span><\/p>\n<p style=\"text-align: justify;\"><span style=\"font-family: arial, helvetica, sans-serif;\"><strong>FONTE: Informa\u00e7\u00f5es do Estad\u00e3o<\/strong><\/span><\/p>\n","protected":false},"excerpt":{"rendered":"<p>Corte de gastos afeta Receita que precisa de pelo menos [&hellip;]<\/p>\n","protected":false},"author":6,"featured_media":0,"comment_status":"closed","ping_status":"open","sticky":false,"template":"","format":"standard","meta":{"jetpack_post_was_ever_published":false,"_jetpack_newsletter_access":"","_jetpack_dont_email_post_to_subs":false,"_jetpack_newsletter_tier_id":0,"_jetpack_memberships_contains_paywalled_content":false,"footnotes":"","_jetpack_memberships_contains_paid_content":false,"jetpack_publicize_message":"","jetpack_publicize_feature_enabled":true,"jetpack_social_post_already_shared":true,"jetpack_social_options":{"image_generator_settings":{"template":"highway","enabled":false}}},"categories":[2],"tags":[],"jetpack_publicize_connections":[],"jetpack_featured_media_url":"","jetpack_sharing_enabled":true,"jetpack_shortlink":"https:\/\/wp.me\/paFpWR-131","_links":{"self":[{"href":"https:\/\/bonettiassociados.com.br\/index.php\/wp-json\/wp\/v2\/posts\/4031"}],"collection":[{"href":"https:\/\/bonettiassociados.com.br\/index.php\/wp-json\/wp\/v2\/posts"}],"about":[{"href":"https:\/\/bonettiassociados.com.br\/index.php\/wp-json\/wp\/v2\/types\/post"}],"author":[{"embeddable":true,"href":"https:\/\/bonettiassociados.com.br\/index.php\/wp-json\/wp\/v2\/users\/6"}],"replies":[{"embeddable":true,"href":"https:\/\/bonettiassociados.com.br\/index.php\/wp-json\/wp\/v2\/comments?post=4031"}],"version-history":[{"count":1,"href":"https:\/\/bonettiassociados.com.br\/index.php\/wp-json\/wp\/v2\/posts\/4031\/revisions"}],"predecessor-version":[{"id":4032,"href":"https:\/\/bonettiassociados.com.br\/index.php\/wp-json\/wp\/v2\/posts\/4031\/revisions\/4032"}],"wp:attachment":[{"href":"https:\/\/bonettiassociados.com.br\/index.php\/wp-json\/wp\/v2\/media?parent=4031"}],"wp:term":[{"taxonomy":"category","embeddable":true,"href":"https:\/\/bonettiassociados.com.br\/index.php\/wp-json\/wp\/v2\/categories?post=4031"},{"taxonomy":"post_tag","embeddable":true,"href":"https:\/\/bonettiassociados.com.br\/index.php\/wp-json\/wp\/v2\/tags?post=4031"}],"curies":[{"name":"wp","href":"https:\/\/api.w.org\/{rel}","templated":true}]}}