{"id":4029,"date":"2019-08-20T10:41:14","date_gmt":"2019-08-20T13:41:14","guid":{"rendered":"http:\/\/bonettiassociados.com.br\/?p=4029"},"modified":"2019-08-20T10:41:14","modified_gmt":"2019-08-20T13:41:14","slug":"inatividade-presumida-gera-suspensao-de-65-mil-inscricoes-estaduais-de-contribuintes-em-sp","status":"publish","type":"post","link":"https:\/\/bonettiassociados.com.br\/index.php\/2019\/08\/20\/inatividade-presumida-gera-suspensao-de-65-mil-inscricoes-estaduais-de-contribuintes-em-sp\/","title":{"rendered":"INATIVIDADE PRESUMIDA GERA SUSPENS\u00c3O DE 6,5 MIL INSCRI\u00c7\u00d5ES ESTADUAIS DE CONTRIBUINTES EM SP"},"content":{"rendered":"<p style=\"text-align: justify;\"><span style=\"font-family: arial, helvetica, sans-serif;\">SEFAZ-SP suspende Inscri\u00e7\u00e3o Estadual de mais de 6,5 mil contribuintes por inatividade presumida. A suspens\u00e3o ocorreu pela omiss\u00e3o consecutiva na (GIA) relativas aos meses de dezembro de 2018, janeiro e fevereiro de 2019.<\/span><!--more--><\/p>\n<p style=\"text-align: justify;\"><span style=\"font-family: arial, helvetica, sans-serif;\">A Secretaria da Fazenda e Planejamento suspendeu a inscri\u00e7\u00e3o estadual de 6.514 contribuintes do Imposto sobre a Circula\u00e7\u00e3o de Mercadorias e Servi\u00e7os (ICMS) por inatividade presumida. As notifica\u00e7\u00f5es foram publicadas no Di\u00e1rio Oficial do Estado de10\/8. A suspens\u00e3o ocorreu pela omiss\u00e3o consecutiva na entrega de Guias de Informa\u00e7\u00e3o e Apura\u00e7\u00e3o do ICMS (GIA) relativas aos meses de dezembro de 2018, janeiro e fevereiro de 2019.<\/span><\/p>\n<p style=\"text-align: justify;\"><span style=\"font-family: arial, helvetica, sans-serif;\">O contribuinte que desejar restabelecer a efic\u00e1cia da inscri\u00e7\u00e3o tem prazo de 60 dias, contado a partir da data de publica\u00e7\u00e3o em Di\u00e1rio Oficial, para apresentar no Posto Fiscal Eletr\u00f4nico (PFE) as declara\u00e7\u00f5es omissas, sob pena de cassa\u00e7\u00e3o da efic\u00e1cia de sua inscri\u00e7\u00e3o estadual, conforme prev\u00ea a Portaria CAT 95\/06.<\/span><\/p>\n<p style=\"text-align: justify;\"><span style=\"font-family: arial, helvetica, sans-serif;\">O restabelecimento da efic\u00e1cia da inscri\u00e7\u00e3o ser\u00e1 autom\u00e1tico para o contribuinte que entregar as GIAs, sem a necessidade de comparecimento ao Posto Fiscal de vincula\u00e7\u00e3o do estabelecimento. A rela\u00e7\u00e3o dos contribuintes com a inscri\u00e7\u00e3o estadual suspensa pode ser consultada no portal.fazenda.sp.gov.br\u00a0 acessando o Cat\u00e1logo de Servi\u00e7os &gt; CADESP &gt; Mais Informa\u00e7\u00f5es.<\/span><\/p>\n<p style=\"text-align: justify;\">\n<table width=\"100%\">\n<tbody>\n<tr>\n<td width=\"48%\"><span style=\"font-family: arial, helvetica, sans-serif;\"><strong>Delegacia Regional Tribut\u00e1ria<\/strong>\u00a0<\/span><\/td>\n<td width=\"51%\"><span style=\"font-family: arial, helvetica, sans-serif;\"><strong>Contribuintes com inscri\u00e7\u00e3o suspensa por inatividade presumida<\/strong>\u00a0<\/span><\/td>\n<\/tr>\n<tr>\n<td width=\"48%\"><span style=\"font-family: arial, helvetica, sans-serif;\">DRTC-I (S\u00e3o Paulo)\u00a0<\/span><\/td>\n<td width=\"51%\"><span style=\"font-family: arial, helvetica, sans-serif;\">832<\/span><\/td>\n<\/tr>\n<tr>\n<td width=\"48%\"><span style=\"font-family: arial, helvetica, sans-serif;\">DRTC-II\u00a0(S\u00e3o Paulo)\u00a0<\/span><\/td>\n<td width=\"51%\"><span style=\"font-family: arial, helvetica, sans-serif;\">602<\/span><\/td>\n<\/tr>\n<tr>\n<td width=\"48%\"><span style=\"font-family: arial, helvetica, sans-serif;\">DRTC-III (S\u00e3o Paulo)\u00a0<\/span><\/td>\n<td width=\"51%\"><span style=\"font-family: arial, helvetica, sans-serif;\">945<\/span><\/td>\n<\/tr>\n<tr>\n<td width=\"48%\"><span style=\"font-family: arial, helvetica, sans-serif;\">DRT-2 (Litoral)\u00a0<\/span><\/td>\n<td width=\"51%\"><span style=\"font-family: arial, helvetica, sans-serif;\">292<\/span><\/td>\n<\/tr>\n<tr>\n<td width=\"48%\"><span style=\"font-family: arial, helvetica, sans-serif;\">DRT-3\u00a0(Vale do Para\u00edba)\u00a0<\/span><\/td>\n<td width=\"51%\"><span style=\"font-family: arial, helvetica, sans-serif;\">270<\/span><\/td>\n<\/tr>\n<tr>\n<td width=\"48%\"><span style=\"font-family: arial, helvetica, sans-serif;\">DRT-4\u00a0(Sorocaba)\u00a0<\/span><\/td>\n<td width=\"51%\"><span style=\"font-family: arial, helvetica, sans-serif;\">261<\/span><\/td>\n<\/tr>\n<tr>\n<td width=\"48%\"><span style=\"font-family: arial, helvetica, sans-serif;\">DRT-5\u00a0(Campinas)\u00a0<\/span><\/td>\n<td width=\"51%\"><span style=\"font-family: arial, helvetica, sans-serif;\">552<\/span><\/td>\n<\/tr>\n<tr>\n<td width=\"48%\"><span style=\"font-family: arial, helvetica, sans-serif;\">DRT-6\u00a0(Ribeir\u00e3o Preto)\u00a0<\/span><\/td>\n<td width=\"51%\"><span style=\"font-family: arial, helvetica, sans-serif;\">448<\/span><\/td>\n<\/tr>\n<tr>\n<td width=\"48%\"><span style=\"font-family: arial, helvetica, sans-serif;\">DRT-7\u00a0(Bauru)\u00a0<\/span><\/td>\n<td width=\"51%\"><span style=\"font-family: arial, helvetica, sans-serif;\">161<\/span><\/td>\n<\/tr>\n<tr>\n<td width=\"48%\"><span style=\"font-family: arial, helvetica, sans-serif;\">DRT-8\u00a0(S\u00e3o Jos\u00e9 do Rio Preto)\u00a0<\/span><\/td>\n<td width=\"51%\"><span style=\"font-family: arial, helvetica, sans-serif;\">172<\/span><\/td>\n<\/tr>\n<tr>\n<td width=\"48%\"><span style=\"font-family: arial, helvetica, sans-serif;\">DRT-9\u00a0(Ara\u00e7atuba)\u00a0<\/span><\/td>\n<td width=\"51%\"><span style=\"font-family: arial, helvetica, sans-serif;\">74<\/span><\/td>\n<\/tr>\n<tr>\n<td width=\"48%\"><span style=\"font-family: arial, helvetica, sans-serif;\">DRT-10\u00a0(Presidente Prudente)\u00a0<\/span><\/td>\n<td width=\"51%\"><span style=\"font-family: arial, helvetica, sans-serif;\">77<\/span><\/td>\n<\/tr>\n<tr>\n<td width=\"48%\"><span style=\"font-family: arial, helvetica, sans-serif;\">DRT-11\u00a0(Mar\u00edlia)\u00a0<\/span><\/td>\n<td width=\"51%\"><span style=\"font-family: arial, helvetica, sans-serif;\">129<\/span><\/td>\n<\/tr>\n<tr>\n<td width=\"48%\"><span style=\"font-family: arial, helvetica, sans-serif;\">DRT-12\u00a0(ABCD)\u00a0<\/span><\/td>\n<td width=\"51%\"><span style=\"font-family: arial, helvetica, sans-serif;\">319<\/span><\/td>\n<\/tr>\n<tr>\n<td width=\"48%\"><span style=\"font-family: arial, helvetica, sans-serif;\">DRT-13\u00a0(Guarulhos)\u00a0<\/span><\/td>\n<td width=\"51%\"><span style=\"font-family: arial, helvetica, sans-serif;\">341<\/span><\/td>\n<\/tr>\n<tr>\n<td width=\"48%\"><span style=\"font-family: arial, helvetica, sans-serif;\">DRT-14 (Osasco)\u00a0<\/span><\/td>\n<td width=\"51%\"><span style=\"font-family: arial, helvetica, sans-serif;\">577<\/span><\/td>\n<\/tr>\n<tr>\n<td width=\"48%\"><span style=\"font-family: arial, helvetica, sans-serif;\">DRT-15 (Araraquara)\u00a0<\/span><\/td>\n<td width=\"51%\"><span style=\"font-family: arial, helvetica, sans-serif;\">142<\/span><\/td>\n<\/tr>\n<tr>\n<td width=\"48%\"><span style=\"font-family: arial, helvetica, sans-serif;\">DRT-16\u00a0(Jundia\u00ed)\u00a0<\/span><\/td>\n<td width=\"51%\"><span style=\"font-family: arial, helvetica, sans-serif;\">320<\/span><\/td>\n<\/tr>\n<tr>\n<td width=\"48%\"><span style=\"font-family: arial, helvetica, sans-serif;\"><strong>Total<\/strong>\u00a0<\/span><\/td>\n<td width=\"51%\"><span style=\"font-family: arial, helvetica, sans-serif;\"><strong>6.514<\/strong><\/span><\/td>\n<\/tr>\n<\/tbody>\n<\/table>\n<p style=\"text-align: justify;\">\n<p style=\"text-align: justify;\"><span style=\"font-family: arial, helvetica, sans-serif;\"><strong>FONTE: SEFAZ \/ SP<\/strong><\/span><\/p>\n","protected":false},"excerpt":{"rendered":"<p>SEFAZ-SP suspende Inscri\u00e7\u00e3o Estadual de mais de 6,5 mil contribuintes [&hellip;]<\/p>\n","protected":false},"author":6,"featured_media":0,"comment_status":"closed","ping_status":"open","sticky":false,"template":"","format":"standard","meta":{"jetpack_post_was_ever_published":false,"_jetpack_newsletter_access":"","_jetpack_dont_email_post_to_subs":false,"_jetpack_newsletter_tier_id":0,"_jetpack_memberships_contains_paywalled_content":false,"footnotes":"","_jetpack_memberships_contains_paid_content":false,"jetpack_publicize_message":"","jetpack_publicize_feature_enabled":true,"jetpack_social_post_already_shared":true,"jetpack_social_options":{"image_generator_settings":{"template":"highway","enabled":false}}},"categories":[2],"tags":[],"jetpack_publicize_connections":[],"jetpack_featured_media_url":"","jetpack_sharing_enabled":true,"jetpack_shortlink":"https:\/\/wp.me\/paFpWR-12Z","_links":{"self":[{"href":"https:\/\/bonettiassociados.com.br\/index.php\/wp-json\/wp\/v2\/posts\/4029"}],"collection":[{"href":"https:\/\/bonettiassociados.com.br\/index.php\/wp-json\/wp\/v2\/posts"}],"about":[{"href":"https:\/\/bonettiassociados.com.br\/index.php\/wp-json\/wp\/v2\/types\/post"}],"author":[{"embeddable":true,"href":"https:\/\/bonettiassociados.com.br\/index.php\/wp-json\/wp\/v2\/users\/6"}],"replies":[{"embeddable":true,"href":"https:\/\/bonettiassociados.com.br\/index.php\/wp-json\/wp\/v2\/comments?post=4029"}],"version-history":[{"count":1,"href":"https:\/\/bonettiassociados.com.br\/index.php\/wp-json\/wp\/v2\/posts\/4029\/revisions"}],"predecessor-version":[{"id":4030,"href":"https:\/\/bonettiassociados.com.br\/index.php\/wp-json\/wp\/v2\/posts\/4029\/revisions\/4030"}],"wp:attachment":[{"href":"https:\/\/bonettiassociados.com.br\/index.php\/wp-json\/wp\/v2\/media?parent=4029"}],"wp:term":[{"taxonomy":"category","embeddable":true,"href":"https:\/\/bonettiassociados.com.br\/index.php\/wp-json\/wp\/v2\/categories?post=4029"},{"taxonomy":"post_tag","embeddable":true,"href":"https:\/\/bonettiassociados.com.br\/index.php\/wp-json\/wp\/v2\/tags?post=4029"}],"curies":[{"name":"wp","href":"https:\/\/api.w.org\/{rel}","templated":true}]}}