{"id":4023,"date":"2019-08-20T10:36:33","date_gmt":"2019-08-20T13:36:33","guid":{"rendered":"http:\/\/bonettiassociados.com.br\/?p=4023"},"modified":"2019-08-20T10:36:33","modified_gmt":"2019-08-20T13:36:33","slug":"trabalhista-estabelecidas-as-condicoes-para-a-distribuicao-do-resultado-positivo-nas-contas-vinculadas-do-fgts-referente-ao-exercicio-de-2018","status":"publish","type":"post","link":"https:\/\/bonettiassociados.com.br\/index.php\/2019\/08\/20\/trabalhista-estabelecidas-as-condicoes-para-a-distribuicao-do-resultado-positivo-nas-contas-vinculadas-do-fgts-referente-ao-exercicio-de-2018\/","title":{"rendered":"TRABALHISTA &#8211; ESTABELECIDAS AS CONDI\u00c7\u00d5ES PARA A DISTRIBUI\u00c7\u00c3O DO RESULTADO POSITIVO NAS CONTAS VINCULADAS DO FGTS REFERENTE AO EXERC\u00cdCIO DE 2018"},"content":{"rendered":"<p style=\"text-align: justify;\"><span style=\"font-family: arial, helvetica, sans-serif;\">Resolu\u00e7\u00e3o CC\/FGTS n\u00ba 934\/2019 &#8211; DOU 1 de 20.08.2019.<\/span><!--more--><\/p>\n<p style=\"text-align: justify;\"><span style=\"font-family: arial, helvetica, sans-serif;\">O Conselho Curador do Fundo de Garantia do Tempo de Servi\u00e7o (FGTS) autorizou o Agente Operador do FGTS, ap\u00f3s valida\u00e7\u00e3o pelo citado conselho da presta\u00e7\u00e3o das contas anuais do FGTS, a realizar a distribui\u00e7\u00e3o da totalidade do resultado l\u00edquido do FGTS, com base no \u00edndice a ser aplicado aos saldos existentes nas contas vinculadas em 31 de dezembro do exerc\u00edcio-base do resultado auferido.<\/span><\/p>\n<p style=\"text-align: justify;\"><span style=\"font-family: arial, helvetica, sans-serif;\">Para efeito da distribui\u00e7\u00e3o de parte do resultado do FGTS, dever\u00e3o ser observadas as diretrizes constantes da Lei n\u00ba 13.446\/2017, e as condi\u00e7\u00f5es estabelecidas pelo citado conselho, entre elas:<\/span><\/p>\n<ol style=\"text-align: justify;\" start=\"8\">\n<li><span style=\"font-family: arial, helvetica, sans-serif;\">a) o lucro l\u00edquido ser\u00e1 obtido ap\u00f3s a dedu\u00e7\u00e3o de todas as despesas apuradas no exerc\u00edcio-base, inclusive \u00e0quelas relativas aos descontos concedidos na forma da Lei n\u00ba 8.036\/1990 ;<\/span><\/li>\n<li><span style=\"font-family: arial, helvetica, sans-serif;\">b) ao somat\u00f3rio do saldo existente nas contas vinculadas, em 31 de dezembro do exerc\u00edcio-base, ser\u00e3o deduzidos os valores de saldo consignados em dep\u00f3sitos a discriminar, contas do tipo recursal e contas para fins de embargos e\/ou garantias judiciais;<\/span><\/li>\n<li><span style=\"font-family: arial, helvetica, sans-serif;\">c) a divis\u00e3o da totalidade do resultado l\u00edquido pelo montante de saldo obtido na forma da letra \u201cb\u201d, resultar\u00e1 em \u00edndice com 8 casas decimais, a ser aprovado e divulgado anualmente pelo referido conselho;<\/span><\/li>\n<li><span style=\"font-family: arial, helvetica, sans-serif;\">d) o \u00edndice aprovado, na forma da letra \u201cc\u201d, ser\u00e1 multiplicado, individualmente, pelo respectivo valor do saldo, posicionado em 31 de dezembro do exerc\u00edcio-base, de cada conta vinculada a ser contemplada com a distribui\u00e7\u00e3o;<\/span><\/li>\n<li><span style=\"font-family: arial, helvetica, sans-serif;\">e) eventual res\u00edduo do valor a ser distribu\u00eddo, decorrente da aplica\u00e7\u00e3o do \u00edndice sobre o saldo individual de cada conta vinculada contemplada com a distribui\u00e7\u00e3o, ser\u00e1 incorporado ao patrim\u00f4nio l\u00edquido do FGTS no ano seguinte ao exerc\u00edcio-base;<\/span><\/li>\n<li><span style=\"font-family: arial, helvetica, sans-serif;\">f) os valores creditados nas contas vinculadas a t\u00edtulo de distribui\u00e7\u00e3o de resultado integrar\u00e3o o saldo-base para fins de c\u00e1lculo dos juros e atualiza\u00e7\u00e3o monet\u00e1ria de que trata o \u00a7 2\u00ba do art. 13 da Lei n\u00ba 8.036\/1990 , a partir do dia 10 de agosto do ano do cr\u00e9dito.<\/span><\/li>\n<\/ol>\n<p style=\"text-align: justify;\"><span style=\"font-family: arial, helvetica, sans-serif;\">Os valores creditados nas contas vinculadas a t\u00edtulo de distribui\u00e7\u00e3o de resultados e os respectivos juros e atualiza\u00e7\u00e3o monet\u00e1ria n\u00e3o integram o saldo base para c\u00e1lculo do recolhimento rescis\u00f3rio, nos casos de demiss\u00e3o sem justa causa, culpa rec\u00edproca ou for\u00e7a maior.<\/span><\/p>\n<p style=\"text-align: justify;\"><span style=\"font-family: arial, helvetica, sans-serif;\">O Conselho determinou ainda que o Agente Operador do FGTS distribua, at\u00e9 31.08.2019, o montante de R$ 12.221.116.697,74 do resultado l\u00edquido do FGTS, em 2018, sendo definido o \u00edndice de 0,03088456 a ser utilizado nas contas vinculadas com saldo positivo em 31.12.2018.<\/span><\/p>\n<p style=\"text-align: justify;\"><span style=\"font-family: arial, helvetica, sans-serif;\">(Resolu\u00e7\u00e3o CC\/FGTS n\u00ba 934\/2019 &#8211; DOU 1 de 20.08.2019).<\/span><\/p>\n<p style=\"text-align: justify;\"><span style=\"font-family: arial, helvetica, sans-serif;\"><strong>FONTE: Editorial IOB<\/strong><\/span><\/p>\n","protected":false},"excerpt":{"rendered":"<p>Resolu\u00e7\u00e3o CC\/FGTS n\u00ba 934\/2019 &#8211; DOU 1 de 20.08.2019.<\/p>\n","protected":false},"author":6,"featured_media":0,"comment_status":"closed","ping_status":"open","sticky":false,"template":"","format":"standard","meta":{"jetpack_post_was_ever_published":false,"_jetpack_newsletter_access":"","_jetpack_dont_email_post_to_subs":false,"_jetpack_newsletter_tier_id":0,"_jetpack_memberships_contains_paywalled_content":false,"footnotes":"","_jetpack_memberships_contains_paid_content":false,"jetpack_publicize_message":"","jetpack_publicize_feature_enabled":true,"jetpack_social_post_already_shared":true,"jetpack_social_options":{"image_generator_settings":{"template":"highway","enabled":false}}},"categories":[2],"tags":[],"jetpack_publicize_connections":[],"jetpack_featured_media_url":"","jetpack_sharing_enabled":true,"jetpack_shortlink":"https:\/\/wp.me\/paFpWR-12T","_links":{"self":[{"href":"https:\/\/bonettiassociados.com.br\/index.php\/wp-json\/wp\/v2\/posts\/4023"}],"collection":[{"href":"https:\/\/bonettiassociados.com.br\/index.php\/wp-json\/wp\/v2\/posts"}],"about":[{"href":"https:\/\/bonettiassociados.com.br\/index.php\/wp-json\/wp\/v2\/types\/post"}],"author":[{"embeddable":true,"href":"https:\/\/bonettiassociados.com.br\/index.php\/wp-json\/wp\/v2\/users\/6"}],"replies":[{"embeddable":true,"href":"https:\/\/bonettiassociados.com.br\/index.php\/wp-json\/wp\/v2\/comments?post=4023"}],"version-history":[{"count":1,"href":"https:\/\/bonettiassociados.com.br\/index.php\/wp-json\/wp\/v2\/posts\/4023\/revisions"}],"predecessor-version":[{"id":4024,"href":"https:\/\/bonettiassociados.com.br\/index.php\/wp-json\/wp\/v2\/posts\/4023\/revisions\/4024"}],"wp:attachment":[{"href":"https:\/\/bonettiassociados.com.br\/index.php\/wp-json\/wp\/v2\/media?parent=4023"}],"wp:term":[{"taxonomy":"category","embeddable":true,"href":"https:\/\/bonettiassociados.com.br\/index.php\/wp-json\/wp\/v2\/categories?post=4023"},{"taxonomy":"post_tag","embeddable":true,"href":"https:\/\/bonettiassociados.com.br\/index.php\/wp-json\/wp\/v2\/tags?post=4023"}],"curies":[{"name":"wp","href":"https:\/\/api.w.org\/{rel}","templated":true}]}}